{"id":11385474,"date":"2012-01-15T00:00:00","date_gmt":"2012-01-14T23:00:00","guid":{"rendered":"https:\/\/alertdiver.eu\/uncategorized-cs_cz\/pozor-trachinus-araneus\/"},"modified":"2012-01-15T00:00:00","modified_gmt":"2012-01-14T23:00:00","slug":"pozor-trachinus-araneus","status":"publish","type":"post","link":"https:\/\/alertdiver.eu\/cs_CZ\/clanky\/pozor-trachinus-araneus\/","title":{"rendered":"Pozor, Trachinus Araneus!"},"content":{"rendered":"<p style=\"text-align: justify;\">V Barcelon\u011b 26. z\u00e1\u0159\u00ed 2011<\/p>\n<p style=\"text-align: justify;\">Ahoj, <br \/>jen v\u00e1m chci sd\u011blit a popsat nehodu, kter\u00e1 mne potkala minulou sobotu (17. z\u00e1\u0159\u00ed). \u0160norchloval jsem u pl\u00e1\u017ee Castelldefels (pobl\u00ed\u017e Barcelony), 20 metr\u016f od b\u0159ehu ve vod\u011b hlubok\u00e9 asi 2 metry. Na p\u00eds\u010dit\u00e9m dn\u011b jsem spat\u0159il skupinku t\u0159\u00ed skvrnit\u00fdch ostnatc\u016f (Trachinus Araneus). Skupinka se rozd\u011blila a ka\u017ed\u00fd z nich sm\u011b\u0159oval jinam. Pono\u0159il jsem se do hloubky asi 1,5 metru, abych si jednoho z nich prohl\u00e9dl bl\u00ed\u017ee, a v tom okam\u017eiku ta ryba velmi rychle vysko\u010dila z p\u00edsku a dvakr\u00e1t mne zas\u00e1hla sv\u00fdmi jedovat\u00fdmi ploutvemi (jednou do tv\u00e1\u0159e a jednou do hrudi) &ndash; nebyla to \u017e\u00e1dn\u00e1 n\u00e1hoda, jednalo se o p\u0159\u00edm\u00fd \u00fatok. Nem\u011bl jsem na sob\u011b \u017e\u00e1dn\u00fd oblek ani jinou ochranu, jen masku, \u0161norchl a ploutve. Tak agresivn\u00ed chov\u00e1n\u00ed m\u011b velice p\u0159ekvapilo&#8230; a byl to velmi, velmi bolestiv\u00fd z\u00e1\u017eitek.<\/p>\n<p style=\"text-align: justify;\">Ihned jsem opustil vodu a krv\u00e1cej\u00edc\u00ed jsem sp\u011bchal do m\u00edstn\u00ed nemocnice na odd\u011blen\u00ed emergency. V t\u00e9to barcelonsk\u00e9 nemocnici mne o\u0161et\u0159ili, ale musel jsem tam i v ned\u011bli, nebo\u0165 z\u00e1n\u011bt se zhor\u0161oval. Dostalo se mi intenz\u00edvn\u00edho o\u0161et\u0159en\u00ed a d\u00e1vali mi tam v\u0161echno mo\u017en\u00e9 (morfin, voltaren, atd.), antibiotikum (Amoxycillyn) a tak\u00e9 Enantyum (proti z\u00e1n\u011btu). Te\u010f ji\u017e jsem ji\u017e prakticky bez bolest\u00ed a z velk\u00e9ho z\u00e1n\u011btu v obli\u010deji a na hrudi se pom\u011brn\u011b dob\u0159e zotavuji. Z\u00edtra m\u00e1m nav\u0161t\u00edvit l\u00e9ka\u0159e toxikologa z N\u00e1rodn\u00ed zdravotn\u00ed slu\u017eby v Barcelon\u011b kv\u016fli z\u00e1v\u011bre\u010dn\u00e9mu vy\u0161et\u0159en\u00ed. Zm\u00edn\u011bnou nehodou mi na\u0161t\u011bst\u00ed nevznikly prakticky \u017e\u00e1dn\u00e9 finan\u010dn\u00ed v\u00fddaje.<\/p>\n<p style=\"text-align: justify;\">Tuto nehodu oznamuji do DAN proto, aby se ve\u0159ejnost dozv\u011bd\u011bla, jak nebezpe\u010dn\u00e1 ryba \u017eije ve St\u0159edozemn\u00edm mo\u0159i a jak velk\u00fd pozor by by si m\u011bli d\u00e1vat v\u0161ichni, kdo budou \u0161norchlovat nebo se pot\u00e1p\u011bt bl\u00edzko zm\u00edn\u011bn\u00e9ho ostnatce Trachinus Araneus. Mysl\u00edm si, \u017ee ka\u017ed\u00fd by si m\u011bl uv\u011bdomit mo\u017en\u00e9 riziko i n\u00e1sledky (bolest byla a\u017e nep\u0159edstaviteln\u00e1 a dozv\u011bd\u011bl jsem se, \u017ee n\u00e1sledkem takov\u00e9ho \u00fatoku m\u016f\u017ee b\u00fdt i smrt). Tato zpr\u00e1va je m\u00edn\u011bna i jako informace pro nemocnice, aby byly na podobn\u00e9 p\u0159\u00edpady p\u0159ipraven\u00e9 a v\u011bd\u011bly i o nutn\u00e9m pou\u017eit\u00ed tepla, kter\u00e9 v\u00fdznamn\u011b zm\u00edr\u0148uje bolest (a v odd\u011blen\u00edch rychl\u00e9 pomoci nemus\u00ed b\u00fdt snadno k dispozici).<br \/>&nbsp;<\/p>\n<p style=\"text-align: justify;\">D\u011bkuji.<\/p>\n<p style=\"text-align: justify;\"><strong>Daniel Fuhrmann Verdaguer<\/strong><br \/>Barcelona (\u0160pan\u011blsko)<\/p>\n<p style=\"text-align: justify;\"><strong>Ostnatec: Seznamte se s n\u00edm, abyste se mu mohli vyhnout <\/strong><br \/>(P\u0159evzato z knihy <em>Animali marini pericolosi<\/em> (Nebezpe\u010dn\u00e1 mo\u0159sk\u00e1 fauna) od profesora Ferruccio Chiesa, IRECO, 2002, str. 104-106.)<\/p>\n<p style=\"text-align: justify;\">Ostnatci jsou druh ryb Osteichthyes, kter\u00e9 pat\u0159\u00ed do rodiny Trachinidae. Dosahuj\u00ed d\u00e9lky od 20 do 50 cm a vyskytuj\u00ed se v m\u00edrn\u00fdch a studen\u00fdch vod\u00e1ch St\u0159edozemn\u00edho mo\u0159e, severn\u00edho Atlantiku a Severn\u00edho mo\u0159e. V t\u011bchto oblastech jsou nejjedovat\u011bj\u0161\u00edmi \u017eivo\u010dichy. Nejb\u011b\u017en\u011bj\u0161\u00ed a nejpo\u010detn\u011bj\u0161\u00ed z nich je <strong>skvrnit\u00fd ostnatec (Trachinus araneus)<\/strong>, kter\u00fd se vyskytuje pouze ve St\u0159edozemn\u00edm mo\u0159i.<\/p>\n<p style=\"text-align: justify;\">Ostnatci b\u00fdvaj\u00ed zahrab\u00e1ni do ploch\u00e9ho p\u00eds\u010dit\u00e9ho mo\u0159sk\u00e9ho dna, z kter\u00e9ho jim vy\u010dn\u00edv\u00e1 pouze hlava neust\u00e1le sl\u00edd\u00edc\u00ed po ko\u0159isti. \u010casto jsou velmi agresivn\u00ed, \u010d\u00edm si vyslou\u017eili starou saskou p\u0159ezd\u00edvku &ldquo;mo\u0159sk\u00e1 zmije&rdquo;. Daj\u00ed se z nich p\u0159ipravit velmi chutn\u00e9 pokrmy, ale mus\u00ed se zpracov\u00e1vat velice opatrn\u011b, nebo\u0165 maj\u00ed 5 a\u017e 7 jedovat\u00fdch h\u0159betn\u00edch ploutv\u00ed a tak\u00e9 jedovatou ploutev sk\u0159elovou nach\u00e1zej\u00edc\u00ed se na obou stran\u00e1ch t\u011bsn\u011b u \u017e\u00e1ber. Sv\u00e9 erektiln\u00ed h\u0159betn\u00ed ploutve pou\u017e\u00edvaj\u00ed jako velice \u00fa\u010dinnou obranu proti jin\u00fdm drav\u00fdm \u017eivo\u010dich\u016fm, ale tak\u00e9 proti na\u0161l\u00e1pnut\u00ed lidskou nohou.<\/p>\n<p style=\"text-align: justify;\">Ostnatci pou\u017e\u00edvaj\u00ed sv\u00e9 jedovat\u00e9 \u00fastroj\u00ed k \u00fatok\u016fm na ko\u0159ist nebo proti ryb\u00e1m, kter\u00e9 vstoupily do jejich \u00fazem\u00ed. Mnoho pot\u00e1p\u011b\u010d\u016f hl\u00e1silo p\u0159\u00edpady sv\u00e9ho napaden\u00ed a bodnut\u00ed jen proto, \u017ee se p\u0159\u00edli\u0161 p\u0159ibl\u00ed\u017eili k jejich \u00fakryt\u016fm. \u00da\u010dinky jedu ostnatc\u016f jsou hemolytick\u00e9 a neurotoxick\u00e9. Zdaleka nejv\u00fdznamn\u011bj\u0161\u00edm po\u010d\u00e1te\u010dn\u00edm klinick\u00fdm p\u0159\u00edznakem je bolest: okam\u017eit\u00e1 p\u00e1liv\u00e1 bolest rychle se \u0161\u00ed\u0159\u00edc\u00ed od m\u00edsta bodnut\u00ed (zpravidla na doln\u00ed kon\u010detin\u011b) sm\u011brem k m\u00edstu p\u0159ipojen\u00ed kon\u010detiny k t\u011blu.<\/p>\n<p style=\"text-align: justify;\">Bolest vrchol\u00ed po 20 &#8211; 30 minut\u00e1ch a v n\u011bkter\u00fdch p\u0159\u00edpadech m\u016f\u017ee trvat i d\u00e9le ne\u017e 24 hodin (v\u00fdjime\u010dn\u011b n\u011bkolik dn\u00ed), teprve potom ustupuje. \u00davodn\u00ed intenzita bolesti a jej\u00ed okam\u017eit\u00fd n\u00e1stup m\u016f\u017ee zap\u0159\u00ed\u010dinit blouzn\u011bn\u00ed a dokonce mdlobu, co\u017e znamen\u00e1 pro plavce i pot\u00e1p\u011b\u010de nebezpe\u010d\u00ed utonut\u00ed.<\/p>\n<p style=\"text-align: justify;\">M\u00edstn\u00ed anesteze ani analgetika neb\u00fdvaj\u00ed p\u0159\u00edli\u0161 \u00fa\u010dinn\u00e9 &ndash; u\u017eite\u010dn\u011bj\u0161\u00ed se ukazuje okam\u017eit\u00e9 pono\u0159en\u00ed zasa\u017een\u00e9 kon\u010detiny do velmi hork\u00e9 vody, a to do tak hork\u00e9, jak\u00e1 se d\u00e1 v\u016fbec vydr\u017eet. Na trhu neexistuje \u017e\u00e1dn\u00e9 specifick\u00e9m antidotum, proto je jedinou mo\u017enost\u00ed l\u00e9\u010dit p\u0159\u00edznaky a l\u00e9\u010dbu p\u0159\u00edpad od p\u0159\u00edpadu p\u0159izp\u016fsobovat pot\u0159eb\u00e1m konkr\u00e9tn\u00ed ob\u011bti. V podstat\u011b povinn\u011b je t\u0159eba nasadit antibiotika a aplikovat protitetanovou injekci.<\/p>\n<p style=\"text-align: justify;\"><strong>Jak poskytovat prvn\u00ed pomoc a jak ji ucit: First Aid for Hazardous Marine Life Injuries<\/strong><\/p>\n<p style=\"text-align: justify;\">Kurz DAN zvan\u00fd First Aid for Hazardous Marine Life Injuries je \u0161kolen\u00ed prvn\u00edho stupn\u011b, kde se pot\u00e1p\u011b\u010di (ale i nepot\u00e1p\u011b\u010di) nau\u010d\u00ed rozpozn\u00e1vat nebezpe\u010dn\u00e9 druhy mo\u0159sk\u00fdch \u017eivo\u010dich\u016f, jak ur\u010dovat jimi zp\u016fsoben\u00e1 zran\u011bn\u00ed a jak v takov\u00fdch p\u0159\u00edpadech poskytovat prvn\u00ed pomoc.<\/p>\n<p style=\"text-align: justify;\"><strong>C\u00edl kurzu<\/strong><br \/>C\u00edlem tohoto kurzu je vy\u0161kolit ka\u017ed\u00e9ho, kdo m\u00e1 z\u00e1jem o metody poskytov\u00e1n\u00ed prvn\u00ed pomoci p\u0159i zran\u011bn\u00edch zp\u016fsoben\u00fdch z\u0159ejm\u011b nebezpe\u010dn\u00fdmi mo\u0159sk\u00fdmi \u017eivo\u010dichy. V kurzu se tak\u00e9 prob\u00edraj\u00ed potenci\u00e1ln\u011b nebezpe\u010dn\u00e9 druhy mo\u0159sk\u00e9 fauny a jak se chr\u00e1nit proti zran\u011bn\u00edm, kter\u00e1 zp\u016fsobuj\u00ed. Tento program nab\u00edz\u00ed vynikaj\u00edc\u00ed mo\u017enost z\u00edsk\u00e1n\u00ed z\u00e1klad\u016f pro n\u00e1sledn\u00e9 pokra\u010dov\u00e1n\u00ed studia podmo\u0159sk\u00e9ho \u017eivota (pro odborn\u00edky i instruktory).<\/p>\n<p style=\"text-align: justify;\"><strong>C\u00edle v\u00fduky <br \/><\/strong>Po ukon\u010den\u00ed kurzu budou budou jeho absolventi um\u011bt:<\/p>\n<ul>\n<li style=\"text-align: justify;\">ur\u010dovat \u010dty\u0159i druhy zran\u011bn\u00ed zp\u016fsoben\u00e9 nebezpe\u010dn\u00fdmi mo\u0159sk\u00fdmi organismy<\/li>\n<li style=\"text-align: justify;\">vyjmenovat alespo\u0148 p\u011bt druh\u016f jedovat\u00fdch \u017eivo\u010dich\u016f<\/li>\n<li style=\"text-align: justify;\">vyjmenovat alespo\u0148 p\u011bt p\u0159\u00edznak\u016f otravy zp\u016fsoben\u00e9 bodnut\u00edm\/kousnut\u00edm\/\u017eahnut\u00edm<\/li>\n<li style=\"text-align: justify;\">popsat spr\u00e1vnou metodu prvn\u00ed pomoci p\u0159i zran\u011bn\u00edch zp\u016fsoben\u00fdch jedovat\u00fdmi mo\u0159sk\u00fdmi \u017eivo\u010dichy<\/li>\n<li style=\"text-align: justify;\">vyjmenovat alespo\u0148 t\u0159i druhy mo\u0159sk\u00fdch \u017eivo\u010dich\u016f, kter\u00e9 mohou kousnout pot\u00e1p\u011b\u010de<\/li>\n<li style=\"text-align: justify;\">vyjmenovat dva b\u011b\u017en\u00e9 p\u0159\u00edznaky kousnut\u00ed<\/li>\n<li style=\"text-align: justify;\">popsat spr\u00e1vnou metodu prvn\u00ed pomoci p\u0159i kousnut\u00ed mo\u0159sk\u00fdm \u017eivo\u010dichem<\/li>\n<li style=\"text-align: justify;\">vyjmenovat alespo\u0148 t\u0159i druhy mo\u0159sk\u00fdch \u017eivo\u010dich\u016f, kter\u00e9 mohou zp\u016fsobit podr\u00e1\u017ed\u011bn\u00ed<\/li>\n<li style=\"text-align: justify;\">vyjmenovat alespo\u0148 \u010dty\u0159i p\u0159\u00edznaky podr\u00e1\u017ed\u011bn\u00ed<\/li>\n<li style=\"text-align: justify;\">popsat spr\u00e1vnou metodu prvn\u00ed pomoci p\u0159i podr\u00e1\u017ed\u011bn\u00ed zp\u016fsoben\u00e9m mo\u0159sk\u00fdmi \u017eivo\u010dichy<\/li>\n<li style=\"text-align: justify;\">ur\u010dit dv\u011b podoby otravy j\u00eddlem &ldquo;mo\u0159sk\u00e9ho&rdquo; p\u016fvodu<\/li>\n<li style=\"text-align: justify;\">vyjmenovat alespo\u0148 t\u0159i druhy \u017eivo\u010dich\u016f, kter\u00e9 mohou zp\u016fsobit otravu j\u00eddlem<\/li>\n<li style=\"text-align: justify;\">vyjmenovat t\u0159i b\u011b\u017en\u00e9 p\u0159\u00edznaky otravy j\u00eddlem<\/li>\n<li style=\"text-align: justify;\">vysv\u011btlit, pro\u010d je nutn\u00e9 l\u00e9ka\u0159sk\u00e9 vy\u0161et\u0159en\u00ed v p\u0159\u00edpad\u011b podez\u0159en\u00ed na otravu j\u00eddlem<\/li>\n<li style=\"text-align: justify;\">popsat spr\u00e1vnou metodu prvn\u00ed pomoci v p\u0159\u00edpad\u011b podez\u0159en\u00ed na otravu j\u00eddlem<\/li>\n<li style=\"text-align: justify;\">vyhodnotit bezpe\u010dnost okoln\u00edho prost\u0159ed\u00ed<\/li>\n<li style=\"text-align: justify;\">vyjmenovat kroky pou\u017e\u00edvan\u00e9 k vyhodnocen\u00ed bezpe\u010dnosti okoln\u00edho prost\u0159ed\u00ed<\/li>\n<li style=\"text-align: justify;\">poskytnout z\u00e1kladn\u00ed prvn\u00ed pomoc (tj. zajistit d\u00fdchac\u00ed cesty, d\u00fdch\u00e1n\u00ed, krevn\u00ed ob\u011bh) zran\u011bn\u00e9mu pot\u00e1p\u011b\u010di<\/li>\n<li style=\"text-align: justify;\">p\u0159edv\u00e9st spr\u00e1vn\u00fd postup p\u0159i o\u0161et\u0159en\u00ed nemocn\u00fdch nebo zran\u011bn\u00fdch pot\u00e1p\u011b\u010d\u016f<\/li>\n<li style=\"text-align: justify;\">uvolnit d\u00fdchac\u00ed cesty a udr\u017eovat d\u00fdch\u00e1n\u00ed zran\u011bn\u00e9ho pot\u00e1p\u011b\u010de (um\u011bl\u00e9 d\u00fdch\u00e1n\u00ed)<\/li>\n<li style=\"text-align: justify;\">popsat d\u016fle\u017eitost pou\u017eit\u00ed dodate\u010dn\u00e9ho kysl\u00edku p\u0159i poskytov\u00e1n\u00ed prvn\u00ed pomoci zran\u011bn\u00e9mu pot\u00e1p\u011b\u010di<\/li>\n<li style=\"text-align: justify;\">p\u0159edv\u00e9st metody zastaven\u00ed krv\u00e1cen\u00ed, v\u010detn\u011b aplikace tlaku (tlakov\u00e9 znehybn\u011bn\u00ed, vyzvednut\u00ed zran\u011bn\u00e9 \u010d\u00e1sti t\u011bla), uk\u00e1zat body pro aplikaci tlaku<\/li>\n<li style=\"text-align: justify;\">lokalizovat a uk\u00e1zat bod pro aplikaci tlaku pro zastaven\u00ed vn\u011bj\u0161\u00edho krv\u00e1cen\u00ed<\/li>\n<li style=\"text-align: justify;\">pou\u017e\u00edt obvaz\/y na zran\u011bn\u00ed zp\u016fsoben\u00e1 nebezpe\u010dn\u00fdmi mo\u0159sk\u00fdmi \u017eivo\u010dichy<\/li>\n<li style=\"text-align: justify;\">p\u0159edv\u00e9st, jak se prov\u00e1d\u00ed druhotn\u00e9 vy\u0161et\u0159en\u00ed a jak se postupuje v p\u0159\u00edpad\u011b \u0161oku<\/li>\n<li style=\"text-align: justify;\">p\u0159edv\u00e9st metody pro tlakov\u00e9 znehybn\u011bn\u00ed<\/li>\n<li style=\"text-align: justify;\">vyjmenovat sou\u010d\u00e1sti pl\u00e1nu pro z\u00e1chrannou pomoc<\/li>\n<li style=\"text-align: justify;\">popsat alespo\u0148 p\u011bt zp\u016fsob\u016f nebo pravidel pro sn\u00ed\u017een\u00ed nebezpe\u010d\u00ed poran\u011bn\u00ed mo\u0159sk\u00fdmi \u017eivo\u010dichy.<\/li>\n<\/ul>\n<p style=\"text-align: justify;\">Hlavn\u00ed c\u00edle kurzu jsou zam\u011b\u0159eny na pot\u00e1p\u011b\u010de v\u011bnuj\u00edc\u00ed se p\u0159\u00edstrojov\u00e9mu pot\u00e1p\u011bn\u00ed, ale tento kurz je vhodn\u00fd tak\u00e9 pro kapit\u00e1ny \u010dlun\u016f a p\u0159\u00e1tel\u00e9 i p\u0159\u00edbuzn\u00e9, kte\u0159\u00ed maj\u00ed z\u00e1jem pou\u010dit se o mo\u017en\u00fdch nebezpe\u010d\u00edch souvisej\u00edc\u00edch s mo\u0159sk\u00fdmi \u017eivo\u010dichy, nebo se cht\u011bj\u00ed nau\u010dit poskytovat prvn\u00ed pomoc a tak\u00e9 cht\u011bj\u00ed v\u011bd\u011bt, jak zran\u011bn\u00edm t\u011bmito \u017eivo\u010dichy p\u0159edch\u00e1zet. V tomto kurzu se neprob\u00edr\u00e1 CPR (kardiopulmon\u00e1ln\u00ed resuscitace) a poskytov\u00e1n\u00ed z\u00e1chrany ve vod\u011b. Jeho hlavn\u00ed vyu\u017eit\u00ed spo\u010d\u00edv\u00e1 v nau\u010den\u00ed se spr\u00e1vn\u00e9mu postupu potom, co se posti\u017een\u00e1 osoba dostala na b\u0159eh nebo na palubu lodi.<\/p>\n","protected":false},"excerpt":{"rendered":"<p>V Barcelon\u011b 26. z\u00e1\u0159\u00ed 2011 Ahoj, jen v\u00e1m chci sd\u011blit a popsat nehodu, kter\u00e1 mne potkala minulou sobotu (17. z\u00e1\u0159\u00ed). \u0160norchloval jsem u pl\u00e1\u017ee Castelldefels&#8230;<\/p>\n","protected":false},"author":1,"featured_media":11373250,"comment_status":"closed","ping_status":"closed","sticky":false,"template":"","format":"standard","meta":{"_acf_changed":false,"footnotes":""},"categories":[384],"tags":[],"authors":[856],"class_list":["post-11385474","post","type-post","status-publish","format-standard","has-post-thumbnail","hentry","category-clanky","authors-dan-europe-staff-cs_cz"],"acf":[],"yoast_head":"<!-- This site is optimized with the Yoast SEO plugin v24.2 - https:\/\/yoast.com\/wordpress\/plugins\/seo\/ -->\n<title>Pozor, Trachinus Araneus! - Alert Diver<\/title>\n<meta name=\"robots\" content=\"index, follow, max-snippet:-1, max-image-preview:large, max-video-preview:-1\" \/>\n<link rel=\"canonical\" href=\"https:\/\/alertdiver.eu\/cs_CZ\/clanky\/pozor-trachinus-araneus\/\" \/>\n<meta property=\"og:locale\" content=\"cs_CZ\" \/>\n<meta property=\"og:type\" content=\"article\" \/>\n<meta property=\"og:title\" content=\"Pozor, Trachinus Araneus! - Alert Diver\" \/>\n<meta property=\"og:description\" content=\"V Barcelon\u011b 26. z\u00e1\u0159\u00ed 2011 Ahoj, jen v\u00e1m chci sd\u011blit a popsat nehodu, kter\u00e1 mne potkala minulou sobotu (17. z\u00e1\u0159\u00ed). \u0160norchloval jsem u pl\u00e1\u017ee Castelldefels...\" \/>\n<meta property=\"og:url\" content=\"https:\/\/alertdiver.eu\/cs_CZ\/clanky\/pozor-trachinus-araneus\/\" \/>\n<meta property=\"og:site_name\" content=\"Alert Diver\" \/>\n<meta property=\"article:published_time\" content=\"2012-01-14T23:00:00+00:00\" \/>\n<meta property=\"og:image\" content=\"https:\/\/alertdiver.eu\/wp-content\/uploads\/2023\/06\/alert-diver-article-8.jpg\" \/>\n\t<meta property=\"og:image:width\" content=\"2000\" \/>\n\t<meta property=\"og:image:height\" content=\"1500\" \/>\n\t<meta property=\"og:image:type\" content=\"image\/jpeg\" \/>\n<meta name=\"author\" content=\"microfilla\" \/>\n<meta name=\"twitter:card\" content=\"summary_large_image\" \/>\n<meta name=\"twitter:label1\" content=\"Napsal(a)\" \/>\n\t<meta name=\"twitter:data1\" content=\"microfilla\" \/>\n\t<meta name=\"twitter:label2\" content=\"Odhadovan\u00e1 doba \u010dten\u00ed\" \/>\n\t<meta name=\"twitter:data2\" content=\"8 minut\" \/>\n<script type=\"application\/ld+json\" class=\"yoast-schema-graph\">{\"@context\":\"https:\/\/schema.org\",\"@graph\":[{\"@type\":\"Article\",\"@id\":\"https:\/\/alertdiver.eu\/cs_CZ\/clanky\/pozor-trachinus-araneus\/#article\",\"isPartOf\":{\"@id\":\"https:\/\/alertdiver.eu\/cs_CZ\/clanky\/pozor-trachinus-araneus\/\"},\"author\":{\"name\":\"microfilla\",\"@id\":\"https:\/\/alertdiver.eu\/cs_CZ\/#\/schema\/person\/9ba7cb3f05522d75bf215ab2cf40b01b\"},\"headline\":\"Pozor, Trachinus Araneus!\",\"datePublished\":\"2012-01-14T23:00:00+00:00\",\"dateModified\":\"2012-01-14T23:00:00+00:00\",\"mainEntityOfPage\":{\"@id\":\"https:\/\/alertdiver.eu\/cs_CZ\/clanky\/pozor-trachinus-araneus\/\"},\"wordCount\":1669,\"publisher\":{\"@id\":\"https:\/\/alertdiver.eu\/cs_CZ\/#organization\"},\"image\":{\"@id\":\"https:\/\/alertdiver.eu\/cs_CZ\/clanky\/pozor-trachinus-araneus\/#primaryimage\"},\"thumbnailUrl\":\"https:\/\/alertdiver.eu\/wp-content\/uploads\/2023\/06\/alert-diver-article-8.jpg\",\"articleSection\":[\"Clanky\"],\"inLanguage\":\"cs\"},{\"@type\":\"WebPage\",\"@id\":\"https:\/\/alertdiver.eu\/cs_CZ\/clanky\/pozor-trachinus-araneus\/\",\"url\":\"https:\/\/alertdiver.eu\/cs_CZ\/clanky\/pozor-trachinus-araneus\/\",\"name\":\"Pozor, Trachinus Araneus! - Alert Diver\",\"isPartOf\":{\"@id\":\"https:\/\/alertdiver.eu\/cs_CZ\/#website\"},\"primaryImageOfPage\":{\"@id\":\"https:\/\/alertdiver.eu\/cs_CZ\/clanky\/pozor-trachinus-araneus\/#primaryimage\"},\"image\":{\"@id\":\"https:\/\/alertdiver.eu\/cs_CZ\/clanky\/pozor-trachinus-araneus\/#primaryimage\"},\"thumbnailUrl\":\"https:\/\/alertdiver.eu\/wp-content\/uploads\/2023\/06\/alert-diver-article-8.jpg\",\"datePublished\":\"2012-01-14T23:00:00+00:00\",\"dateModified\":\"2012-01-14T23:00:00+00:00\",\"breadcrumb\":{\"@id\":\"https:\/\/alertdiver.eu\/cs_CZ\/clanky\/pozor-trachinus-araneus\/#breadcrumb\"},\"inLanguage\":\"cs\",\"potentialAction\":[{\"@type\":\"ReadAction\",\"target\":[\"https:\/\/alertdiver.eu\/cs_CZ\/clanky\/pozor-trachinus-araneus\/\"]}]},{\"@type\":\"ImageObject\",\"inLanguage\":\"cs\",\"@id\":\"https:\/\/alertdiver.eu\/cs_CZ\/clanky\/pozor-trachinus-araneus\/#primaryimage\",\"url\":\"https:\/\/alertdiver.eu\/wp-content\/uploads\/2023\/06\/alert-diver-article-8.jpg\",\"contentUrl\":\"https:\/\/alertdiver.eu\/wp-content\/uploads\/2023\/06\/alert-diver-article-8.jpg\",\"width\":2000,\"height\":1500},{\"@type\":\"BreadcrumbList\",\"@id\":\"https:\/\/alertdiver.eu\/cs_CZ\/clanky\/pozor-trachinus-araneus\/#breadcrumb\",\"itemListElement\":[{\"@type\":\"ListItem\",\"position\":1,\"name\":\"Home\",\"item\":\"https:\/\/alertdiver.eu\/cs_CZ\/\"},{\"@type\":\"ListItem\",\"position\":2,\"name\":\"Pozor, Trachinus Araneus!\"}]},{\"@type\":\"WebSite\",\"@id\":\"https:\/\/alertdiver.eu\/cs_CZ\/#website\",\"url\":\"https:\/\/alertdiver.eu\/cs_CZ\/\",\"name\":\"Alert Diver Europe\",\"description\":\"Access, discover and share the latest diving safety content from DAN Europe.\",\"publisher\":{\"@id\":\"https:\/\/alertdiver.eu\/cs_CZ\/#organization\"},\"potentialAction\":[{\"@type\":\"SearchAction\",\"target\":{\"@type\":\"EntryPoint\",\"urlTemplate\":\"https:\/\/alertdiver.eu\/cs_CZ\/?s={search_term_string}\"},\"query-input\":{\"@type\":\"PropertyValueSpecification\",\"valueRequired\":true,\"valueName\":\"search_term_string\"}}],\"inLanguage\":\"cs\"},{\"@type\":\"Organization\",\"@id\":\"https:\/\/alertdiver.eu\/cs_CZ\/#organization\",\"name\":\"Alert Diver Europe\",\"url\":\"https:\/\/alertdiver.eu\/cs_CZ\/\",\"logo\":{\"@type\":\"ImageObject\",\"inLanguage\":\"cs\",\"@id\":\"https:\/\/alertdiver.eu\/cs_CZ\/#\/schema\/logo\/image\/\",\"url\":\"https:\/\/alertdiver.eu\/wp-content\/uploads\/2023\/02\/cropped-favicon.png\",\"contentUrl\":\"https:\/\/alertdiver.eu\/wp-content\/uploads\/2023\/02\/cropped-favicon.png\",\"width\":512,\"height\":512,\"caption\":\"Alert Diver Europe\"},\"image\":{\"@id\":\"https:\/\/alertdiver.eu\/cs_CZ\/#\/schema\/logo\/image\/\"}},{\"@type\":\"Person\",\"@id\":\"https:\/\/alertdiver.eu\/cs_CZ\/#\/schema\/person\/9ba7cb3f05522d75bf215ab2cf40b01b\",\"name\":\"microfilla\",\"image\":{\"@type\":\"ImageObject\",\"inLanguage\":\"cs\",\"@id\":\"https:\/\/alertdiver.eu\/cs_CZ\/#\/schema\/person\/image\/\",\"url\":\"https:\/\/secure.gravatar.com\/avatar\/09f39449f14df8c3ad651888221bb907?s=96&d=mm&r=g\",\"contentUrl\":\"https:\/\/secure.gravatar.com\/avatar\/09f39449f14df8c3ad651888221bb907?s=96&d=mm&r=g\",\"caption\":\"microfilla\"},\"sameAs\":[\"https:\/\/microfilla.com\"],\"url\":\"https:\/\/alertdiver.eu\/cs_CZ\/author\/microfilla\/\"}]}<\/script>\n<!-- \/ Yoast SEO plugin. -->","yoast_head_json":{"title":"Pozor, Trachinus Araneus! - Alert Diver","robots":{"index":"index","follow":"follow","max-snippet":"max-snippet:-1","max-image-preview":"max-image-preview:large","max-video-preview":"max-video-preview:-1"},"canonical":"https:\/\/alertdiver.eu\/cs_CZ\/clanky\/pozor-trachinus-araneus\/","og_locale":"cs_CZ","og_type":"article","og_title":"Pozor, Trachinus Araneus! - Alert Diver","og_description":"V Barcelon\u011b 26. z\u00e1\u0159\u00ed 2011 Ahoj, jen v\u00e1m chci sd\u011blit a popsat nehodu, kter\u00e1 mne potkala minulou sobotu (17. z\u00e1\u0159\u00ed). \u0160norchloval jsem u pl\u00e1\u017ee Castelldefels...","og_url":"https:\/\/alertdiver.eu\/cs_CZ\/clanky\/pozor-trachinus-araneus\/","og_site_name":"Alert Diver","article_published_time":"2012-01-14T23:00:00+00:00","og_image":[{"width":2000,"height":1500,"url":"https:\/\/alertdiver.eu\/wp-content\/uploads\/2023\/06\/alert-diver-article-8.jpg","type":"image\/jpeg"}],"author":"microfilla","twitter_card":"summary_large_image","twitter_misc":{"Napsal(a)":"microfilla","Odhadovan\u00e1 doba \u010dten\u00ed":"8 minut"},"schema":{"@context":"https:\/\/schema.org","@graph":[{"@type":"Article","@id":"https:\/\/alertdiver.eu\/cs_CZ\/clanky\/pozor-trachinus-araneus\/#article","isPartOf":{"@id":"https:\/\/alertdiver.eu\/cs_CZ\/clanky\/pozor-trachinus-araneus\/"},"author":{"name":"microfilla","@id":"https:\/\/alertdiver.eu\/cs_CZ\/#\/schema\/person\/9ba7cb3f05522d75bf215ab2cf40b01b"},"headline":"Pozor, Trachinus Araneus!","datePublished":"2012-01-14T23:00:00+00:00","dateModified":"2012-01-14T23:00:00+00:00","mainEntityOfPage":{"@id":"https:\/\/alertdiver.eu\/cs_CZ\/clanky\/pozor-trachinus-araneus\/"},"wordCount":1669,"publisher":{"@id":"https:\/\/alertdiver.eu\/cs_CZ\/#organization"},"image":{"@id":"https:\/\/alertdiver.eu\/cs_CZ\/clanky\/pozor-trachinus-araneus\/#primaryimage"},"thumbnailUrl":"https:\/\/alertdiver.eu\/wp-content\/uploads\/2023\/06\/alert-diver-article-8.jpg","articleSection":["Clanky"],"inLanguage":"cs"},{"@type":"WebPage","@id":"https:\/\/alertdiver.eu\/cs_CZ\/clanky\/pozor-trachinus-araneus\/","url":"https:\/\/alertdiver.eu\/cs_CZ\/clanky\/pozor-trachinus-araneus\/","name":"Pozor, Trachinus Araneus! - Alert Diver","isPartOf":{"@id":"https:\/\/alertdiver.eu\/cs_CZ\/#website"},"primaryImageOfPage":{"@id":"https:\/\/alertdiver.eu\/cs_CZ\/clanky\/pozor-trachinus-araneus\/#primaryimage"},"image":{"@id":"https:\/\/alertdiver.eu\/cs_CZ\/clanky\/pozor-trachinus-araneus\/#primaryimage"},"thumbnailUrl":"https:\/\/alertdiver.eu\/wp-content\/uploads\/2023\/06\/alert-diver-article-8.jpg","datePublished":"2012-01-14T23:00:00+00:00","dateModified":"2012-01-14T23:00:00+00:00","breadcrumb":{"@id":"https:\/\/alertdiver.eu\/cs_CZ\/clanky\/pozor-trachinus-araneus\/#breadcrumb"},"inLanguage":"cs","potentialAction":[{"@type":"ReadAction","target":["https:\/\/alertdiver.eu\/cs_CZ\/clanky\/pozor-trachinus-araneus\/"]}]},{"@type":"ImageObject","inLanguage":"cs","@id":"https:\/\/alertdiver.eu\/cs_CZ\/clanky\/pozor-trachinus-araneus\/#primaryimage","url":"https:\/\/alertdiver.eu\/wp-content\/uploads\/2023\/06\/alert-diver-article-8.jpg","contentUrl":"https:\/\/alertdiver.eu\/wp-content\/uploads\/2023\/06\/alert-diver-article-8.jpg","width":2000,"height":1500},{"@type":"BreadcrumbList","@id":"https:\/\/alertdiver.eu\/cs_CZ\/clanky\/pozor-trachinus-araneus\/#breadcrumb","itemListElement":[{"@type":"ListItem","position":1,"name":"Home","item":"https:\/\/alertdiver.eu\/cs_CZ\/"},{"@type":"ListItem","position":2,"name":"Pozor, Trachinus Araneus!"}]},{"@type":"WebSite","@id":"https:\/\/alertdiver.eu\/cs_CZ\/#website","url":"https:\/\/alertdiver.eu\/cs_CZ\/","name":"Alert Diver Europe","description":"Access, discover and share the latest diving safety content from DAN Europe.","publisher":{"@id":"https:\/\/alertdiver.eu\/cs_CZ\/#organization"},"potentialAction":[{"@type":"SearchAction","target":{"@type":"EntryPoint","urlTemplate":"https:\/\/alertdiver.eu\/cs_CZ\/?s={search_term_string}"},"query-input":{"@type":"PropertyValueSpecification","valueRequired":true,"valueName":"search_term_string"}}],"inLanguage":"cs"},{"@type":"Organization","@id":"https:\/\/alertdiver.eu\/cs_CZ\/#organization","name":"Alert Diver Europe","url":"https:\/\/alertdiver.eu\/cs_CZ\/","logo":{"@type":"ImageObject","inLanguage":"cs","@id":"https:\/\/alertdiver.eu\/cs_CZ\/#\/schema\/logo\/image\/","url":"https:\/\/alertdiver.eu\/wp-content\/uploads\/2023\/02\/cropped-favicon.png","contentUrl":"https:\/\/alertdiver.eu\/wp-content\/uploads\/2023\/02\/cropped-favicon.png","width":512,"height":512,"caption":"Alert Diver Europe"},"image":{"@id":"https:\/\/alertdiver.eu\/cs_CZ\/#\/schema\/logo\/image\/"}},{"@type":"Person","@id":"https:\/\/alertdiver.eu\/cs_CZ\/#\/schema\/person\/9ba7cb3f05522d75bf215ab2cf40b01b","name":"microfilla","image":{"@type":"ImageObject","inLanguage":"cs","@id":"https:\/\/alertdiver.eu\/cs_CZ\/#\/schema\/person\/image\/","url":"https:\/\/secure.gravatar.com\/avatar\/09f39449f14df8c3ad651888221bb907?s=96&d=mm&r=g","contentUrl":"https:\/\/secure.gravatar.com\/avatar\/09f39449f14df8c3ad651888221bb907?s=96&d=mm&r=g","caption":"microfilla"},"sameAs":["https:\/\/microfilla.com"],"url":"https:\/\/alertdiver.eu\/cs_CZ\/author\/microfilla\/"}]}},"_links":{"self":[{"href":"https:\/\/alertdiver.eu\/cs_CZ\/wp-json\/wp\/v2\/posts\/11385474","targetHints":{"allow":["GET"]}}],"collection":[{"href":"https:\/\/alertdiver.eu\/cs_CZ\/wp-json\/wp\/v2\/posts"}],"about":[{"href":"https:\/\/alertdiver.eu\/cs_CZ\/wp-json\/wp\/v2\/types\/post"}],"author":[{"embeddable":true,"href":"https:\/\/alertdiver.eu\/cs_CZ\/wp-json\/wp\/v2\/users\/1"}],"replies":[{"embeddable":true,"href":"https:\/\/alertdiver.eu\/cs_CZ\/wp-json\/wp\/v2\/comments?post=11385474"}],"version-history":[{"count":0,"href":"https:\/\/alertdiver.eu\/cs_CZ\/wp-json\/wp\/v2\/posts\/11385474\/revisions"}],"wp:featuredmedia":[{"embeddable":true,"href":"https:\/\/alertdiver.eu\/cs_CZ\/wp-json\/wp\/v2\/media\/11373250"}],"wp:attachment":[{"href":"https:\/\/alertdiver.eu\/cs_CZ\/wp-json\/wp\/v2\/media?parent=11385474"}],"wp:term":[{"taxonomy":"category","embeddable":true,"href":"https:\/\/alertdiver.eu\/cs_CZ\/wp-json\/wp\/v2\/categories?post=11385474"},{"taxonomy":"post_tag","embeddable":true,"href":"https:\/\/alertdiver.eu\/cs_CZ\/wp-json\/wp\/v2\/tags?post=11385474"},{"taxonomy":"authors","embeddable":true,"href":"https:\/\/alertdiver.eu\/cs_CZ\/wp-json\/wp\/v2\/authors?post=11385474"}],"curies":[{"name":"wp","href":"https:\/\/api.w.org\/{rel}","templated":true}]}}