{"id":11385481,"date":"2012-01-15T00:00:00","date_gmt":"2012-01-14T23:00:00","guid":{"rendered":"https:\/\/alertdiver.eu\/uncategorized-cs_cz\/ve-formentera-vladne-apnea\/"},"modified":"2012-01-15T00:00:00","modified_gmt":"2012-01-14T23:00:00","slug":"ve-formentera-vladne-apnea","status":"publish","type":"post","link":"https:\/\/alertdiver.eu\/cs_CZ\/clanky\/ve-formentera-vladne-apnea\/","title":{"rendered":"Ve Formentera vl\u00e1dne apnea!"},"content":{"rendered":"<p style=\"text-align: justify;\">Workshop s Umbertem Pelizzarim na t\u00e9ma apnea poskytl na\u0161\u00ed Laborato\u0159i pro bezpe\u010dnost p\u0159i pot\u00e1p\u011bn\u00ed, tj. DSL (Diving Safety Laboratory) vynikaj\u00edc\u00ed p\u0159\u00edle\u017eitost ke sb\u011bru dat pro v\u00fdzkum voln\u00e9ho pot\u00e1p\u011bn\u00ed! A tak\u00e9 to umo\u017enilo pokra\u010dovat ve studiu jevu Taravana, kter\u00fd v\u011bdci zkoumaj\u00ed ji\u017e dlouh\u00e1 l\u00e9ta.<\/p>\n<p style=\"text-align: justify;\">V n\u00e1dhern\u00e9m prost\u0159ed\u00ed Bale\u00e1rsk\u00fdch ostrov\u016f sledovali na\u0161i v\u00fdzkumn\u00edci pr\u00e1ci Umberta a jeho koleg\u016f, co\u017e byli instrukto\u0159i z Apnea Academy. Po ka\u017ed\u00e9m ponoru zkoumali tich\u00e9 bublinky pomoc\u00ed echokardiografie a vy\u0161et\u0159en\u00ed podle Dopplera. Doktor Danilo Cialoni vyvinul nov\u00fd postup shroma\u017e\u010fov\u00e1n\u00ed dat ur\u010den\u00fd v\u00fdhradn\u011b pro stav apnea. Sledov\u00e1n\u00ed za\u010dalo po ka\u017ed\u00e9m ponoru na \u010dlunu a trvalo n\u011bkolik minut (v n\u011bkter\u00fdch p\u0159\u00edpadech a\u017e 90!).<\/p>\n<p style=\"text-align: justify;\">Logistickou podporu nab\u00eddlo pot\u00e1p\u011b\u010dsk\u00e9 st\u0159edisko Vellmari ve m\u011bst\u011b Formentera. Okam\u017eiky p\u0159ed voln\u00fdm ponorem se vyzna\u010duj\u00ed vzru\u0161en\u00fdm odpo\u010d\u00edt\u00e1v\u00e1n\u00edm \u010dasu, do kter\u00e9ho se zapojuje i obecenstvo. Potom za\u010dne vlastn\u00ed sestup pod vodu. Jedn\u00e1 se o fascinuj\u00edc\u00ed v\u00fdlet do \u0159\u00ed\u0161e ticha, kdy \u010dlov\u011bk nahl\u00e9dne hluboko do sv\u00e9ho nitra a prozkoum\u00e1 nejvzd\u00e1len\u011bj\u0161\u00ed z\u00e1kout\u00ed sv\u00e9 du\u0161e. &ldquo;Na takto specifick\u00e9 podm\u00ednky&rdquo;, \u0159\u00edk\u00e1 dr. Cialoni, &ldquo;reaguje t\u011blo \u0159adou zm\u011bn funkce srdce a plic. Kdy\u017e se tyto zm\u011bny \u0159\u00e1dn\u011b zanalyzuj\u00ed a vyhodnot\u00ed, umo\u017en\u00ed n\u00e1m to pochopit n\u011bkter\u00e1 onemocn\u011bn\u00ed, kter\u00e1 mohou pot\u00e1p\u011b\u010de postihnout.<\/p>\n<p style=\"text-align: justify;\">N\u00e1\u0161 v\u00fdzkum se nyn\u00ed soust\u0159e\u010fduje hlavn\u011b na Taravana (druh dekompresn\u00edho onemocn\u011bn\u00ed vyskytuj\u00edc\u00edho se u voln\u00fdch pot\u00e1p\u011b\u010d\u016f), jeho\u017e p\u0159\u00ed\u010diny nejsou zat\u00edm zcela jasn\u00e9. Nav\u00edc \u00fadaje z\u00edskan\u00e9 za tak extr\u00e9mn\u00edch podm\u00ednek, jak\u00e9 existuj\u00ed p\u0159i stavu apnea, jsou \u010dasto velmi u\u017eite\u010dn\u00e9 pro lep\u0161\u00ed pozn\u00e1n\u00ed b\u011b\u017en\u00fdch onemocn\u011bn\u00ed a poruch, nap\u0159. edemu plic, srde\u010dn\u00ed arytmie a apney ve sp\u00e1nku.&rdquo;<\/p>\n<p style=\"text-align: justify;\">Porovn\u00e1n\u00edm na\u0161ich dat s pot\u00e1p\u011b\u010dsk\u00fdmi profily ulo\u017een\u00fdmi v pot\u00e1p\u011b\u010dsk\u00fdch po\u010d\u00edta\u010d\u00edch z\u00edsk\u00e1vaj\u00ed v\u011bdci velmi cenn\u00e9 informace pro v\u00fdzkum Taravana. Tento v\u00fdzkum a anal\u00fdza dat bude pokra\u010dovat je\u0161t\u011b n\u011bkolik t\u00fddn\u016f d\u00edky spolupr\u00e1ci se \u0161pan\u011blsk\u00fdm n\u00e1rodn\u00edm t\u00fdmem ryb\u00e1\u0159\u016f-harpun\u00e1\u0159\u016f. V na\u0161\u00ed pr\u00e1ci pokra\u010dujeme a pevn\u011b v\u011b\u0159\u00edme, \u017ee v\u00fdznamn\u00fdm zp\u016fsobem p\u0159isp\u011bjeme k lep\u0161\u00edmu pochopen\u00ed tohoto jevu. P\u0159ejeme v\u00e1m bezpe\u010dn\u00e9 pot\u00e1p\u011bn\u00ed a &#8211; zadr\u017ete dech, d\u00e1vejte na sebe pozor a objevujte fantastick\u00fd a tich\u00fd sv\u011bt sv\u00e9ho nitra&#8230;<\/p>\n","protected":false},"excerpt":{"rendered":"<p>Workshop s Umbertem Pelizzarim na t\u00e9ma apnea poskytl na\u0161\u00ed Laborato\u0159i pro bezpe\u010dnost p\u0159i pot\u00e1p\u011bn\u00ed, tj. DSL (Diving Safety Laboratory) vynikaj\u00edc\u00ed p\u0159\u00edle\u017eitost ke sb\u011bru dat pro&#8230;<\/p>\n","protected":false},"author":1,"featured_media":11373320,"comment_status":"closed","ping_status":"closed","sticky":false,"template":"","format":"standard","meta":{"_acf_changed":false,"footnotes":""},"categories":[384],"tags":[],"authors":[1459],"class_list":["post-11385481","post","type-post","status-publish","format-standard","has-post-thumbnail","hentry","category-clanky","authors-massimo-pieri-cs_cz"],"acf":[],"yoast_head":"<!-- This site is optimized with the Yoast SEO plugin v24.2 - https:\/\/yoast.com\/wordpress\/plugins\/seo\/ -->\n<title>Ve Formentera vl\u00e1dne apnea! - Alert Diver<\/title>\n<meta name=\"robots\" content=\"index, follow, max-snippet:-1, max-image-preview:large, max-video-preview:-1\" \/>\n<link rel=\"canonical\" href=\"https:\/\/alertdiver.eu\/cs_CZ\/clanky\/ve-formentera-vladne-apnea\/\" \/>\n<meta property=\"og:locale\" content=\"cs_CZ\" \/>\n<meta property=\"og:type\" content=\"article\" \/>\n<meta property=\"og:title\" content=\"Ve Formentera vl\u00e1dne apnea! - Alert Diver\" \/>\n<meta property=\"og:description\" content=\"Workshop s Umbertem Pelizzarim na t\u00e9ma apnea poskytl na\u0161\u00ed Laborato\u0159i pro bezpe\u010dnost p\u0159i pot\u00e1p\u011bn\u00ed, tj. DSL (Diving Safety Laboratory) vynikaj\u00edc\u00ed p\u0159\u00edle\u017eitost ke sb\u011bru dat pro...\" \/>\n<meta property=\"og:url\" content=\"https:\/\/alertdiver.eu\/cs_CZ\/clanky\/ve-formentera-vladne-apnea\/\" \/>\n<meta property=\"og:site_name\" content=\"Alert Diver\" \/>\n<meta property=\"article:published_time\" content=\"2012-01-14T23:00:00+00:00\" \/>\n<meta property=\"og:image\" content=\"https:\/\/alertdiver.eu\/wp-content\/uploads\/2023\/06\/alert-diver-article-15.jpg\" \/>\n\t<meta property=\"og:image:width\" content=\"2000\" \/>\n\t<meta property=\"og:image:height\" content=\"1978\" \/>\n\t<meta property=\"og:image:type\" content=\"image\/jpeg\" \/>\n<meta name=\"author\" content=\"microfilla\" \/>\n<meta name=\"twitter:card\" content=\"summary_large_image\" \/>\n<meta name=\"twitter:label1\" content=\"Napsal(a)\" \/>\n\t<meta name=\"twitter:data1\" content=\"microfilla\" \/>\n\t<meta name=\"twitter:label2\" content=\"Odhadovan\u00e1 doba \u010dten\u00ed\" \/>\n\t<meta name=\"twitter:data2\" content=\"2 minuty\" \/>\n<script type=\"application\/ld+json\" class=\"yoast-schema-graph\">{\"@context\":\"https:\/\/schema.org\",\"@graph\":[{\"@type\":\"Article\",\"@id\":\"https:\/\/alertdiver.eu\/cs_CZ\/clanky\/ve-formentera-vladne-apnea\/#article\",\"isPartOf\":{\"@id\":\"https:\/\/alertdiver.eu\/cs_CZ\/clanky\/ve-formentera-vladne-apnea\/\"},\"author\":{\"name\":\"microfilla\",\"@id\":\"https:\/\/alertdiver.eu\/cs_CZ\/#\/schema\/person\/9ba7cb3f05522d75bf215ab2cf40b01b\"},\"headline\":\"Ve Formentera vl\u00e1dne apnea!\",\"datePublished\":\"2012-01-14T23:00:00+00:00\",\"dateModified\":\"2012-01-14T23:00:00+00:00\",\"mainEntityOfPage\":{\"@id\":\"https:\/\/alertdiver.eu\/cs_CZ\/clanky\/ve-formentera-vladne-apnea\/\"},\"wordCount\":474,\"publisher\":{\"@id\":\"https:\/\/alertdiver.eu\/cs_CZ\/#organization\"},\"image\":{\"@id\":\"https:\/\/alertdiver.eu\/cs_CZ\/clanky\/ve-formentera-vladne-apnea\/#primaryimage\"},\"thumbnailUrl\":\"https:\/\/alertdiver.eu\/wp-content\/uploads\/2023\/06\/alert-diver-article-15.jpg\",\"articleSection\":[\"Clanky\"],\"inLanguage\":\"cs\"},{\"@type\":\"WebPage\",\"@id\":\"https:\/\/alertdiver.eu\/cs_CZ\/clanky\/ve-formentera-vladne-apnea\/\",\"url\":\"https:\/\/alertdiver.eu\/cs_CZ\/clanky\/ve-formentera-vladne-apnea\/\",\"name\":\"Ve Formentera vl\u00e1dne apnea! - Alert Diver\",\"isPartOf\":{\"@id\":\"https:\/\/alertdiver.eu\/cs_CZ\/#website\"},\"primaryImageOfPage\":{\"@id\":\"https:\/\/alertdiver.eu\/cs_CZ\/clanky\/ve-formentera-vladne-apnea\/#primaryimage\"},\"image\":{\"@id\":\"https:\/\/alertdiver.eu\/cs_CZ\/clanky\/ve-formentera-vladne-apnea\/#primaryimage\"},\"thumbnailUrl\":\"https:\/\/alertdiver.eu\/wp-content\/uploads\/2023\/06\/alert-diver-article-15.jpg\",\"datePublished\":\"2012-01-14T23:00:00+00:00\",\"dateModified\":\"2012-01-14T23:00:00+00:00\",\"breadcrumb\":{\"@id\":\"https:\/\/alertdiver.eu\/cs_CZ\/clanky\/ve-formentera-vladne-apnea\/#breadcrumb\"},\"inLanguage\":\"cs\",\"potentialAction\":[{\"@type\":\"ReadAction\",\"target\":[\"https:\/\/alertdiver.eu\/cs_CZ\/clanky\/ve-formentera-vladne-apnea\/\"]}]},{\"@type\":\"ImageObject\",\"inLanguage\":\"cs\",\"@id\":\"https:\/\/alertdiver.eu\/cs_CZ\/clanky\/ve-formentera-vladne-apnea\/#primaryimage\",\"url\":\"https:\/\/alertdiver.eu\/wp-content\/uploads\/2023\/06\/alert-diver-article-15.jpg\",\"contentUrl\":\"https:\/\/alertdiver.eu\/wp-content\/uploads\/2023\/06\/alert-diver-article-15.jpg\",\"width\":2000,\"height\":1978},{\"@type\":\"BreadcrumbList\",\"@id\":\"https:\/\/alertdiver.eu\/cs_CZ\/clanky\/ve-formentera-vladne-apnea\/#breadcrumb\",\"itemListElement\":[{\"@type\":\"ListItem\",\"position\":1,\"name\":\"Home\",\"item\":\"https:\/\/alertdiver.eu\/cs_CZ\/\"},{\"@type\":\"ListItem\",\"position\":2,\"name\":\"Ve Formentera vl\u00e1dne apnea!\"}]},{\"@type\":\"WebSite\",\"@id\":\"https:\/\/alertdiver.eu\/cs_CZ\/#website\",\"url\":\"https:\/\/alertdiver.eu\/cs_CZ\/\",\"name\":\"Alert Diver Europe\",\"description\":\"Access, discover and share the latest diving safety content from DAN Europe.\",\"publisher\":{\"@id\":\"https:\/\/alertdiver.eu\/cs_CZ\/#organization\"},\"potentialAction\":[{\"@type\":\"SearchAction\",\"target\":{\"@type\":\"EntryPoint\",\"urlTemplate\":\"https:\/\/alertdiver.eu\/cs_CZ\/?s={search_term_string}\"},\"query-input\":{\"@type\":\"PropertyValueSpecification\",\"valueRequired\":true,\"valueName\":\"search_term_string\"}}],\"inLanguage\":\"cs\"},{\"@type\":\"Organization\",\"@id\":\"https:\/\/alertdiver.eu\/cs_CZ\/#organization\",\"name\":\"Alert Diver Europe\",\"url\":\"https:\/\/alertdiver.eu\/cs_CZ\/\",\"logo\":{\"@type\":\"ImageObject\",\"inLanguage\":\"cs\",\"@id\":\"https:\/\/alertdiver.eu\/cs_CZ\/#\/schema\/logo\/image\/\",\"url\":\"https:\/\/alertdiver.eu\/wp-content\/uploads\/2023\/02\/cropped-favicon.png\",\"contentUrl\":\"https:\/\/alertdiver.eu\/wp-content\/uploads\/2023\/02\/cropped-favicon.png\",\"width\":512,\"height\":512,\"caption\":\"Alert Diver Europe\"},\"image\":{\"@id\":\"https:\/\/alertdiver.eu\/cs_CZ\/#\/schema\/logo\/image\/\"}},{\"@type\":\"Person\",\"@id\":\"https:\/\/alertdiver.eu\/cs_CZ\/#\/schema\/person\/9ba7cb3f05522d75bf215ab2cf40b01b\",\"name\":\"microfilla\",\"image\":{\"@type\":\"ImageObject\",\"inLanguage\":\"cs\",\"@id\":\"https:\/\/alertdiver.eu\/cs_CZ\/#\/schema\/person\/image\/\",\"url\":\"https:\/\/secure.gravatar.com\/avatar\/09f39449f14df8c3ad651888221bb907?s=96&d=mm&r=g\",\"contentUrl\":\"https:\/\/secure.gravatar.com\/avatar\/09f39449f14df8c3ad651888221bb907?s=96&d=mm&r=g\",\"caption\":\"microfilla\"},\"sameAs\":[\"https:\/\/microfilla.com\"],\"url\":\"https:\/\/alertdiver.eu\/cs_CZ\/author\/microfilla\/\"}]}<\/script>\n<!-- \/ Yoast SEO plugin. -->","yoast_head_json":{"title":"Ve Formentera vl\u00e1dne apnea! - Alert Diver","robots":{"index":"index","follow":"follow","max-snippet":"max-snippet:-1","max-image-preview":"max-image-preview:large","max-video-preview":"max-video-preview:-1"},"canonical":"https:\/\/alertdiver.eu\/cs_CZ\/clanky\/ve-formentera-vladne-apnea\/","og_locale":"cs_CZ","og_type":"article","og_title":"Ve Formentera vl\u00e1dne apnea! - Alert Diver","og_description":"Workshop s Umbertem Pelizzarim na t\u00e9ma apnea poskytl na\u0161\u00ed Laborato\u0159i pro bezpe\u010dnost p\u0159i pot\u00e1p\u011bn\u00ed, tj. DSL (Diving Safety Laboratory) vynikaj\u00edc\u00ed p\u0159\u00edle\u017eitost ke sb\u011bru dat pro...","og_url":"https:\/\/alertdiver.eu\/cs_CZ\/clanky\/ve-formentera-vladne-apnea\/","og_site_name":"Alert Diver","article_published_time":"2012-01-14T23:00:00+00:00","og_image":[{"width":2000,"height":1978,"url":"https:\/\/alertdiver.eu\/wp-content\/uploads\/2023\/06\/alert-diver-article-15.jpg","type":"image\/jpeg"}],"author":"microfilla","twitter_card":"summary_large_image","twitter_misc":{"Napsal(a)":"microfilla","Odhadovan\u00e1 doba \u010dten\u00ed":"2 minuty"},"schema":{"@context":"https:\/\/schema.org","@graph":[{"@type":"Article","@id":"https:\/\/alertdiver.eu\/cs_CZ\/clanky\/ve-formentera-vladne-apnea\/#article","isPartOf":{"@id":"https:\/\/alertdiver.eu\/cs_CZ\/clanky\/ve-formentera-vladne-apnea\/"},"author":{"name":"microfilla","@id":"https:\/\/alertdiver.eu\/cs_CZ\/#\/schema\/person\/9ba7cb3f05522d75bf215ab2cf40b01b"},"headline":"Ve Formentera vl\u00e1dne apnea!","datePublished":"2012-01-14T23:00:00+00:00","dateModified":"2012-01-14T23:00:00+00:00","mainEntityOfPage":{"@id":"https:\/\/alertdiver.eu\/cs_CZ\/clanky\/ve-formentera-vladne-apnea\/"},"wordCount":474,"publisher":{"@id":"https:\/\/alertdiver.eu\/cs_CZ\/#organization"},"image":{"@id":"https:\/\/alertdiver.eu\/cs_CZ\/clanky\/ve-formentera-vladne-apnea\/#primaryimage"},"thumbnailUrl":"https:\/\/alertdiver.eu\/wp-content\/uploads\/2023\/06\/alert-diver-article-15.jpg","articleSection":["Clanky"],"inLanguage":"cs"},{"@type":"WebPage","@id":"https:\/\/alertdiver.eu\/cs_CZ\/clanky\/ve-formentera-vladne-apnea\/","url":"https:\/\/alertdiver.eu\/cs_CZ\/clanky\/ve-formentera-vladne-apnea\/","name":"Ve Formentera vl\u00e1dne apnea! - Alert Diver","isPartOf":{"@id":"https:\/\/alertdiver.eu\/cs_CZ\/#website"},"primaryImageOfPage":{"@id":"https:\/\/alertdiver.eu\/cs_CZ\/clanky\/ve-formentera-vladne-apnea\/#primaryimage"},"image":{"@id":"https:\/\/alertdiver.eu\/cs_CZ\/clanky\/ve-formentera-vladne-apnea\/#primaryimage"},"thumbnailUrl":"https:\/\/alertdiver.eu\/wp-content\/uploads\/2023\/06\/alert-diver-article-15.jpg","datePublished":"2012-01-14T23:00:00+00:00","dateModified":"2012-01-14T23:00:00+00:00","breadcrumb":{"@id":"https:\/\/alertdiver.eu\/cs_CZ\/clanky\/ve-formentera-vladne-apnea\/#breadcrumb"},"inLanguage":"cs","potentialAction":[{"@type":"ReadAction","target":["https:\/\/alertdiver.eu\/cs_CZ\/clanky\/ve-formentera-vladne-apnea\/"]}]},{"@type":"ImageObject","inLanguage":"cs","@id":"https:\/\/alertdiver.eu\/cs_CZ\/clanky\/ve-formentera-vladne-apnea\/#primaryimage","url":"https:\/\/alertdiver.eu\/wp-content\/uploads\/2023\/06\/alert-diver-article-15.jpg","contentUrl":"https:\/\/alertdiver.eu\/wp-content\/uploads\/2023\/06\/alert-diver-article-15.jpg","width":2000,"height":1978},{"@type":"BreadcrumbList","@id":"https:\/\/alertdiver.eu\/cs_CZ\/clanky\/ve-formentera-vladne-apnea\/#breadcrumb","itemListElement":[{"@type":"ListItem","position":1,"name":"Home","item":"https:\/\/alertdiver.eu\/cs_CZ\/"},{"@type":"ListItem","position":2,"name":"Ve Formentera vl\u00e1dne apnea!"}]},{"@type":"WebSite","@id":"https:\/\/alertdiver.eu\/cs_CZ\/#website","url":"https:\/\/alertdiver.eu\/cs_CZ\/","name":"Alert Diver Europe","description":"Access, discover and share the latest diving safety content from DAN Europe.","publisher":{"@id":"https:\/\/alertdiver.eu\/cs_CZ\/#organization"},"potentialAction":[{"@type":"SearchAction","target":{"@type":"EntryPoint","urlTemplate":"https:\/\/alertdiver.eu\/cs_CZ\/?s={search_term_string}"},"query-input":{"@type":"PropertyValueSpecification","valueRequired":true,"valueName":"search_term_string"}}],"inLanguage":"cs"},{"@type":"Organization","@id":"https:\/\/alertdiver.eu\/cs_CZ\/#organization","name":"Alert Diver Europe","url":"https:\/\/alertdiver.eu\/cs_CZ\/","logo":{"@type":"ImageObject","inLanguage":"cs","@id":"https:\/\/alertdiver.eu\/cs_CZ\/#\/schema\/logo\/image\/","url":"https:\/\/alertdiver.eu\/wp-content\/uploads\/2023\/02\/cropped-favicon.png","contentUrl":"https:\/\/alertdiver.eu\/wp-content\/uploads\/2023\/02\/cropped-favicon.png","width":512,"height":512,"caption":"Alert Diver Europe"},"image":{"@id":"https:\/\/alertdiver.eu\/cs_CZ\/#\/schema\/logo\/image\/"}},{"@type":"Person","@id":"https:\/\/alertdiver.eu\/cs_CZ\/#\/schema\/person\/9ba7cb3f05522d75bf215ab2cf40b01b","name":"microfilla","image":{"@type":"ImageObject","inLanguage":"cs","@id":"https:\/\/alertdiver.eu\/cs_CZ\/#\/schema\/person\/image\/","url":"https:\/\/secure.gravatar.com\/avatar\/09f39449f14df8c3ad651888221bb907?s=96&d=mm&r=g","contentUrl":"https:\/\/secure.gravatar.com\/avatar\/09f39449f14df8c3ad651888221bb907?s=96&d=mm&r=g","caption":"microfilla"},"sameAs":["https:\/\/microfilla.com"],"url":"https:\/\/alertdiver.eu\/cs_CZ\/author\/microfilla\/"}]}},"_links":{"self":[{"href":"https:\/\/alertdiver.eu\/cs_CZ\/wp-json\/wp\/v2\/posts\/11385481","targetHints":{"allow":["GET"]}}],"collection":[{"href":"https:\/\/alertdiver.eu\/cs_CZ\/wp-json\/wp\/v2\/posts"}],"about":[{"href":"https:\/\/alertdiver.eu\/cs_CZ\/wp-json\/wp\/v2\/types\/post"}],"author":[{"embeddable":true,"href":"https:\/\/alertdiver.eu\/cs_CZ\/wp-json\/wp\/v2\/users\/1"}],"replies":[{"embeddable":true,"href":"https:\/\/alertdiver.eu\/cs_CZ\/wp-json\/wp\/v2\/comments?post=11385481"}],"version-history":[{"count":0,"href":"https:\/\/alertdiver.eu\/cs_CZ\/wp-json\/wp\/v2\/posts\/11385481\/revisions"}],"wp:featuredmedia":[{"embeddable":true,"href":"https:\/\/alertdiver.eu\/cs_CZ\/wp-json\/wp\/v2\/media\/11373320"}],"wp:attachment":[{"href":"https:\/\/alertdiver.eu\/cs_CZ\/wp-json\/wp\/v2\/media?parent=11385481"}],"wp:term":[{"taxonomy":"category","embeddable":true,"href":"https:\/\/alertdiver.eu\/cs_CZ\/wp-json\/wp\/v2\/categories?post=11385481"},{"taxonomy":"post_tag","embeddable":true,"href":"https:\/\/alertdiver.eu\/cs_CZ\/wp-json\/wp\/v2\/tags?post=11385481"},{"taxonomy":"authors","embeddable":true,"href":"https:\/\/alertdiver.eu\/cs_CZ\/wp-json\/wp\/v2\/authors?post=11385481"}],"curies":[{"name":"wp","href":"https:\/\/api.w.org\/{rel}","templated":true}]}}