{"id":11385534,"date":"2010-10-15T00:00:00","date_gmt":"2010-10-14T22:00:00","guid":{"rendered":"https:\/\/alertdiver.eu\/uncategorized-cs_cz\/dan-a-expedice-pro-vyzkum-menicich-se-oceanu-pratelstvi-se-spolecnym-cilem\/"},"modified":"2010-10-15T00:00:00","modified_gmt":"2010-10-14T22:00:00","slug":"dan-a-expedice-pro-vyzkum-menicich-se-oceanu-pratelstvi-se-spolecnym-cilem","status":"publish","type":"post","link":"https:\/\/alertdiver.eu\/cs_CZ\/clanky\/dan-a-expedice-pro-vyzkum-menicich-se-oceanu-pratelstvi-se-spolecnym-cilem\/","title":{"rendered":"DAN a Expedice pro v\u00fdzkum m\u011bn\u00edc\u00edch se oce\u00e1n\u016f: P\u0159\u00e1telstv\u00ed se spole\u010dn\u00fdm c\u00edlem."},"content":{"rendered":"<p style=\"text-align: justify;\">DAN Europe s pot\u011b\u0161en\u00edm oznamuje, \u017ee se stala ofici\u00e1ln\u00edm p\u0159\u00edtelem Expedice pro v\u00fdzkum m\u011bn\u00edc\u00edch se oce\u00e1n\u016f, co\u017e je desetilet\u00e1 akce vedouc\u00ed p\u0159es sv\u011btov\u011b nejv\u00fdznamn\u011bj\u0161\u00ed mo\u0159sk\u00e9 ekoregiony s c\u00edlem poskytnout cel\u00e9mu sv\u011btu nejnov\u011bj\u0161\u00ed informace o stavu na\u0161ich oce\u00e1n\u016f. Tato expedice vyvine nov\u00e9 zp\u016fsoby pro v\u00fdzkum oce\u00e1n\u016f a bude sv\u00e9 poznatky a n\u00e1lezy sd\u00edlet prost\u0159ednictv\u00edm nov\u00fdch interaktivn\u00edch m\u00e9di\u00ed doslova den za dnem a okam\u017eik za okam\u017eikem s novou internetovou generac\u00ed.<\/p>\n<p style=\"text-align: justify;\"> Cel\u00fd projekt m\u00e1 zjistit skute\u010dn\u00fd stav nejd\u016fle\u017eit\u011bj\u0161\u00edch mo\u0159sk\u00fdch ekosyst\u00e9m\u016f a oblast\u00ed po cel\u00e9m sv\u011bt\u011b. Sn\u00edmky po\u0159izovan\u00e9 na z\u00e1klad\u011b nejr\u016fzn\u011bj\u0161\u00edch studi\u00ed a pozorov\u00e1n\u00ed poskytnou v\u011bdc\u016fm podklady pro dal\u0161\u00ed v\u00fdzkumy.<br \/> V\u011bdci z oboru medic\u00edny, biodiversity, ekologie, klimatologie a mo\u0159sk\u00e9 archeologie budou prov\u00e1d\u011bt specifick\u00e9 v\u00fdzkumy, aby se zjistilo, co se ve skute\u010dnosti d\u011bje v dan\u00e9 mo\u0159sk\u00e9 oblasti a p\u0159itom budou dlouhodob\u011b shroma\u017e\u010fovat data a informace o mo\u0159sk\u00fdch syst\u00e9mech a v nich existuj\u00edc\u00edm \u017eivot\u011b.<br \/> &nbsp;<\/p>\n<p style=\"text-align: justify;\">Tato expedice m\u00e1 mnoho p\u0159isp\u011bvatel\u016f a spolupracovn\u00edk\u016f ochotn\u00fdch p\u0159ilo\u017eit ruku k d\u00edlu tam, kde je pot\u0159eba speci\u00e1ln\u00edch znalost\u00ed a dovednost\u00ed a DAN je hrd\u00e1 na to, \u017ee k nim tak\u00e9 pat\u0159\u00ed.<br \/> DAN darovala p\u0159\u00e1tel\u016fm z pos\u00e1dky M\u011bn\u00edc\u00ed se oce\u00e1ny Doppler\u016fv ultrazvukov\u00fd p\u0159\u00edstroj a rekord\u00e9r na zaznamen\u00e1v\u00e1n\u00ed dat z\u00edskan\u00fdch p\u0159i pot\u00e1p\u011bn\u00ed. Tyto p\u0159\u00edstroje umo\u017en\u00ed pos\u00e1dce zji\u0161\u0165ovat a registrovat pohyb bublinek v krevn\u00edm \u0159e\u010di\u0161ti po proveden\u00fdch ponorech. Zji\u0161\u0165ov\u00e1n\u00ed bublinek se bude prov\u00e1d\u011bt podle pravidel DAN DSL (Laborato\u0159e pro bezpe\u010dnost p\u0159i pot\u00e1p\u011bn\u00ed). Laborato\u0159 DSL bude z\u00edskan\u00e9 \u00fadaje shroma\u017e\u010fovat a pou\u017e\u00edvat je pro dopl\u0148ov\u00e1n\u00ed sv\u00e9 v\u00fdzkumn\u00e9 datab\u00e1ze.<br \/> &nbsp;<\/p>\n<p><strong>Link<\/strong><\/p>\n<p><a href=\"http:\/\/www.changingoceans.org\/en\/\">www.changingoceans.org<\/a><\/p>\n","protected":false},"excerpt":{"rendered":"<p>DAN Europe s pot\u011b\u0161en\u00edm oznamuje, \u017ee se stala ofici\u00e1ln\u00edm p\u0159\u00edtelem Expedice pro v\u00fdzkum m\u011bn\u00edc\u00edch se oce\u00e1n\u016f, co\u017e je desetilet\u00e1 akce vedouc\u00ed p\u0159es sv\u011btov\u011b nejv\u00fdznamn\u011bj\u0161\u00ed mo\u0159sk\u00e9&#8230;<\/p>\n","protected":false},"author":1,"featured_media":11373881,"comment_status":"closed","ping_status":"closed","sticky":false,"template":"","format":"standard","meta":{"_acf_changed":false,"footnotes":""},"categories":[384],"tags":[],"authors":[856],"class_list":["post-11385534","post","type-post","status-publish","format-standard","has-post-thumbnail","hentry","category-clanky","authors-dan-europe-staff-cs_cz"],"acf":[],"yoast_head":"<!-- This site is optimized with the Yoast SEO plugin v24.2 - https:\/\/yoast.com\/wordpress\/plugins\/seo\/ -->\n<title>DAN a Expedice pro v\u00fdzkum m\u011bn\u00edc\u00edch se oce\u00e1n\u016f: P\u0159\u00e1telstv\u00ed se spole\u010dn\u00fdm c\u00edlem. - Alert Diver<\/title>\n<meta name=\"robots\" content=\"index, follow, max-snippet:-1, max-image-preview:large, max-video-preview:-1\" \/>\n<link rel=\"canonical\" href=\"https:\/\/alertdiver.eu\/cs_CZ\/clanky\/dan-a-expedice-pro-vyzkum-menicich-se-oceanu-pratelstvi-se-spolecnym-cilem\/\" \/>\n<meta property=\"og:locale\" content=\"cs_CZ\" \/>\n<meta property=\"og:type\" content=\"article\" \/>\n<meta property=\"og:title\" content=\"DAN a Expedice pro v\u00fdzkum m\u011bn\u00edc\u00edch se oce\u00e1n\u016f: P\u0159\u00e1telstv\u00ed se spole\u010dn\u00fdm c\u00edlem. - Alert Diver\" \/>\n<meta property=\"og:description\" content=\"DAN Europe s pot\u011b\u0161en\u00edm oznamuje, \u017ee se stala ofici\u00e1ln\u00edm p\u0159\u00edtelem Expedice pro v\u00fdzkum m\u011bn\u00edc\u00edch se oce\u00e1n\u016f, co\u017e je desetilet\u00e1 akce vedouc\u00ed p\u0159es sv\u011btov\u011b nejv\u00fdznamn\u011bj\u0161\u00ed mo\u0159sk\u00e9...\" \/>\n<meta property=\"og:url\" content=\"https:\/\/alertdiver.eu\/cs_CZ\/clanky\/dan-a-expedice-pro-vyzkum-menicich-se-oceanu-pratelstvi-se-spolecnym-cilem\/\" \/>\n<meta property=\"og:site_name\" content=\"Alert Diver\" \/>\n<meta property=\"article:published_time\" content=\"2010-10-14T22:00:00+00:00\" \/>\n<meta property=\"og:image\" content=\"https:\/\/alertdiver.eu\/wp-content\/uploads\/2023\/06\/alert-diver-article-113.jpg\" \/>\n\t<meta property=\"og:image:width\" content=\"2000\" \/>\n\t<meta property=\"og:image:height\" content=\"1333\" \/>\n\t<meta property=\"og:image:type\" content=\"image\/jpeg\" \/>\n<meta name=\"author\" content=\"microfilla\" \/>\n<meta name=\"twitter:card\" content=\"summary_large_image\" \/>\n<meta name=\"twitter:label1\" content=\"Napsal(a)\" \/>\n\t<meta name=\"twitter:data1\" content=\"microfilla\" \/>\n\t<meta name=\"twitter:label2\" content=\"Odhadovan\u00e1 doba \u010dten\u00ed\" \/>\n\t<meta name=\"twitter:data2\" content=\"2 minuty\" \/>\n<script type=\"application\/ld+json\" class=\"yoast-schema-graph\">{\"@context\":\"https:\/\/schema.org\",\"@graph\":[{\"@type\":\"Article\",\"@id\":\"https:\/\/alertdiver.eu\/cs_CZ\/clanky\/dan-a-expedice-pro-vyzkum-menicich-se-oceanu-pratelstvi-se-spolecnym-cilem\/#article\",\"isPartOf\":{\"@id\":\"https:\/\/alertdiver.eu\/cs_CZ\/clanky\/dan-a-expedice-pro-vyzkum-menicich-se-oceanu-pratelstvi-se-spolecnym-cilem\/\"},\"author\":{\"name\":\"microfilla\",\"@id\":\"https:\/\/alertdiver.eu\/cs_CZ\/#\/schema\/person\/9ba7cb3f05522d75bf215ab2cf40b01b\"},\"headline\":\"DAN a Expedice pro v\u00fdzkum m\u011bn\u00edc\u00edch se oce\u00e1n\u016f: P\u0159\u00e1telstv\u00ed se spole\u010dn\u00fdm c\u00edlem.\",\"datePublished\":\"2010-10-14T22:00:00+00:00\",\"dateModified\":\"2010-10-14T22:00:00+00:00\",\"mainEntityOfPage\":{\"@id\":\"https:\/\/alertdiver.eu\/cs_CZ\/clanky\/dan-a-expedice-pro-vyzkum-menicich-se-oceanu-pratelstvi-se-spolecnym-cilem\/\"},\"wordCount\":377,\"publisher\":{\"@id\":\"https:\/\/alertdiver.eu\/cs_CZ\/#organization\"},\"image\":{\"@id\":\"https:\/\/alertdiver.eu\/cs_CZ\/clanky\/dan-a-expedice-pro-vyzkum-menicich-se-oceanu-pratelstvi-se-spolecnym-cilem\/#primaryimage\"},\"thumbnailUrl\":\"https:\/\/alertdiver.eu\/wp-content\/uploads\/2023\/06\/alert-diver-article-113.jpg\",\"articleSection\":[\"Clanky\"],\"inLanguage\":\"cs\"},{\"@type\":\"WebPage\",\"@id\":\"https:\/\/alertdiver.eu\/cs_CZ\/clanky\/dan-a-expedice-pro-vyzkum-menicich-se-oceanu-pratelstvi-se-spolecnym-cilem\/\",\"url\":\"https:\/\/alertdiver.eu\/cs_CZ\/clanky\/dan-a-expedice-pro-vyzkum-menicich-se-oceanu-pratelstvi-se-spolecnym-cilem\/\",\"name\":\"DAN a Expedice pro v\u00fdzkum m\u011bn\u00edc\u00edch se oce\u00e1n\u016f: P\u0159\u00e1telstv\u00ed se spole\u010dn\u00fdm c\u00edlem. - Alert Diver\",\"isPartOf\":{\"@id\":\"https:\/\/alertdiver.eu\/cs_CZ\/#website\"},\"primaryImageOfPage\":{\"@id\":\"https:\/\/alertdiver.eu\/cs_CZ\/clanky\/dan-a-expedice-pro-vyzkum-menicich-se-oceanu-pratelstvi-se-spolecnym-cilem\/#primaryimage\"},\"image\":{\"@id\":\"https:\/\/alertdiver.eu\/cs_CZ\/clanky\/dan-a-expedice-pro-vyzkum-menicich-se-oceanu-pratelstvi-se-spolecnym-cilem\/#primaryimage\"},\"thumbnailUrl\":\"https:\/\/alertdiver.eu\/wp-content\/uploads\/2023\/06\/alert-diver-article-113.jpg\",\"datePublished\":\"2010-10-14T22:00:00+00:00\",\"dateModified\":\"2010-10-14T22:00:00+00:00\",\"breadcrumb\":{\"@id\":\"https:\/\/alertdiver.eu\/cs_CZ\/clanky\/dan-a-expedice-pro-vyzkum-menicich-se-oceanu-pratelstvi-se-spolecnym-cilem\/#breadcrumb\"},\"inLanguage\":\"cs\",\"potentialAction\":[{\"@type\":\"ReadAction\",\"target\":[\"https:\/\/alertdiver.eu\/cs_CZ\/clanky\/dan-a-expedice-pro-vyzkum-menicich-se-oceanu-pratelstvi-se-spolecnym-cilem\/\"]}]},{\"@type\":\"ImageObject\",\"inLanguage\":\"cs\",\"@id\":\"https:\/\/alertdiver.eu\/cs_CZ\/clanky\/dan-a-expedice-pro-vyzkum-menicich-se-oceanu-pratelstvi-se-spolecnym-cilem\/#primaryimage\",\"url\":\"https:\/\/alertdiver.eu\/wp-content\/uploads\/2023\/06\/alert-diver-article-113.jpg\",\"contentUrl\":\"https:\/\/alertdiver.eu\/wp-content\/uploads\/2023\/06\/alert-diver-article-113.jpg\",\"width\":2000,\"height\":1333},{\"@type\":\"BreadcrumbList\",\"@id\":\"https:\/\/alertdiver.eu\/cs_CZ\/clanky\/dan-a-expedice-pro-vyzkum-menicich-se-oceanu-pratelstvi-se-spolecnym-cilem\/#breadcrumb\",\"itemListElement\":[{\"@type\":\"ListItem\",\"position\":1,\"name\":\"Home\",\"item\":\"https:\/\/alertdiver.eu\/cs_CZ\/\"},{\"@type\":\"ListItem\",\"position\":2,\"name\":\"DAN a Expedice pro v\u00fdzkum m\u011bn\u00edc\u00edch se oce\u00e1n\u016f: P\u0159\u00e1telstv\u00ed se spole\u010dn\u00fdm c\u00edlem.\"}]},{\"@type\":\"WebSite\",\"@id\":\"https:\/\/alertdiver.eu\/cs_CZ\/#website\",\"url\":\"https:\/\/alertdiver.eu\/cs_CZ\/\",\"name\":\"Alert Diver Europe\",\"description\":\"Access, discover and share the latest diving safety content from DAN Europe.\",\"publisher\":{\"@id\":\"https:\/\/alertdiver.eu\/cs_CZ\/#organization\"},\"potentialAction\":[{\"@type\":\"SearchAction\",\"target\":{\"@type\":\"EntryPoint\",\"urlTemplate\":\"https:\/\/alertdiver.eu\/cs_CZ\/?s={search_term_string}\"},\"query-input\":{\"@type\":\"PropertyValueSpecification\",\"valueRequired\":true,\"valueName\":\"search_term_string\"}}],\"inLanguage\":\"cs\"},{\"@type\":\"Organization\",\"@id\":\"https:\/\/alertdiver.eu\/cs_CZ\/#organization\",\"name\":\"Alert Diver Europe\",\"url\":\"https:\/\/alertdiver.eu\/cs_CZ\/\",\"logo\":{\"@type\":\"ImageObject\",\"inLanguage\":\"cs\",\"@id\":\"https:\/\/alertdiver.eu\/cs_CZ\/#\/schema\/logo\/image\/\",\"url\":\"https:\/\/alertdiver.eu\/wp-content\/uploads\/2023\/02\/cropped-favicon.png\",\"contentUrl\":\"https:\/\/alertdiver.eu\/wp-content\/uploads\/2023\/02\/cropped-favicon.png\",\"width\":512,\"height\":512,\"caption\":\"Alert Diver Europe\"},\"image\":{\"@id\":\"https:\/\/alertdiver.eu\/cs_CZ\/#\/schema\/logo\/image\/\"}},{\"@type\":\"Person\",\"@id\":\"https:\/\/alertdiver.eu\/cs_CZ\/#\/schema\/person\/9ba7cb3f05522d75bf215ab2cf40b01b\",\"name\":\"microfilla\",\"image\":{\"@type\":\"ImageObject\",\"inLanguage\":\"cs\",\"@id\":\"https:\/\/alertdiver.eu\/cs_CZ\/#\/schema\/person\/image\/\",\"url\":\"https:\/\/secure.gravatar.com\/avatar\/09f39449f14df8c3ad651888221bb907?s=96&d=mm&r=g\",\"contentUrl\":\"https:\/\/secure.gravatar.com\/avatar\/09f39449f14df8c3ad651888221bb907?s=96&d=mm&r=g\",\"caption\":\"microfilla\"},\"sameAs\":[\"https:\/\/microfilla.com\"],\"url\":\"https:\/\/alertdiver.eu\/cs_CZ\/author\/microfilla\/\"}]}<\/script>\n<!-- \/ Yoast SEO plugin. -->","yoast_head_json":{"title":"DAN a Expedice pro v\u00fdzkum m\u011bn\u00edc\u00edch se oce\u00e1n\u016f: P\u0159\u00e1telstv\u00ed se spole\u010dn\u00fdm c\u00edlem. - Alert Diver","robots":{"index":"index","follow":"follow","max-snippet":"max-snippet:-1","max-image-preview":"max-image-preview:large","max-video-preview":"max-video-preview:-1"},"canonical":"https:\/\/alertdiver.eu\/cs_CZ\/clanky\/dan-a-expedice-pro-vyzkum-menicich-se-oceanu-pratelstvi-se-spolecnym-cilem\/","og_locale":"cs_CZ","og_type":"article","og_title":"DAN a Expedice pro v\u00fdzkum m\u011bn\u00edc\u00edch se oce\u00e1n\u016f: P\u0159\u00e1telstv\u00ed se spole\u010dn\u00fdm c\u00edlem. - Alert Diver","og_description":"DAN Europe s pot\u011b\u0161en\u00edm oznamuje, \u017ee se stala ofici\u00e1ln\u00edm p\u0159\u00edtelem Expedice pro v\u00fdzkum m\u011bn\u00edc\u00edch se oce\u00e1n\u016f, co\u017e je desetilet\u00e1 akce vedouc\u00ed p\u0159es sv\u011btov\u011b nejv\u00fdznamn\u011bj\u0161\u00ed mo\u0159sk\u00e9...","og_url":"https:\/\/alertdiver.eu\/cs_CZ\/clanky\/dan-a-expedice-pro-vyzkum-menicich-se-oceanu-pratelstvi-se-spolecnym-cilem\/","og_site_name":"Alert Diver","article_published_time":"2010-10-14T22:00:00+00:00","og_image":[{"width":2000,"height":1333,"url":"https:\/\/alertdiver.eu\/wp-content\/uploads\/2023\/06\/alert-diver-article-113.jpg","type":"image\/jpeg"}],"author":"microfilla","twitter_card":"summary_large_image","twitter_misc":{"Napsal(a)":"microfilla","Odhadovan\u00e1 doba \u010dten\u00ed":"2 minuty"},"schema":{"@context":"https:\/\/schema.org","@graph":[{"@type":"Article","@id":"https:\/\/alertdiver.eu\/cs_CZ\/clanky\/dan-a-expedice-pro-vyzkum-menicich-se-oceanu-pratelstvi-se-spolecnym-cilem\/#article","isPartOf":{"@id":"https:\/\/alertdiver.eu\/cs_CZ\/clanky\/dan-a-expedice-pro-vyzkum-menicich-se-oceanu-pratelstvi-se-spolecnym-cilem\/"},"author":{"name":"microfilla","@id":"https:\/\/alertdiver.eu\/cs_CZ\/#\/schema\/person\/9ba7cb3f05522d75bf215ab2cf40b01b"},"headline":"DAN a Expedice pro v\u00fdzkum m\u011bn\u00edc\u00edch se oce\u00e1n\u016f: P\u0159\u00e1telstv\u00ed se spole\u010dn\u00fdm c\u00edlem.","datePublished":"2010-10-14T22:00:00+00:00","dateModified":"2010-10-14T22:00:00+00:00","mainEntityOfPage":{"@id":"https:\/\/alertdiver.eu\/cs_CZ\/clanky\/dan-a-expedice-pro-vyzkum-menicich-se-oceanu-pratelstvi-se-spolecnym-cilem\/"},"wordCount":377,"publisher":{"@id":"https:\/\/alertdiver.eu\/cs_CZ\/#organization"},"image":{"@id":"https:\/\/alertdiver.eu\/cs_CZ\/clanky\/dan-a-expedice-pro-vyzkum-menicich-se-oceanu-pratelstvi-se-spolecnym-cilem\/#primaryimage"},"thumbnailUrl":"https:\/\/alertdiver.eu\/wp-content\/uploads\/2023\/06\/alert-diver-article-113.jpg","articleSection":["Clanky"],"inLanguage":"cs"},{"@type":"WebPage","@id":"https:\/\/alertdiver.eu\/cs_CZ\/clanky\/dan-a-expedice-pro-vyzkum-menicich-se-oceanu-pratelstvi-se-spolecnym-cilem\/","url":"https:\/\/alertdiver.eu\/cs_CZ\/clanky\/dan-a-expedice-pro-vyzkum-menicich-se-oceanu-pratelstvi-se-spolecnym-cilem\/","name":"DAN a Expedice pro v\u00fdzkum m\u011bn\u00edc\u00edch se oce\u00e1n\u016f: P\u0159\u00e1telstv\u00ed se spole\u010dn\u00fdm c\u00edlem. - Alert Diver","isPartOf":{"@id":"https:\/\/alertdiver.eu\/cs_CZ\/#website"},"primaryImageOfPage":{"@id":"https:\/\/alertdiver.eu\/cs_CZ\/clanky\/dan-a-expedice-pro-vyzkum-menicich-se-oceanu-pratelstvi-se-spolecnym-cilem\/#primaryimage"},"image":{"@id":"https:\/\/alertdiver.eu\/cs_CZ\/clanky\/dan-a-expedice-pro-vyzkum-menicich-se-oceanu-pratelstvi-se-spolecnym-cilem\/#primaryimage"},"thumbnailUrl":"https:\/\/alertdiver.eu\/wp-content\/uploads\/2023\/06\/alert-diver-article-113.jpg","datePublished":"2010-10-14T22:00:00+00:00","dateModified":"2010-10-14T22:00:00+00:00","breadcrumb":{"@id":"https:\/\/alertdiver.eu\/cs_CZ\/clanky\/dan-a-expedice-pro-vyzkum-menicich-se-oceanu-pratelstvi-se-spolecnym-cilem\/#breadcrumb"},"inLanguage":"cs","potentialAction":[{"@type":"ReadAction","target":["https:\/\/alertdiver.eu\/cs_CZ\/clanky\/dan-a-expedice-pro-vyzkum-menicich-se-oceanu-pratelstvi-se-spolecnym-cilem\/"]}]},{"@type":"ImageObject","inLanguage":"cs","@id":"https:\/\/alertdiver.eu\/cs_CZ\/clanky\/dan-a-expedice-pro-vyzkum-menicich-se-oceanu-pratelstvi-se-spolecnym-cilem\/#primaryimage","url":"https:\/\/alertdiver.eu\/wp-content\/uploads\/2023\/06\/alert-diver-article-113.jpg","contentUrl":"https:\/\/alertdiver.eu\/wp-content\/uploads\/2023\/06\/alert-diver-article-113.jpg","width":2000,"height":1333},{"@type":"BreadcrumbList","@id":"https:\/\/alertdiver.eu\/cs_CZ\/clanky\/dan-a-expedice-pro-vyzkum-menicich-se-oceanu-pratelstvi-se-spolecnym-cilem\/#breadcrumb","itemListElement":[{"@type":"ListItem","position":1,"name":"Home","item":"https:\/\/alertdiver.eu\/cs_CZ\/"},{"@type":"ListItem","position":2,"name":"DAN a Expedice pro v\u00fdzkum m\u011bn\u00edc\u00edch se oce\u00e1n\u016f: P\u0159\u00e1telstv\u00ed se spole\u010dn\u00fdm c\u00edlem."}]},{"@type":"WebSite","@id":"https:\/\/alertdiver.eu\/cs_CZ\/#website","url":"https:\/\/alertdiver.eu\/cs_CZ\/","name":"Alert Diver Europe","description":"Access, discover and share the latest diving safety content from DAN Europe.","publisher":{"@id":"https:\/\/alertdiver.eu\/cs_CZ\/#organization"},"potentialAction":[{"@type":"SearchAction","target":{"@type":"EntryPoint","urlTemplate":"https:\/\/alertdiver.eu\/cs_CZ\/?s={search_term_string}"},"query-input":{"@type":"PropertyValueSpecification","valueRequired":true,"valueName":"search_term_string"}}],"inLanguage":"cs"},{"@type":"Organization","@id":"https:\/\/alertdiver.eu\/cs_CZ\/#organization","name":"Alert Diver Europe","url":"https:\/\/alertdiver.eu\/cs_CZ\/","logo":{"@type":"ImageObject","inLanguage":"cs","@id":"https:\/\/alertdiver.eu\/cs_CZ\/#\/schema\/logo\/image\/","url":"https:\/\/alertdiver.eu\/wp-content\/uploads\/2023\/02\/cropped-favicon.png","contentUrl":"https:\/\/alertdiver.eu\/wp-content\/uploads\/2023\/02\/cropped-favicon.png","width":512,"height":512,"caption":"Alert Diver Europe"},"image":{"@id":"https:\/\/alertdiver.eu\/cs_CZ\/#\/schema\/logo\/image\/"}},{"@type":"Person","@id":"https:\/\/alertdiver.eu\/cs_CZ\/#\/schema\/person\/9ba7cb3f05522d75bf215ab2cf40b01b","name":"microfilla","image":{"@type":"ImageObject","inLanguage":"cs","@id":"https:\/\/alertdiver.eu\/cs_CZ\/#\/schema\/person\/image\/","url":"https:\/\/secure.gravatar.com\/avatar\/09f39449f14df8c3ad651888221bb907?s=96&d=mm&r=g","contentUrl":"https:\/\/secure.gravatar.com\/avatar\/09f39449f14df8c3ad651888221bb907?s=96&d=mm&r=g","caption":"microfilla"},"sameAs":["https:\/\/microfilla.com"],"url":"https:\/\/alertdiver.eu\/cs_CZ\/author\/microfilla\/"}]}},"_links":{"self":[{"href":"https:\/\/alertdiver.eu\/cs_CZ\/wp-json\/wp\/v2\/posts\/11385534","targetHints":{"allow":["GET"]}}],"collection":[{"href":"https:\/\/alertdiver.eu\/cs_CZ\/wp-json\/wp\/v2\/posts"}],"about":[{"href":"https:\/\/alertdiver.eu\/cs_CZ\/wp-json\/wp\/v2\/types\/post"}],"author":[{"embeddable":true,"href":"https:\/\/alertdiver.eu\/cs_CZ\/wp-json\/wp\/v2\/users\/1"}],"replies":[{"embeddable":true,"href":"https:\/\/alertdiver.eu\/cs_CZ\/wp-json\/wp\/v2\/comments?post=11385534"}],"version-history":[{"count":0,"href":"https:\/\/alertdiver.eu\/cs_CZ\/wp-json\/wp\/v2\/posts\/11385534\/revisions"}],"wp:featuredmedia":[{"embeddable":true,"href":"https:\/\/alertdiver.eu\/cs_CZ\/wp-json\/wp\/v2\/media\/11373881"}],"wp:attachment":[{"href":"https:\/\/alertdiver.eu\/cs_CZ\/wp-json\/wp\/v2\/media?parent=11385534"}],"wp:term":[{"taxonomy":"category","embeddable":true,"href":"https:\/\/alertdiver.eu\/cs_CZ\/wp-json\/wp\/v2\/categories?post=11385534"},{"taxonomy":"post_tag","embeddable":true,"href":"https:\/\/alertdiver.eu\/cs_CZ\/wp-json\/wp\/v2\/tags?post=11385534"},{"taxonomy":"authors","embeddable":true,"href":"https:\/\/alertdiver.eu\/cs_CZ\/wp-json\/wp\/v2\/authors?post=11385534"}],"curies":[{"name":"wp","href":"https:\/\/api.w.org\/{rel}","templated":true}]}}