{"id":11385580,"date":"2013-01-15T00:00:00","date_gmt":"2013-01-14T23:00:00","guid":{"rendered":"https:\/\/alertdiver.eu\/uncategorized-cs_cz\/rozsah-akutnich-respiracnich-potizi-a-jejich-geneticka-predispozice-u-potapecu-se-zadrzovanym-dechem\/"},"modified":"2013-01-15T00:00:00","modified_gmt":"2013-01-14T23:00:00","slug":"rozsah-akutnich-respiracnich-potizi-a-jejich-geneticka-predispozice-u-potapecu-se-zadrzovanym-dechem","status":"publish","type":"post","link":"https:\/\/alertdiver.eu\/cs_CZ\/clanky\/rozsah-akutnich-respiracnich-potizi-a-jejich-geneticka-predispozice-u-potapecu-se-zadrzovanym-dechem\/","title":{"rendered":"Rozsah akutn\u00edch respira\u010dn\u00edch pot\u00ed\u017e\u00ed a jejich genetick\u00e1 predispozice u pot\u00e1p\u011b\u010d\u016f se zadr\u017eovan\u00fdm dechem"},"content":{"rendered":"<p><strong>\u00davod <\/strong><br \/>Po opakovan\u00fdch hloubkov\u00fdch ponorech jsou pot\u00e1p\u011b\u010di (pot\u00e1p\u011bj\u00edc\u00ed se se zadr\u017een\u00fdm dechen) \u010dasto posti\u017eeni syndromem vyzna\u010duj\u00edc\u00edm se respira\u010dn\u00edm p\u0159\u00edznaky jako ka\u0161el, sta\u017een\u00ed hrudn\u00edku, hemopt\u00fdza (vyka\u0161l\u00e1v\u00e1n\u00ed krve) a n\u011bkdy tak\u00e9 zjevn\u00fdm akutn\u00edm syndromem otoku plic \u010dasto prov\u00e1zen\u00fdm r\u016fzn\u00fdmi stupni du\u0161nosti (ARS).<br \/>\u00da\u010delem t\u00e9to pr\u00e1ce bylo epidemiologick\u00e9 \u0161et\u0159en\u00ed s c\u00edlem zjistit a vyhodnotit rozsah v\u00fdskytu akutn\u00edch respira\u010dn\u00edch p\u0159\u00edznak\u016f (ARS) u pot\u00e1p\u011b\u010d\u016f pot\u00e1p\u011bj\u00edc\u00edch se se zadr\u017een\u00fdm dechem; rovn\u011b\u017e jsme zkoumali mo\u017en\u00fd vrozen\u00fd rizikov\u00fd faktor jako genetickou predispozici.<\/p>\n<p><strong>Materi\u00e1ly a metody<\/strong> <br \/>Bylo provedeno retrospektivn\u00ed \u0161et\u0159en\u00ed pomoc\u00ed speci\u00e1ln\u00edch dotazn\u00edk\u016f vypln\u011bn\u00fdch vybran\u00fdm vzorkem pot\u00e1p\u011b\u010d\u016f pot\u00e1p\u011bj\u00edc\u00edch se se zadr\u017een\u00fdm dechem.<br \/>Druh\u00fdm speci\u00e1ln\u00edm dotazn\u00edkem se zji\u0161\u0165ovaly dal\u0161\u00ed mo\u017en\u00e9 rizikov\u00e9 faktory, kter\u00e9 by mohly b\u00fdt predispozic\u00ed k ARS.<br \/>Rovn\u011b\u017e se zji\u0161\u0165ovala a vyhodnocovala korelace mezi ARS a individu\u00e1ln\u00ed genetickou situac\u00ed u predispozi\u010dn\u00edch gen\u016f kandid\u00e1ta &ndash; se zvl\u00e1\u0161tn\u00ed z\u0159etelem na geny EPAS1 a dal\u0161\u00ed geny souvisej\u00edc\u00edmi s HIF.<\/p>\n<p><strong>V\u00fdsledek<\/strong><br \/>Pades\u00e1t \u0161est osob (26,4%) ozn\u00e1milo p\u0159edchoz\u00ed v\u00fdskyt ARS.<br \/>Nebyla zji\u0161t\u011bna \u017e\u00e1dn\u00e1 statisticky v\u00fdznamn\u00e1 souvislost mezi ozn\u00e1men\u00fdmi pozitivn\u00edmi \u010di negativn\u00edmi p\u0159\u00edpady ARS a biometrick\u00fdmi \u00fadaji jako v\u00fd\u0161kou, vahou, v\u011bkem, pohlav\u00edm, prov\u00e1d\u011bn\u00edm jin\u00fdch sport\u016f a kou\u0159en\u00edm. Rovn\u011b\u017e nebyla zji\u0161t\u011bna \u017e\u00e1dn\u00e1 statisticky v\u00fdznamn\u00e1 souvislost mezi ARS a p\u0159edchoz\u00edmi onemocn\u011bn\u00edmi, nap\u0159. alergiemi, astmatem nebo pravideln\u00fdm u\u017e\u00edv\u00e1n\u00edm l\u00e9k\u016f.<br \/>Statisticky d\u016fle\u017eit\u00e1 souvislost byla zji\u0161t\u011bna mezi ARS a osobn\u00edm limitem dosahovan\u00e9 hloubky ponoru.<br \/>Zaj\u00edmav\u00e9 \u00fadaje byly zji\u0161t\u011bny o souvislosti mezi ARS a vybran\u00fdmi geny, kter\u00e9 by mohly b\u00fdt predispozic\u00ed zm\u00edn\u011bn\u00e9ho zdravotn\u00edho stavu.<br \/>P\u0159edb\u011b\u017en\u00e9 v\u00fdsledky nazna\u010duj\u00ed zaj\u00edmav\u00e9 souvislosti mezi \u00fa\u010dinkem hodnocen\u00fdch gen\u016f a ARS; v sou\u010dasn\u00e9 dob\u011b prob\u00edh\u00e1 dal\u0161\u00ed anal\u00fdza.<\/p>\n<p><strong>Z\u00e1v\u011br<\/strong> <br \/>N\u00e1mi zji\u0161t\u011bn\u00e9 \u00fadaje nazna\u010duj\u00ed, \u017ee ARS je \u010dast\u00fdm zdravotn\u00edm stavem mezi zku\u0161en\u00fdmi pot\u00e1p\u011b\u010di pot\u00e1p\u011bj\u00edc\u00edmi se se zadr\u017een\u00fdm dechem. Na\u0161e v\u00fdsledky umo\u017e\u0148uj\u00ed p\u0159esn\u011bji ur\u010dit zp\u016fsoby pot\u00e1p\u011bn\u00ed, kter\u00e9 by sn\u00ed\u017eily pulmon\u00e1rn\u00ed riziko p\u0159i pot\u00e1p\u011bn\u00ed se zadr\u017een\u00fdm dechem, a sice d\u00edky zji\u0161t\u011bn\u00ed mo\u017en\u00e9 genetick\u00e9 predispozice k plicn\u00edmu otoku. T\u00edm lze zv\u00fd\u0161it bezpe\u010dnost pot\u00e1p\u011bn\u00ed se zadr\u017een\u00fdm dechem lep\u0161\u00edm pozn\u00e1n\u00edm mo\u017en\u00fdch rizikov\u00fdch faktor\u016f samotn\u00fdmi pot\u00e1p\u011b\u010di.<\/p>\n","protected":false},"excerpt":{"rendered":"<p>\u00davod Po opakovan\u00fdch hloubkov\u00fdch ponorech jsou pot\u00e1p\u011b\u010di (pot\u00e1p\u011bj\u00edc\u00ed se se zadr\u017een\u00fdm dechen) \u010dasto posti\u017eeni syndromem vyzna\u010duj\u00edc\u00edm se respira\u010dn\u00edm p\u0159\u00edznaky jako ka\u0161el, sta\u017een\u00ed hrudn\u00edku, hemopt\u00fdza (vyka\u0161l\u00e1v\u00e1n\u00ed&#8230;<\/p>\n","protected":false},"author":1,"featured_media":11374573,"comment_status":"closed","ping_status":"closed","sticky":false,"template":"","format":"standard","meta":{"_acf_changed":false,"footnotes":""},"categories":[384],"tags":[],"authors":[882],"class_list":["post-11385580","post","type-post","status-publish","format-standard","has-post-thumbnail","hentry","category-clanky","authors-danilo-cialoni-cs_cz"],"acf":[],"yoast_head":"<!-- This site is optimized with the Yoast SEO plugin v24.2 - https:\/\/yoast.com\/wordpress\/plugins\/seo\/ -->\n<title>Rozsah akutn\u00edch respira\u010dn\u00edch pot\u00ed\u017e\u00ed a jejich genetick\u00e1 predispozice u pot\u00e1p\u011b\u010d\u016f se zadr\u017eovan\u00fdm dechem - Alert Diver<\/title>\n<meta name=\"robots\" content=\"index, follow, max-snippet:-1, max-image-preview:large, max-video-preview:-1\" \/>\n<link rel=\"canonical\" href=\"https:\/\/alertdiver.eu\/cs_CZ\/clanky\/rozsah-akutnich-respiracnich-potizi-a-jejich-geneticka-predispozice-u-potapecu-se-zadrzovanym-dechem\/\" \/>\n<meta property=\"og:locale\" content=\"cs_CZ\" \/>\n<meta property=\"og:type\" content=\"article\" \/>\n<meta property=\"og:title\" content=\"Rozsah akutn\u00edch respira\u010dn\u00edch pot\u00ed\u017e\u00ed a jejich genetick\u00e1 predispozice u pot\u00e1p\u011b\u010d\u016f se zadr\u017eovan\u00fdm dechem - Alert Diver\" \/>\n<meta property=\"og:description\" content=\"\u00davod Po opakovan\u00fdch hloubkov\u00fdch ponorech jsou pot\u00e1p\u011b\u010di (pot\u00e1p\u011bj\u00edc\u00ed se se zadr\u017een\u00fdm dechen) \u010dasto posti\u017eeni syndromem vyzna\u010duj\u00edc\u00edm se respira\u010dn\u00edm p\u0159\u00edznaky jako ka\u0161el, sta\u017een\u00ed hrudn\u00edku, hemopt\u00fdza (vyka\u0161l\u00e1v\u00e1n\u00ed...\" \/>\n<meta property=\"og:url\" content=\"https:\/\/alertdiver.eu\/cs_CZ\/clanky\/rozsah-akutnich-respiracnich-potizi-a-jejich-geneticka-predispozice-u-potapecu-se-zadrzovanym-dechem\/\" \/>\n<meta property=\"og:site_name\" content=\"Alert Diver\" \/>\n<meta property=\"article:published_time\" content=\"2013-01-14T23:00:00+00:00\" \/>\n<meta property=\"og:image\" content=\"https:\/\/alertdiver.eu\/wp-content\/uploads\/2023\/06\/alert-diver-article-126.jpg\" \/>\n\t<meta property=\"og:image:width\" content=\"2000\" \/>\n\t<meta property=\"og:image:height\" content=\"1325\" \/>\n\t<meta property=\"og:image:type\" content=\"image\/jpeg\" \/>\n<meta name=\"author\" content=\"microfilla\" \/>\n<meta name=\"twitter:card\" content=\"summary_large_image\" \/>\n<meta name=\"twitter:label1\" content=\"Napsal(a)\" \/>\n\t<meta name=\"twitter:data1\" content=\"microfilla\" \/>\n\t<meta name=\"twitter:label2\" content=\"Odhadovan\u00e1 doba \u010dten\u00ed\" \/>\n\t<meta name=\"twitter:data2\" content=\"2 minuty\" \/>\n<script type=\"application\/ld+json\" class=\"yoast-schema-graph\">{\"@context\":\"https:\/\/schema.org\",\"@graph\":[{\"@type\":\"Article\",\"@id\":\"https:\/\/alertdiver.eu\/cs_CZ\/clanky\/rozsah-akutnich-respiracnich-potizi-a-jejich-geneticka-predispozice-u-potapecu-se-zadrzovanym-dechem\/#article\",\"isPartOf\":{\"@id\":\"https:\/\/alertdiver.eu\/cs_CZ\/clanky\/rozsah-akutnich-respiracnich-potizi-a-jejich-geneticka-predispozice-u-potapecu-se-zadrzovanym-dechem\/\"},\"author\":{\"name\":\"microfilla\",\"@id\":\"https:\/\/alertdiver.eu\/cs_CZ\/#\/schema\/person\/9ba7cb3f05522d75bf215ab2cf40b01b\"},\"headline\":\"Rozsah akutn\u00edch respira\u010dn\u00edch pot\u00ed\u017e\u00ed a jejich genetick\u00e1 predispozice u pot\u00e1p\u011b\u010d\u016f se zadr\u017eovan\u00fdm dechem\",\"datePublished\":\"2013-01-14T23:00:00+00:00\",\"dateModified\":\"2013-01-14T23:00:00+00:00\",\"mainEntityOfPage\":{\"@id\":\"https:\/\/alertdiver.eu\/cs_CZ\/clanky\/rozsah-akutnich-respiracnich-potizi-a-jejich-geneticka-predispozice-u-potapecu-se-zadrzovanym-dechem\/\"},\"wordCount\":512,\"publisher\":{\"@id\":\"https:\/\/alertdiver.eu\/cs_CZ\/#organization\"},\"image\":{\"@id\":\"https:\/\/alertdiver.eu\/cs_CZ\/clanky\/rozsah-akutnich-respiracnich-potizi-a-jejich-geneticka-predispozice-u-potapecu-se-zadrzovanym-dechem\/#primaryimage\"},\"thumbnailUrl\":\"https:\/\/alertdiver.eu\/wp-content\/uploads\/2023\/06\/alert-diver-article-126.jpg\",\"articleSection\":[\"Clanky\"],\"inLanguage\":\"cs\"},{\"@type\":\"WebPage\",\"@id\":\"https:\/\/alertdiver.eu\/cs_CZ\/clanky\/rozsah-akutnich-respiracnich-potizi-a-jejich-geneticka-predispozice-u-potapecu-se-zadrzovanym-dechem\/\",\"url\":\"https:\/\/alertdiver.eu\/cs_CZ\/clanky\/rozsah-akutnich-respiracnich-potizi-a-jejich-geneticka-predispozice-u-potapecu-se-zadrzovanym-dechem\/\",\"name\":\"Rozsah akutn\u00edch respira\u010dn\u00edch pot\u00ed\u017e\u00ed a jejich genetick\u00e1 predispozice u pot\u00e1p\u011b\u010d\u016f se zadr\u017eovan\u00fdm dechem - Alert Diver\",\"isPartOf\":{\"@id\":\"https:\/\/alertdiver.eu\/cs_CZ\/#website\"},\"primaryImageOfPage\":{\"@id\":\"https:\/\/alertdiver.eu\/cs_CZ\/clanky\/rozsah-akutnich-respiracnich-potizi-a-jejich-geneticka-predispozice-u-potapecu-se-zadrzovanym-dechem\/#primaryimage\"},\"image\":{\"@id\":\"https:\/\/alertdiver.eu\/cs_CZ\/clanky\/rozsah-akutnich-respiracnich-potizi-a-jejich-geneticka-predispozice-u-potapecu-se-zadrzovanym-dechem\/#primaryimage\"},\"thumbnailUrl\":\"https:\/\/alertdiver.eu\/wp-content\/uploads\/2023\/06\/alert-diver-article-126.jpg\",\"datePublished\":\"2013-01-14T23:00:00+00:00\",\"dateModified\":\"2013-01-14T23:00:00+00:00\",\"breadcrumb\":{\"@id\":\"https:\/\/alertdiver.eu\/cs_CZ\/clanky\/rozsah-akutnich-respiracnich-potizi-a-jejich-geneticka-predispozice-u-potapecu-se-zadrzovanym-dechem\/#breadcrumb\"},\"inLanguage\":\"cs\",\"potentialAction\":[{\"@type\":\"ReadAction\",\"target\":[\"https:\/\/alertdiver.eu\/cs_CZ\/clanky\/rozsah-akutnich-respiracnich-potizi-a-jejich-geneticka-predispozice-u-potapecu-se-zadrzovanym-dechem\/\"]}]},{\"@type\":\"ImageObject\",\"inLanguage\":\"cs\",\"@id\":\"https:\/\/alertdiver.eu\/cs_CZ\/clanky\/rozsah-akutnich-respiracnich-potizi-a-jejich-geneticka-predispozice-u-potapecu-se-zadrzovanym-dechem\/#primaryimage\",\"url\":\"https:\/\/alertdiver.eu\/wp-content\/uploads\/2023\/06\/alert-diver-article-126.jpg\",\"contentUrl\":\"https:\/\/alertdiver.eu\/wp-content\/uploads\/2023\/06\/alert-diver-article-126.jpg\",\"width\":2000,\"height\":1325},{\"@type\":\"BreadcrumbList\",\"@id\":\"https:\/\/alertdiver.eu\/cs_CZ\/clanky\/rozsah-akutnich-respiracnich-potizi-a-jejich-geneticka-predispozice-u-potapecu-se-zadrzovanym-dechem\/#breadcrumb\",\"itemListElement\":[{\"@type\":\"ListItem\",\"position\":1,\"name\":\"Home\",\"item\":\"https:\/\/alertdiver.eu\/cs_CZ\/\"},{\"@type\":\"ListItem\",\"position\":2,\"name\":\"Rozsah akutn\u00edch respira\u010dn\u00edch pot\u00ed\u017e\u00ed a jejich genetick\u00e1 predispozice u pot\u00e1p\u011b\u010d\u016f se zadr\u017eovan\u00fdm dechem\"}]},{\"@type\":\"WebSite\",\"@id\":\"https:\/\/alertdiver.eu\/cs_CZ\/#website\",\"url\":\"https:\/\/alertdiver.eu\/cs_CZ\/\",\"name\":\"Alert Diver Europe\",\"description\":\"Access, discover and share the latest diving safety content from DAN Europe.\",\"publisher\":{\"@id\":\"https:\/\/alertdiver.eu\/cs_CZ\/#organization\"},\"potentialAction\":[{\"@type\":\"SearchAction\",\"target\":{\"@type\":\"EntryPoint\",\"urlTemplate\":\"https:\/\/alertdiver.eu\/cs_CZ\/?s={search_term_string}\"},\"query-input\":{\"@type\":\"PropertyValueSpecification\",\"valueRequired\":true,\"valueName\":\"search_term_string\"}}],\"inLanguage\":\"cs\"},{\"@type\":\"Organization\",\"@id\":\"https:\/\/alertdiver.eu\/cs_CZ\/#organization\",\"name\":\"Alert Diver Europe\",\"url\":\"https:\/\/alertdiver.eu\/cs_CZ\/\",\"logo\":{\"@type\":\"ImageObject\",\"inLanguage\":\"cs\",\"@id\":\"https:\/\/alertdiver.eu\/cs_CZ\/#\/schema\/logo\/image\/\",\"url\":\"https:\/\/alertdiver.eu\/wp-content\/uploads\/2023\/02\/cropped-favicon.png\",\"contentUrl\":\"https:\/\/alertdiver.eu\/wp-content\/uploads\/2023\/02\/cropped-favicon.png\",\"width\":512,\"height\":512,\"caption\":\"Alert Diver Europe\"},\"image\":{\"@id\":\"https:\/\/alertdiver.eu\/cs_CZ\/#\/schema\/logo\/image\/\"}},{\"@type\":\"Person\",\"@id\":\"https:\/\/alertdiver.eu\/cs_CZ\/#\/schema\/person\/9ba7cb3f05522d75bf215ab2cf40b01b\",\"name\":\"microfilla\",\"image\":{\"@type\":\"ImageObject\",\"inLanguage\":\"cs\",\"@id\":\"https:\/\/alertdiver.eu\/cs_CZ\/#\/schema\/person\/image\/\",\"url\":\"https:\/\/secure.gravatar.com\/avatar\/09f39449f14df8c3ad651888221bb907?s=96&d=mm&r=g\",\"contentUrl\":\"https:\/\/secure.gravatar.com\/avatar\/09f39449f14df8c3ad651888221bb907?s=96&d=mm&r=g\",\"caption\":\"microfilla\"},\"sameAs\":[\"https:\/\/microfilla.com\"],\"url\":\"https:\/\/alertdiver.eu\/cs_CZ\/author\/microfilla\/\"}]}<\/script>\n<!-- \/ Yoast SEO plugin. -->","yoast_head_json":{"title":"Rozsah akutn\u00edch respira\u010dn\u00edch pot\u00ed\u017e\u00ed a jejich genetick\u00e1 predispozice u pot\u00e1p\u011b\u010d\u016f se zadr\u017eovan\u00fdm dechem - Alert Diver","robots":{"index":"index","follow":"follow","max-snippet":"max-snippet:-1","max-image-preview":"max-image-preview:large","max-video-preview":"max-video-preview:-1"},"canonical":"https:\/\/alertdiver.eu\/cs_CZ\/clanky\/rozsah-akutnich-respiracnich-potizi-a-jejich-geneticka-predispozice-u-potapecu-se-zadrzovanym-dechem\/","og_locale":"cs_CZ","og_type":"article","og_title":"Rozsah akutn\u00edch respira\u010dn\u00edch pot\u00ed\u017e\u00ed a jejich genetick\u00e1 predispozice u pot\u00e1p\u011b\u010d\u016f se zadr\u017eovan\u00fdm dechem - Alert Diver","og_description":"\u00davod Po opakovan\u00fdch hloubkov\u00fdch ponorech jsou pot\u00e1p\u011b\u010di (pot\u00e1p\u011bj\u00edc\u00ed se se zadr\u017een\u00fdm dechen) \u010dasto posti\u017eeni syndromem vyzna\u010duj\u00edc\u00edm se respira\u010dn\u00edm p\u0159\u00edznaky jako ka\u0161el, sta\u017een\u00ed hrudn\u00edku, hemopt\u00fdza (vyka\u0161l\u00e1v\u00e1n\u00ed...","og_url":"https:\/\/alertdiver.eu\/cs_CZ\/clanky\/rozsah-akutnich-respiracnich-potizi-a-jejich-geneticka-predispozice-u-potapecu-se-zadrzovanym-dechem\/","og_site_name":"Alert Diver","article_published_time":"2013-01-14T23:00:00+00:00","og_image":[{"width":2000,"height":1325,"url":"https:\/\/alertdiver.eu\/wp-content\/uploads\/2023\/06\/alert-diver-article-126.jpg","type":"image\/jpeg"}],"author":"microfilla","twitter_card":"summary_large_image","twitter_misc":{"Napsal(a)":"microfilla","Odhadovan\u00e1 doba \u010dten\u00ed":"2 minuty"},"schema":{"@context":"https:\/\/schema.org","@graph":[{"@type":"Article","@id":"https:\/\/alertdiver.eu\/cs_CZ\/clanky\/rozsah-akutnich-respiracnich-potizi-a-jejich-geneticka-predispozice-u-potapecu-se-zadrzovanym-dechem\/#article","isPartOf":{"@id":"https:\/\/alertdiver.eu\/cs_CZ\/clanky\/rozsah-akutnich-respiracnich-potizi-a-jejich-geneticka-predispozice-u-potapecu-se-zadrzovanym-dechem\/"},"author":{"name":"microfilla","@id":"https:\/\/alertdiver.eu\/cs_CZ\/#\/schema\/person\/9ba7cb3f05522d75bf215ab2cf40b01b"},"headline":"Rozsah akutn\u00edch respira\u010dn\u00edch pot\u00ed\u017e\u00ed a jejich genetick\u00e1 predispozice u pot\u00e1p\u011b\u010d\u016f se zadr\u017eovan\u00fdm dechem","datePublished":"2013-01-14T23:00:00+00:00","dateModified":"2013-01-14T23:00:00+00:00","mainEntityOfPage":{"@id":"https:\/\/alertdiver.eu\/cs_CZ\/clanky\/rozsah-akutnich-respiracnich-potizi-a-jejich-geneticka-predispozice-u-potapecu-se-zadrzovanym-dechem\/"},"wordCount":512,"publisher":{"@id":"https:\/\/alertdiver.eu\/cs_CZ\/#organization"},"image":{"@id":"https:\/\/alertdiver.eu\/cs_CZ\/clanky\/rozsah-akutnich-respiracnich-potizi-a-jejich-geneticka-predispozice-u-potapecu-se-zadrzovanym-dechem\/#primaryimage"},"thumbnailUrl":"https:\/\/alertdiver.eu\/wp-content\/uploads\/2023\/06\/alert-diver-article-126.jpg","articleSection":["Clanky"],"inLanguage":"cs"},{"@type":"WebPage","@id":"https:\/\/alertdiver.eu\/cs_CZ\/clanky\/rozsah-akutnich-respiracnich-potizi-a-jejich-geneticka-predispozice-u-potapecu-se-zadrzovanym-dechem\/","url":"https:\/\/alertdiver.eu\/cs_CZ\/clanky\/rozsah-akutnich-respiracnich-potizi-a-jejich-geneticka-predispozice-u-potapecu-se-zadrzovanym-dechem\/","name":"Rozsah akutn\u00edch respira\u010dn\u00edch pot\u00ed\u017e\u00ed a jejich genetick\u00e1 predispozice u pot\u00e1p\u011b\u010d\u016f se zadr\u017eovan\u00fdm dechem - Alert Diver","isPartOf":{"@id":"https:\/\/alertdiver.eu\/cs_CZ\/#website"},"primaryImageOfPage":{"@id":"https:\/\/alertdiver.eu\/cs_CZ\/clanky\/rozsah-akutnich-respiracnich-potizi-a-jejich-geneticka-predispozice-u-potapecu-se-zadrzovanym-dechem\/#primaryimage"},"image":{"@id":"https:\/\/alertdiver.eu\/cs_CZ\/clanky\/rozsah-akutnich-respiracnich-potizi-a-jejich-geneticka-predispozice-u-potapecu-se-zadrzovanym-dechem\/#primaryimage"},"thumbnailUrl":"https:\/\/alertdiver.eu\/wp-content\/uploads\/2023\/06\/alert-diver-article-126.jpg","datePublished":"2013-01-14T23:00:00+00:00","dateModified":"2013-01-14T23:00:00+00:00","breadcrumb":{"@id":"https:\/\/alertdiver.eu\/cs_CZ\/clanky\/rozsah-akutnich-respiracnich-potizi-a-jejich-geneticka-predispozice-u-potapecu-se-zadrzovanym-dechem\/#breadcrumb"},"inLanguage":"cs","potentialAction":[{"@type":"ReadAction","target":["https:\/\/alertdiver.eu\/cs_CZ\/clanky\/rozsah-akutnich-respiracnich-potizi-a-jejich-geneticka-predispozice-u-potapecu-se-zadrzovanym-dechem\/"]}]},{"@type":"ImageObject","inLanguage":"cs","@id":"https:\/\/alertdiver.eu\/cs_CZ\/clanky\/rozsah-akutnich-respiracnich-potizi-a-jejich-geneticka-predispozice-u-potapecu-se-zadrzovanym-dechem\/#primaryimage","url":"https:\/\/alertdiver.eu\/wp-content\/uploads\/2023\/06\/alert-diver-article-126.jpg","contentUrl":"https:\/\/alertdiver.eu\/wp-content\/uploads\/2023\/06\/alert-diver-article-126.jpg","width":2000,"height":1325},{"@type":"BreadcrumbList","@id":"https:\/\/alertdiver.eu\/cs_CZ\/clanky\/rozsah-akutnich-respiracnich-potizi-a-jejich-geneticka-predispozice-u-potapecu-se-zadrzovanym-dechem\/#breadcrumb","itemListElement":[{"@type":"ListItem","position":1,"name":"Home","item":"https:\/\/alertdiver.eu\/cs_CZ\/"},{"@type":"ListItem","position":2,"name":"Rozsah akutn\u00edch respira\u010dn\u00edch pot\u00ed\u017e\u00ed a jejich genetick\u00e1 predispozice u pot\u00e1p\u011b\u010d\u016f se zadr\u017eovan\u00fdm dechem"}]},{"@type":"WebSite","@id":"https:\/\/alertdiver.eu\/cs_CZ\/#website","url":"https:\/\/alertdiver.eu\/cs_CZ\/","name":"Alert Diver Europe","description":"Access, discover and share the latest diving safety content from DAN Europe.","publisher":{"@id":"https:\/\/alertdiver.eu\/cs_CZ\/#organization"},"potentialAction":[{"@type":"SearchAction","target":{"@type":"EntryPoint","urlTemplate":"https:\/\/alertdiver.eu\/cs_CZ\/?s={search_term_string}"},"query-input":{"@type":"PropertyValueSpecification","valueRequired":true,"valueName":"search_term_string"}}],"inLanguage":"cs"},{"@type":"Organization","@id":"https:\/\/alertdiver.eu\/cs_CZ\/#organization","name":"Alert Diver Europe","url":"https:\/\/alertdiver.eu\/cs_CZ\/","logo":{"@type":"ImageObject","inLanguage":"cs","@id":"https:\/\/alertdiver.eu\/cs_CZ\/#\/schema\/logo\/image\/","url":"https:\/\/alertdiver.eu\/wp-content\/uploads\/2023\/02\/cropped-favicon.png","contentUrl":"https:\/\/alertdiver.eu\/wp-content\/uploads\/2023\/02\/cropped-favicon.png","width":512,"height":512,"caption":"Alert Diver Europe"},"image":{"@id":"https:\/\/alertdiver.eu\/cs_CZ\/#\/schema\/logo\/image\/"}},{"@type":"Person","@id":"https:\/\/alertdiver.eu\/cs_CZ\/#\/schema\/person\/9ba7cb3f05522d75bf215ab2cf40b01b","name":"microfilla","image":{"@type":"ImageObject","inLanguage":"cs","@id":"https:\/\/alertdiver.eu\/cs_CZ\/#\/schema\/person\/image\/","url":"https:\/\/secure.gravatar.com\/avatar\/09f39449f14df8c3ad651888221bb907?s=96&d=mm&r=g","contentUrl":"https:\/\/secure.gravatar.com\/avatar\/09f39449f14df8c3ad651888221bb907?s=96&d=mm&r=g","caption":"microfilla"},"sameAs":["https:\/\/microfilla.com"],"url":"https:\/\/alertdiver.eu\/cs_CZ\/author\/microfilla\/"}]}},"_links":{"self":[{"href":"https:\/\/alertdiver.eu\/cs_CZ\/wp-json\/wp\/v2\/posts\/11385580","targetHints":{"allow":["GET"]}}],"collection":[{"href":"https:\/\/alertdiver.eu\/cs_CZ\/wp-json\/wp\/v2\/posts"}],"about":[{"href":"https:\/\/alertdiver.eu\/cs_CZ\/wp-json\/wp\/v2\/types\/post"}],"author":[{"embeddable":true,"href":"https:\/\/alertdiver.eu\/cs_CZ\/wp-json\/wp\/v2\/users\/1"}],"replies":[{"embeddable":true,"href":"https:\/\/alertdiver.eu\/cs_CZ\/wp-json\/wp\/v2\/comments?post=11385580"}],"version-history":[{"count":0,"href":"https:\/\/alertdiver.eu\/cs_CZ\/wp-json\/wp\/v2\/posts\/11385580\/revisions"}],"wp:featuredmedia":[{"embeddable":true,"href":"https:\/\/alertdiver.eu\/cs_CZ\/wp-json\/wp\/v2\/media\/11374573"}],"wp:attachment":[{"href":"https:\/\/alertdiver.eu\/cs_CZ\/wp-json\/wp\/v2\/media?parent=11385580"}],"wp:term":[{"taxonomy":"category","embeddable":true,"href":"https:\/\/alertdiver.eu\/cs_CZ\/wp-json\/wp\/v2\/categories?post=11385580"},{"taxonomy":"post_tag","embeddable":true,"href":"https:\/\/alertdiver.eu\/cs_CZ\/wp-json\/wp\/v2\/tags?post=11385580"},{"taxonomy":"authors","embeddable":true,"href":"https:\/\/alertdiver.eu\/cs_CZ\/wp-json\/wp\/v2\/authors?post=11385580"}],"curies":[{"name":"wp","href":"https:\/\/api.w.org\/{rel}","templated":true}]}}