{"id":11385585,"date":"2013-05-15T00:00:00","date_gmt":"2013-05-14T22:00:00","guid":{"rendered":"https:\/\/alertdiver.eu\/uncategorized-cs_cz\/solidarita-prijizdi-na-morskem-koniku\/"},"modified":"2013-05-15T00:00:00","modified_gmt":"2013-05-14T22:00:00","slug":"solidarita-prijizdi-na-morskem-koniku","status":"publish","type":"post","link":"https:\/\/alertdiver.eu\/cs_CZ\/clanky\/solidarita-prijizdi-na-morskem-koniku\/","title":{"rendered":"Solidarita p\u0159ij\u00ed\u017ed\u00ed&#8230;na mo\u0159sk\u00e9m kon\u00edku"},"content":{"rendered":"<p style=\"text-align: justify;\">Cesta solid\u00e1rn\u00edch \u010din\u016f m\u016f\u017ee b\u00fdt n\u011bkdy dlouh\u00e1, komplikovan\u00e1 a pln\u00e1 p\u0159ekvapen\u00ed. Dokonce se n\u011bkdy m\u016f\u017ee ztratit v propasti a znovu vyno\u0159it tis\u00edce kilometr\u016f daleko.<\/p>\n<p style=\"text-align: justify;\">\u0160est tis\u00edc kilometr\u016f d\u011bl\u00ed It\u00e1lii od Tanz\u00e1nie, jedn\u00e9 z nejchud\u0161\u00edch zem\u00ed Afriky navzdory sv\u00e9mu p\u0159\u00edrodn\u00edmu bohatstv\u00ed, kter\u00e9 nelze dostate\u010dn\u011b vyu\u017e\u00edvat kv\u016fli nep\u0159etr\u017eit\u00fdm ozbrojen\u00fdm konflikt\u016fm znamenaj\u00edc\u00edm v podstat\u011b ob\u010danskou v\u00e1lku, a tak\u00e9 kv\u016fli velmi roz\u0161\u00ed\u0159en\u00fdm nemocem (hlavn\u011b AIDS a mal\u00e1rii). Evropan\u016fm zvykl\u00fdm na pohodln\u00fd \u017eivot a bezpe\u010d\u00ed se m\u016f\u017ee jevit takov\u00e1 situace a\u017e neskute\u010dn\u011b vzd\u00e1len\u00e1.<\/p>\n<p style=\"text-align: justify;\">Kdo se v\u0161ak v\u011bnuje pot\u00e1p\u011bn\u00ed, kter\u00e9 je nutn\u011b spjato s \u010dast\u00fdm cestov\u00e1n\u00edm, ten se ob\u010das dostane i do velmi neobvykl\u00fdch podm\u00ednek a vid\u00ed v\u011bci a\u017e v brut\u00e1ln\u00ed skute\u010dnosti, obrazn\u011b \u0159e\u010deno, vno\u0159\u00ed se naplno do reality, kter\u00e1 jej obklopuje a n\u011bkdy mus\u00ed dokonce u\u010dinit rozhodnut\u00ed, aby zachr\u00e1nil \u017eivot sv\u016fj nebo i ostatn\u00edch.<\/p>\n<p style=\"text-align: justify;\">Uv\u011bdomov\u00e1n\u00ed si pot\u0159eby solidarity s lidmi v nouzi vedlo DAN Europe k rozhodnut\u00ed iniciovat pomoc africk\u00fdm d\u011btem, kter\u00e9 se naprosto nevinn\u011b st\u00e1vaj\u00ed ob\u011b\u0165mi mechanism\u016f daleko p\u0159esahuj\u00edc\u00edch jejich mo\u017enosti n\u011bco samy ovlivnit. Jedinou cestou z t\u00e9to doslova zoufal\u00e9 situace jsou projevy dobr\u00e9 v\u016fle a \u0161t\u011bdrosti t\u011bch, kdo necht\u011bj\u00ed ml\u010dky p\u0159ihl\u00ed\u017eet sou\u010dasn\u00e9mu stavu.<\/p>\n<p style=\"text-align: justify;\">Prost\u0159ednictv\u00edm na\u0161eho partnera <a href=\"http:\/\/www.ossidabile.com\/forafrica\"><span style=\"color: rgb(51, 102, 255);\">Ossidabile<\/span><\/a>, kter\u00e9ho ji\u017e mnoho \u010dlen\u016f DAN zn\u00e1 d\u00edky n\u00e1hrdeln\u00edk\u016fm prod\u00e1van\u00fdm v na\u0161em e-shopu, jsme se d\u016fkladn\u011b sezn\u00e1mili se situac\u00ed misie v Morogoro, kter\u00e1 se nach\u00e1z\u00ed v srdci tanzanijsk\u00e9 savany a kterou ji\u017e od roku 1995 provozuje \u0159\u00e1d Sester Svat\u00e9 rodiny.<\/p>\n<p style=\"text-align: justify;\">Pr\u00e1ce a \u010diny t\u011bchto \u0159\u00e1dov\u00fdch sester daleko p\u0159esahuj\u00ed odstra\u0148ov\u00e1n\u00ed negramotnosti a podporu evangelick\u00e9 misie. Doslova pln\u00ed sv\u00e9 mision\u00e1\u0159sk\u00e9 heslo, kter\u00e9 zn\u00ed: &quot;K Bohu nelze mluvit s pr\u00e1zdn\u00fdm \u017ealudkem.&quot; S ohromnou odvahou a altruismem se vyd\u00e1vaj\u00ed do m\u00edst, kam se nikdo jin\u00fd neodv\u00e1\u017e\u00ed: do nejnuzn\u011bj\u0161\u00edch chatr\u010d\u00ed postaven\u00fdch z bl\u00e1ta a sl\u00e1my, bez tekouc\u00ed vody a elekt\u0159iny. Tam hledaj\u00ed opu\u0161t\u011bn\u00e9 d\u011bti &ndash; sirotky rodi\u010d\u016f, kte\u0159\u00ed zem\u0159eli na AIDS i d\u011bti matek, kter\u00e9 je p\u0159ivedly na sv\u011bt, kdy\u017e byly samy je\u0161t\u011b nedosp\u011bl\u00e9, nemocn\u00e9 a \u010dasto dohnan\u00e9 nouz\u00ed a\u017e k prostituci. Sestry p\u0159iv\u00e1d\u011bj\u00ed d\u011bti do misijn\u00ed stanice, kde nal\u00e9zaj\u00ed sv\u00e9 jedin\u00e9 mo\u017en\u00e9 \u00fato\u010di\u0161t\u011b a tam se sna\u017e\u00ed je ochr\u00e1nit (s velmi omezen\u00fdmi prost\u0159edky) p\u0159ed otrockou prac\u00ed a zneu\u017e\u00edv\u00e1n\u00edm. Pokou\u0161ej\u00ed se je vy\u017eivovat, l\u00e9\u010dit a d\u00e1t jim z\u00e1kladn\u00ed vzd\u011bl\u00e1n\u00ed, stru\u010dn\u011b \u0159e\u010deno, cht\u011bj\u00ed jim vr\u00e1tit alespo\u0148 \u010d\u00e1ste\u010dn\u011b jejich d\u011btstv\u00ed.<\/p>\n<p style=\"text-align: justify;\">Samoz\u0159ejm\u011b, \u017ee to v\u0161e n\u011bco stoj\u00ed, nejen obrovsk\u00e9 lidsk\u00e9 \u00fasil\u00ed, ale i pen\u00edze. A tady se m\u016f\u017ee projevit solidarita&hellip; ve spolupr\u00e1ci s d\u00e1rci, kte\u0159\u00ed cht\u011bj\u00ed podpo\u0159it jejich nad\u011bji. Nebo\u0165 i kdy\u017e je misie pro m\u00edstn\u00ed obyvatelstvo mimo\u0159\u00e1dn\u011b d\u016fle\u017eit\u00e1, nedost\u00e1v\u00e1 v\u016fbec \u017e\u00e1dn\u00e9 finan\u010dn\u00ed prost\u0159edky ani od katolick\u00e9 c\u00edrkve, ani od tanzanijsk\u00e9 vl\u00e1dy. N\u00e1hoda tomu v\u0161ak cht\u011bla (nebo z\u00e1sah Vy\u0161\u0161\u00ed moci pro lidi, kter\u00e9 v\u00edra neopustila?), \u017ee se jeden italsk\u00fd dobrovoln\u00edk, kter\u00e9ho dojaly osudy d\u011bt\u00ed i ob\u011btavost sester jepti\u0161ek, rozhodl podporovat sv\u00e9 nov\u00e9 p\u0159\u00e1tele.<\/p>\n<p style=\"text-align: justify;\">K nim pat\u0159\u00ed i Ossidabile, kter\u00fd se tak\u00e9 zapojil do projektu zam\u011b\u0159en\u00e9ho na zakoupen\u00ed stroje naprosto nezbytn\u00e9ho pro p\u0159e\u017eit\u00ed t\u00e9to mal\u00e9, ale sv\u00fdm v\u00fdznamem velk\u00e9 komunity Morogoro&hellip; nov\u00e9ho traktoru. Star\u00fd traktor doslou\u017eil a je ji\u017e neopraviteln\u00fd a jak se sestry p\u0159esv\u011bd\u010dily, bez traktoru je naprosto nemo\u017en\u00e9 obd\u011bl\u00e1vat m\u00edstn\u00ed p\u016fdu, dopravovat do misie pot\u0159ebn\u00e9 v\u011bci a materi\u00e1l a uspokojovat alespo\u0148 nejz\u00e1kladn\u011bj\u0161\u00ed pot\u0159eby 500 mal\u00fdch d\u011bt\u00ed.<\/p>\n<p style=\"text-align: justify;\">Na\u0161e organizace DAN Europe se rozhodla p\u0159ijmout Ossidabileho v\u00fdzvu a bude na zm\u00edn\u011bn\u00fd projekt pos\u00edlat do misie Morogoro ve\u0161ker\u00e9 v\u00fdnosy z\u00edskan\u00e9 z prodeje p\u0159\u00edv\u011b\u0161ku ve tvaru mo\u0159sk\u00e9ho kon\u00edka (co\u017e je symbol solidarity a p\u0159\u00edbuzenstv\u00ed), kter\u00fd se prod\u00e1v\u00e1 prost\u0159ednictv\u00edm e-shopu DAN. Kdo by snad nem\u011bl z\u00e1jem o p\u0159\u00edv\u011b\u0161ek, m\u016f\u017ee poskytnout dar p\u0159\u00edmo.<\/p>\n<p><strong>V\u00edce informac\u00ed<\/strong><\/p>\n<p><a href=\"javascript:location.href='mailto:'+String.fromCharCode(99,111,108,108,101,109,111,114,111,64,104,111,116,109,97,105,108,46,111,114,103)+'?'\">Napsat<\/a> \u0159\u00e1dov\u00fdm sestr\u00e1m<\/p>\n<p>Zakoupit p\u0159\u00edv\u011b\u0161ek s mo\u0159sk\u00fdm kon\u00edkem v <a target=\"_blank\" href=\"http:\/\/www.daneurope.org\/web\/guest\/danshop\" rel=\"noopener\">e-shopu DAN<\/a><\/p>\n<p><a href=\"javascript:location.href='mailto:'+String.fromCharCode(99,111,108,108,101,109,111,114,111,64,104,111,116,109,97,105,108,46,111,114,103)+'?'\">Zaslat<\/a> dar p\u0159\u00edmo na misii<\/p>\n","protected":false},"excerpt":{"rendered":"<p>Cesta solid\u00e1rn\u00edch \u010din\u016f m\u016f\u017ee b\u00fdt n\u011bkdy dlouh\u00e1, komplikovan\u00e1 a pln\u00e1 p\u0159ekvapen\u00ed. Dokonce se n\u011bkdy m\u016f\u017ee ztratit v propasti a znovu vyno\u0159it tis\u00edce kilometr\u016f daleko. \u0160est&#8230;<\/p>\n","protected":false},"author":1,"featured_media":11374653,"comment_status":"closed","ping_status":"closed","sticky":false,"template":"","format":"standard","meta":{"_acf_changed":false,"footnotes":""},"categories":[384],"tags":[],"authors":[1008],"class_list":["post-11385585","post","type-post","status-publish","format-standard","has-post-thumbnail","hentry","category-clanky","authors-franca-di-muzio-cs_cz"],"acf":[],"yoast_head":"<!-- This site is optimized with the Yoast SEO plugin v24.2 - https:\/\/yoast.com\/wordpress\/plugins\/seo\/ -->\n<title>Solidarita p\u0159ij\u00ed\u017ed\u00ed...na mo\u0159sk\u00e9m kon\u00edku - Alert Diver<\/title>\n<meta name=\"robots\" content=\"index, follow, max-snippet:-1, max-image-preview:large, max-video-preview:-1\" \/>\n<link rel=\"canonical\" href=\"https:\/\/alertdiver.eu\/cs_CZ\/clanky\/solidarita-prijizdi-na-morskem-koniku\/\" \/>\n<meta property=\"og:locale\" content=\"cs_CZ\" \/>\n<meta property=\"og:type\" content=\"article\" \/>\n<meta property=\"og:title\" content=\"Solidarita p\u0159ij\u00ed\u017ed\u00ed...na mo\u0159sk\u00e9m kon\u00edku - Alert Diver\" \/>\n<meta property=\"og:description\" content=\"Cesta solid\u00e1rn\u00edch \u010din\u016f m\u016f\u017ee b\u00fdt n\u011bkdy dlouh\u00e1, komplikovan\u00e1 a pln\u00e1 p\u0159ekvapen\u00ed. Dokonce se n\u011bkdy m\u016f\u017ee ztratit v propasti a znovu vyno\u0159it tis\u00edce kilometr\u016f daleko. \u0160est...\" \/>\n<meta property=\"og:url\" content=\"https:\/\/alertdiver.eu\/cs_CZ\/clanky\/solidarita-prijizdi-na-morskem-koniku\/\" \/>\n<meta property=\"og:site_name\" content=\"Alert Diver\" \/>\n<meta property=\"article:published_time\" content=\"2013-05-14T22:00:00+00:00\" \/>\n<meta property=\"og:image\" content=\"https:\/\/alertdiver.eu\/wp-content\/uploads\/2023\/06\/alert-diver-article-35-2.jpg\" \/>\n\t<meta property=\"og:image:width\" content=\"2000\" \/>\n\t<meta property=\"og:image:height\" content=\"1333\" \/>\n\t<meta property=\"og:image:type\" content=\"image\/jpeg\" \/>\n<meta name=\"author\" content=\"microfilla\" \/>\n<meta name=\"twitter:card\" content=\"summary_large_image\" \/>\n<meta name=\"twitter:label1\" content=\"Napsal(a)\" \/>\n\t<meta name=\"twitter:data1\" content=\"microfilla\" \/>\n\t<meta name=\"twitter:label2\" content=\"Odhadovan\u00e1 doba \u010dten\u00ed\" \/>\n\t<meta name=\"twitter:data2\" content=\"4 minuty\" \/>\n<script type=\"application\/ld+json\" class=\"yoast-schema-graph\">{\"@context\":\"https:\/\/schema.org\",\"@graph\":[{\"@type\":\"Article\",\"@id\":\"https:\/\/alertdiver.eu\/cs_CZ\/clanky\/solidarita-prijizdi-na-morskem-koniku\/#article\",\"isPartOf\":{\"@id\":\"https:\/\/alertdiver.eu\/cs_CZ\/clanky\/solidarita-prijizdi-na-morskem-koniku\/\"},\"author\":{\"name\":\"microfilla\",\"@id\":\"https:\/\/alertdiver.eu\/cs_CZ\/#\/schema\/person\/9ba7cb3f05522d75bf215ab2cf40b01b\"},\"headline\":\"Solidarita p\u0159ij\u00ed\u017ed\u00ed&#8230;na mo\u0159sk\u00e9m kon\u00edku\",\"datePublished\":\"2013-05-14T22:00:00+00:00\",\"dateModified\":\"2013-05-14T22:00:00+00:00\",\"mainEntityOfPage\":{\"@id\":\"https:\/\/alertdiver.eu\/cs_CZ\/clanky\/solidarita-prijizdi-na-morskem-koniku\/\"},\"wordCount\":821,\"publisher\":{\"@id\":\"https:\/\/alertdiver.eu\/cs_CZ\/#organization\"},\"image\":{\"@id\":\"https:\/\/alertdiver.eu\/cs_CZ\/clanky\/solidarita-prijizdi-na-morskem-koniku\/#primaryimage\"},\"thumbnailUrl\":\"https:\/\/alertdiver.eu\/wp-content\/uploads\/2023\/06\/alert-diver-article-35-2.jpg\",\"articleSection\":[\"Clanky\"],\"inLanguage\":\"cs\"},{\"@type\":\"WebPage\",\"@id\":\"https:\/\/alertdiver.eu\/cs_CZ\/clanky\/solidarita-prijizdi-na-morskem-koniku\/\",\"url\":\"https:\/\/alertdiver.eu\/cs_CZ\/clanky\/solidarita-prijizdi-na-morskem-koniku\/\",\"name\":\"Solidarita p\u0159ij\u00ed\u017ed\u00ed...na mo\u0159sk\u00e9m kon\u00edku - Alert Diver\",\"isPartOf\":{\"@id\":\"https:\/\/alertdiver.eu\/cs_CZ\/#website\"},\"primaryImageOfPage\":{\"@id\":\"https:\/\/alertdiver.eu\/cs_CZ\/clanky\/solidarita-prijizdi-na-morskem-koniku\/#primaryimage\"},\"image\":{\"@id\":\"https:\/\/alertdiver.eu\/cs_CZ\/clanky\/solidarita-prijizdi-na-morskem-koniku\/#primaryimage\"},\"thumbnailUrl\":\"https:\/\/alertdiver.eu\/wp-content\/uploads\/2023\/06\/alert-diver-article-35-2.jpg\",\"datePublished\":\"2013-05-14T22:00:00+00:00\",\"dateModified\":\"2013-05-14T22:00:00+00:00\",\"breadcrumb\":{\"@id\":\"https:\/\/alertdiver.eu\/cs_CZ\/clanky\/solidarita-prijizdi-na-morskem-koniku\/#breadcrumb\"},\"inLanguage\":\"cs\",\"potentialAction\":[{\"@type\":\"ReadAction\",\"target\":[\"https:\/\/alertdiver.eu\/cs_CZ\/clanky\/solidarita-prijizdi-na-morskem-koniku\/\"]}]},{\"@type\":\"ImageObject\",\"inLanguage\":\"cs\",\"@id\":\"https:\/\/alertdiver.eu\/cs_CZ\/clanky\/solidarita-prijizdi-na-morskem-koniku\/#primaryimage\",\"url\":\"https:\/\/alertdiver.eu\/wp-content\/uploads\/2023\/06\/alert-diver-article-35-2.jpg\",\"contentUrl\":\"https:\/\/alertdiver.eu\/wp-content\/uploads\/2023\/06\/alert-diver-article-35-2.jpg\",\"width\":2000,\"height\":1333},{\"@type\":\"BreadcrumbList\",\"@id\":\"https:\/\/alertdiver.eu\/cs_CZ\/clanky\/solidarita-prijizdi-na-morskem-koniku\/#breadcrumb\",\"itemListElement\":[{\"@type\":\"ListItem\",\"position\":1,\"name\":\"Home\",\"item\":\"https:\/\/alertdiver.eu\/cs_CZ\/\"},{\"@type\":\"ListItem\",\"position\":2,\"name\":\"Solidarita p\u0159ij\u00ed\u017ed\u00ed&#8230;na mo\u0159sk\u00e9m kon\u00edku\"}]},{\"@type\":\"WebSite\",\"@id\":\"https:\/\/alertdiver.eu\/cs_CZ\/#website\",\"url\":\"https:\/\/alertdiver.eu\/cs_CZ\/\",\"name\":\"Alert Diver Europe\",\"description\":\"Access, discover and share the latest diving safety content from DAN Europe.\",\"publisher\":{\"@id\":\"https:\/\/alertdiver.eu\/cs_CZ\/#organization\"},\"potentialAction\":[{\"@type\":\"SearchAction\",\"target\":{\"@type\":\"EntryPoint\",\"urlTemplate\":\"https:\/\/alertdiver.eu\/cs_CZ\/?s={search_term_string}\"},\"query-input\":{\"@type\":\"PropertyValueSpecification\",\"valueRequired\":true,\"valueName\":\"search_term_string\"}}],\"inLanguage\":\"cs\"},{\"@type\":\"Organization\",\"@id\":\"https:\/\/alertdiver.eu\/cs_CZ\/#organization\",\"name\":\"Alert Diver Europe\",\"url\":\"https:\/\/alertdiver.eu\/cs_CZ\/\",\"logo\":{\"@type\":\"ImageObject\",\"inLanguage\":\"cs\",\"@id\":\"https:\/\/alertdiver.eu\/cs_CZ\/#\/schema\/logo\/image\/\",\"url\":\"https:\/\/alertdiver.eu\/wp-content\/uploads\/2023\/02\/cropped-favicon.png\",\"contentUrl\":\"https:\/\/alertdiver.eu\/wp-content\/uploads\/2023\/02\/cropped-favicon.png\",\"width\":512,\"height\":512,\"caption\":\"Alert Diver Europe\"},\"image\":{\"@id\":\"https:\/\/alertdiver.eu\/cs_CZ\/#\/schema\/logo\/image\/\"}},{\"@type\":\"Person\",\"@id\":\"https:\/\/alertdiver.eu\/cs_CZ\/#\/schema\/person\/9ba7cb3f05522d75bf215ab2cf40b01b\",\"name\":\"microfilla\",\"image\":{\"@type\":\"ImageObject\",\"inLanguage\":\"cs\",\"@id\":\"https:\/\/alertdiver.eu\/cs_CZ\/#\/schema\/person\/image\/\",\"url\":\"https:\/\/secure.gravatar.com\/avatar\/09f39449f14df8c3ad651888221bb907?s=96&d=mm&r=g\",\"contentUrl\":\"https:\/\/secure.gravatar.com\/avatar\/09f39449f14df8c3ad651888221bb907?s=96&d=mm&r=g\",\"caption\":\"microfilla\"},\"sameAs\":[\"https:\/\/microfilla.com\"],\"url\":\"https:\/\/alertdiver.eu\/cs_CZ\/author\/microfilla\/\"}]}<\/script>\n<!-- \/ Yoast SEO plugin. -->","yoast_head_json":{"title":"Solidarita p\u0159ij\u00ed\u017ed\u00ed...na mo\u0159sk\u00e9m kon\u00edku - Alert Diver","robots":{"index":"index","follow":"follow","max-snippet":"max-snippet:-1","max-image-preview":"max-image-preview:large","max-video-preview":"max-video-preview:-1"},"canonical":"https:\/\/alertdiver.eu\/cs_CZ\/clanky\/solidarita-prijizdi-na-morskem-koniku\/","og_locale":"cs_CZ","og_type":"article","og_title":"Solidarita p\u0159ij\u00ed\u017ed\u00ed...na mo\u0159sk\u00e9m kon\u00edku - Alert Diver","og_description":"Cesta solid\u00e1rn\u00edch \u010din\u016f m\u016f\u017ee b\u00fdt n\u011bkdy dlouh\u00e1, komplikovan\u00e1 a pln\u00e1 p\u0159ekvapen\u00ed. Dokonce se n\u011bkdy m\u016f\u017ee ztratit v propasti a znovu vyno\u0159it tis\u00edce kilometr\u016f daleko. \u0160est...","og_url":"https:\/\/alertdiver.eu\/cs_CZ\/clanky\/solidarita-prijizdi-na-morskem-koniku\/","og_site_name":"Alert Diver","article_published_time":"2013-05-14T22:00:00+00:00","og_image":[{"width":2000,"height":1333,"url":"https:\/\/alertdiver.eu\/wp-content\/uploads\/2023\/06\/alert-diver-article-35-2.jpg","type":"image\/jpeg"}],"author":"microfilla","twitter_card":"summary_large_image","twitter_misc":{"Napsal(a)":"microfilla","Odhadovan\u00e1 doba \u010dten\u00ed":"4 minuty"},"schema":{"@context":"https:\/\/schema.org","@graph":[{"@type":"Article","@id":"https:\/\/alertdiver.eu\/cs_CZ\/clanky\/solidarita-prijizdi-na-morskem-koniku\/#article","isPartOf":{"@id":"https:\/\/alertdiver.eu\/cs_CZ\/clanky\/solidarita-prijizdi-na-morskem-koniku\/"},"author":{"name":"microfilla","@id":"https:\/\/alertdiver.eu\/cs_CZ\/#\/schema\/person\/9ba7cb3f05522d75bf215ab2cf40b01b"},"headline":"Solidarita p\u0159ij\u00ed\u017ed\u00ed&#8230;na mo\u0159sk\u00e9m kon\u00edku","datePublished":"2013-05-14T22:00:00+00:00","dateModified":"2013-05-14T22:00:00+00:00","mainEntityOfPage":{"@id":"https:\/\/alertdiver.eu\/cs_CZ\/clanky\/solidarita-prijizdi-na-morskem-koniku\/"},"wordCount":821,"publisher":{"@id":"https:\/\/alertdiver.eu\/cs_CZ\/#organization"},"image":{"@id":"https:\/\/alertdiver.eu\/cs_CZ\/clanky\/solidarita-prijizdi-na-morskem-koniku\/#primaryimage"},"thumbnailUrl":"https:\/\/alertdiver.eu\/wp-content\/uploads\/2023\/06\/alert-diver-article-35-2.jpg","articleSection":["Clanky"],"inLanguage":"cs"},{"@type":"WebPage","@id":"https:\/\/alertdiver.eu\/cs_CZ\/clanky\/solidarita-prijizdi-na-morskem-koniku\/","url":"https:\/\/alertdiver.eu\/cs_CZ\/clanky\/solidarita-prijizdi-na-morskem-koniku\/","name":"Solidarita p\u0159ij\u00ed\u017ed\u00ed...na mo\u0159sk\u00e9m kon\u00edku - Alert Diver","isPartOf":{"@id":"https:\/\/alertdiver.eu\/cs_CZ\/#website"},"primaryImageOfPage":{"@id":"https:\/\/alertdiver.eu\/cs_CZ\/clanky\/solidarita-prijizdi-na-morskem-koniku\/#primaryimage"},"image":{"@id":"https:\/\/alertdiver.eu\/cs_CZ\/clanky\/solidarita-prijizdi-na-morskem-koniku\/#primaryimage"},"thumbnailUrl":"https:\/\/alertdiver.eu\/wp-content\/uploads\/2023\/06\/alert-diver-article-35-2.jpg","datePublished":"2013-05-14T22:00:00+00:00","dateModified":"2013-05-14T22:00:00+00:00","breadcrumb":{"@id":"https:\/\/alertdiver.eu\/cs_CZ\/clanky\/solidarita-prijizdi-na-morskem-koniku\/#breadcrumb"},"inLanguage":"cs","potentialAction":[{"@type":"ReadAction","target":["https:\/\/alertdiver.eu\/cs_CZ\/clanky\/solidarita-prijizdi-na-morskem-koniku\/"]}]},{"@type":"ImageObject","inLanguage":"cs","@id":"https:\/\/alertdiver.eu\/cs_CZ\/clanky\/solidarita-prijizdi-na-morskem-koniku\/#primaryimage","url":"https:\/\/alertdiver.eu\/wp-content\/uploads\/2023\/06\/alert-diver-article-35-2.jpg","contentUrl":"https:\/\/alertdiver.eu\/wp-content\/uploads\/2023\/06\/alert-diver-article-35-2.jpg","width":2000,"height":1333},{"@type":"BreadcrumbList","@id":"https:\/\/alertdiver.eu\/cs_CZ\/clanky\/solidarita-prijizdi-na-morskem-koniku\/#breadcrumb","itemListElement":[{"@type":"ListItem","position":1,"name":"Home","item":"https:\/\/alertdiver.eu\/cs_CZ\/"},{"@type":"ListItem","position":2,"name":"Solidarita p\u0159ij\u00ed\u017ed\u00ed&#8230;na mo\u0159sk\u00e9m kon\u00edku"}]},{"@type":"WebSite","@id":"https:\/\/alertdiver.eu\/cs_CZ\/#website","url":"https:\/\/alertdiver.eu\/cs_CZ\/","name":"Alert Diver Europe","description":"Access, discover and share the latest diving safety content from DAN Europe.","publisher":{"@id":"https:\/\/alertdiver.eu\/cs_CZ\/#organization"},"potentialAction":[{"@type":"SearchAction","target":{"@type":"EntryPoint","urlTemplate":"https:\/\/alertdiver.eu\/cs_CZ\/?s={search_term_string}"},"query-input":{"@type":"PropertyValueSpecification","valueRequired":true,"valueName":"search_term_string"}}],"inLanguage":"cs"},{"@type":"Organization","@id":"https:\/\/alertdiver.eu\/cs_CZ\/#organization","name":"Alert Diver Europe","url":"https:\/\/alertdiver.eu\/cs_CZ\/","logo":{"@type":"ImageObject","inLanguage":"cs","@id":"https:\/\/alertdiver.eu\/cs_CZ\/#\/schema\/logo\/image\/","url":"https:\/\/alertdiver.eu\/wp-content\/uploads\/2023\/02\/cropped-favicon.png","contentUrl":"https:\/\/alertdiver.eu\/wp-content\/uploads\/2023\/02\/cropped-favicon.png","width":512,"height":512,"caption":"Alert Diver Europe"},"image":{"@id":"https:\/\/alertdiver.eu\/cs_CZ\/#\/schema\/logo\/image\/"}},{"@type":"Person","@id":"https:\/\/alertdiver.eu\/cs_CZ\/#\/schema\/person\/9ba7cb3f05522d75bf215ab2cf40b01b","name":"microfilla","image":{"@type":"ImageObject","inLanguage":"cs","@id":"https:\/\/alertdiver.eu\/cs_CZ\/#\/schema\/person\/image\/","url":"https:\/\/secure.gravatar.com\/avatar\/09f39449f14df8c3ad651888221bb907?s=96&d=mm&r=g","contentUrl":"https:\/\/secure.gravatar.com\/avatar\/09f39449f14df8c3ad651888221bb907?s=96&d=mm&r=g","caption":"microfilla"},"sameAs":["https:\/\/microfilla.com"],"url":"https:\/\/alertdiver.eu\/cs_CZ\/author\/microfilla\/"}]}},"_links":{"self":[{"href":"https:\/\/alertdiver.eu\/cs_CZ\/wp-json\/wp\/v2\/posts\/11385585","targetHints":{"allow":["GET"]}}],"collection":[{"href":"https:\/\/alertdiver.eu\/cs_CZ\/wp-json\/wp\/v2\/posts"}],"about":[{"href":"https:\/\/alertdiver.eu\/cs_CZ\/wp-json\/wp\/v2\/types\/post"}],"author":[{"embeddable":true,"href":"https:\/\/alertdiver.eu\/cs_CZ\/wp-json\/wp\/v2\/users\/1"}],"replies":[{"embeddable":true,"href":"https:\/\/alertdiver.eu\/cs_CZ\/wp-json\/wp\/v2\/comments?post=11385585"}],"version-history":[{"count":0,"href":"https:\/\/alertdiver.eu\/cs_CZ\/wp-json\/wp\/v2\/posts\/11385585\/revisions"}],"wp:featuredmedia":[{"embeddable":true,"href":"https:\/\/alertdiver.eu\/cs_CZ\/wp-json\/wp\/v2\/media\/11374653"}],"wp:attachment":[{"href":"https:\/\/alertdiver.eu\/cs_CZ\/wp-json\/wp\/v2\/media?parent=11385585"}],"wp:term":[{"taxonomy":"category","embeddable":true,"href":"https:\/\/alertdiver.eu\/cs_CZ\/wp-json\/wp\/v2\/categories?post=11385585"},{"taxonomy":"post_tag","embeddable":true,"href":"https:\/\/alertdiver.eu\/cs_CZ\/wp-json\/wp\/v2\/tags?post=11385585"},{"taxonomy":"authors","embeddable":true,"href":"https:\/\/alertdiver.eu\/cs_CZ\/wp-json\/wp\/v2\/authors?post=11385585"}],"curies":[{"name":"wp","href":"https:\/\/api.w.org\/{rel}","templated":true}]}}