{"id":11385619,"date":"2014-09-23T00:00:00","date_gmt":"2014-09-22T22:00:00","guid":{"rendered":"https:\/\/alertdiver.eu\/uncategorized-cs_cz\/vliv-potapeni-na-mozek-2-cast\/"},"modified":"2014-09-23T00:00:00","modified_gmt":"2014-09-22T22:00:00","slug":"vliv-potapeni-na-mozek-2-cast","status":"publish","type":"post","link":"https:\/\/alertdiver.eu\/cs_CZ\/clanky\/vliv-potapeni-na-mozek-2-cast\/","title":{"rendered":"Vliv pot\u00e1p\u011bn\u00ed na mozek (2. \u010d\u00e1st)"},"content":{"rendered":"<p style=\"text-align: justify;\">Zkoum\u00e1me mo\u017en\u00e9 souvislosti mezi akutn\u00edmi pot\u00e1p\u011b\u010dsk\u00fdmi zran\u011bn\u00edmi a neurologick\u00fdmi pot\u00ed\u017eemi. Tento probl\u00e9m z\u016fst\u00e1v\u00e1 st\u00e1le neodpov\u011bzen\u00fd, proto jsme polo\u017eili ji\u017e druhou s\u00e9rii ot\u00e1zek odborn\u00edk\u016fm na danou t\u00e9matiku &ndash; s&nbsp;c\u00edlem p\u0159isp\u011bt k&nbsp;objasn\u011bn\u00ed mo\u017en\u00fdch \u00fa\u010dink\u016f pot\u00e1p\u011bn\u00ed na mozek.&nbsp;<\/p>\n<p style=\"text-align: justify;\"><strong>Jak\u00e1 je souvislost mezi sn\u00ed\u017eenou neuropsychickou v\u00fdkonnost\u00ed a p\u0159\u00edtomnost\u00ed mozkov\u00fdch l\u00e9z\u00ed? <\/strong><\/p>\n<p style=\"text-align: justify;\"><strong>Moon<\/strong><strong>:<\/strong> \u017d\u00e1dn\u00e1 takov\u00e1 souvislost nebyla zat\u00edm u pot\u00e1p\u011b\u010d\u016f prok\u00e1zan\u00e1.<\/p>\n<p style=\"text-align: justify;\"><strong>Uzun<\/strong><strong>:<\/strong> P\u0159\u00edtomnost mozkov\u00fdch l\u00e9z\u00ed nemus\u00ed znamenat sn\u00ed\u017eenou neuropsychickou v\u00fdkonnost. P\u0159i n\u011bkter\u00fdch v\u00fdzkumech se v\u0161ak u dosp\u011bl\u00fdch jedinc\u016f zjistila souvislost mezi b\u00edl\u00fdmi l\u00e9zemi a sn\u00ed\u017een\u00fdmi kognitivn\u00edmi schopnostmi, jin\u00e9 v\u00fdzkumy nazna\u010dily, \u017ee b\u00edl\u00e9 mozkov\u00e9 l\u00e9ze mohou signalizovat budouc\u00ed v\u00fdskyt demence. Na druhou stranu je v\u0161ak nutno dodat, \u017ee v\u00fdzkumy zam\u011b\u0159en\u00e9 na vyhodnocen\u00ed vztahu mezi mozkov\u00fdmi l\u00e9z\u00e9mi a neuropsychickou v\u00fdkonnost\u00ed u pot\u00e1p\u011b\u010d\u016f neprok\u00e1zaly \u017e\u00e1dnou souvislost.<\/p>\n<p style=\"text-align: justify;\"><strong>Tetzlaff<\/strong><strong>:<\/strong> Zjistilo se, \u017ee sn\u00ed\u017een\u00e1 funk\u010dnost mozku a zhor\u0161en\u00e1 pam\u011b\u0165 v\u00fdznamn\u011b souvis\u00ed s&nbsp;b\u00edl\u00fdmi l\u00e9zemi mozkov\u00e9 hmoty.<\/p>\n<p style=\"text-align: justify;\"><strong>Jak souvis\u00ed dobrovoln\u00e1 apnea a hypoxie s&nbsp;potenci\u00e1ln\u00edm po\u0161kozen\u00edm mozku u pot\u00e1p\u011b\u010d\u016f prov\u00e1d\u011bj\u00edc\u00edch ponory se zadr\u017een\u00fdm dechem?<\/strong><\/p>\n<p style=\"text-align: justify;\"><strong>Moon<\/strong><strong>:<\/strong> Kdy\u017e se pot\u00e1p\u011b\u010di se zadr\u017een\u00fdm dechem vr\u00e1t\u00ed zp\u011bt k&nbsp;hladin\u011b, m\u00edvaj\u00ed n\u00edzkou hladinu kysl\u00edku (hypoxemie), co\u017e zp\u016fsobuje, \u017ee n\u011bkte\u0159\u00ed jedinci ztrat\u00ed na n\u011bkolik vte\u0159in v\u011bdom\u00ed. Z&nbsp;toho lze usoudit, \u017ee takov\u00e9 opakovan\u00e9 epizody mohou zap\u0159i\u010dinit kumulativn\u00ed po\u0161kozen\u00ed mozku.<\/p>\n<p style=\"text-align: justify;\"><strong>Uzun<\/strong><strong>:<\/strong> Mo\u017en\u00fdm po\u0161kozen\u00edm mozku pot\u00e1p\u011b\u010d\u016f praktikuj\u00edc\u00edch pot\u00e1p\u011bn\u00ed se zadr\u017een\u00fdm dechem se zab\u00fdvalo n\u011bkolik v\u00fdzkum\u016f. V jedn\u00e9 ned\u00e1vn\u00e9 studii (Andersson et al., 2009) se zd\u016fraz\u0148uje existence zv\u00fd\u0161en\u00e9 hladiny b\u00edlkoviny S100B, co\u017e je marker nazna\u010duj\u00edc\u00ed po\u0161kozen\u00ed mozku bezprost\u0159edn\u011b po dobrovoln\u00e9 z\u00e1stav\u011b d\u00fdch\u00e1n\u00ed. Auto\u0159i t\u00e9to studie tvrd\u00ed, \u017ee d\u016fvodem pro tento n\u00e1lez m\u016f\u017ee b\u00fdt neuronov\u00e9 po\u0161kozen\u00ed vyvolan\u00e9 hypoxi\u00ed nebo do\u010dasn\u00e9 po\u0161kozen\u00ed hematoencefalick\u00e9 bari\u00e9ry. Zdali v\u0161ak dobrovoln\u00e1 apnea zp\u016fsobuje po\u0161kozen\u00ed mozku dlouhodob\u011b, to se mus\u00ed teprve zjistit.<\/p>\n<p style=\"text-align: justify;\"><strong>Tetzlaff<\/strong><strong>:<\/strong> Prodlou\u017een\u00e9 zadr\u017een\u00ed dechu sn\u00ed\u017e\u00ed okysli\u010den\u00ed mozku. P\u0159i zkoum\u00e1n\u00ed probl\u00e9mu obstruktivn\u00ed bezdechovosti p\u0159i sp\u00e1nku se prok\u00e1zalo, \u017ee ob\u010dasn\u00e1 hypoxie souvis\u00ed s&nbsp;kognitivn\u00edm poklesem a s nen\u00e1padn\u00fdmi mozkov\u00fdmi infarkty, kter\u00e9 p\u0159edev\u0161\u00edm postihuj\u00ed mal\u00e9 mozkov\u00e9 c\u00e9vy. Na rozd\u00edl od pacient\u016f trp\u00edc\u00edch obstruktivn\u00ed apneou p\u0159i sp\u00e1nku se v\u0161ak u pot\u00e1p\u011b\u010d\u016f se zadr\u017een\u00fdm dechem nedostavuje \u017e\u00e1dn\u00e1 kardiovaskul\u00e1rn\u00ed aktivace sympatick\u00fdch nebo jin\u00fdch v\u00fdznamn\u00fdch reflex\u016f. Zv\u00fd\u0161en\u00e9 hladiny b\u00edlkoviny S100B (markeru signalizuj\u00edc\u00edho po\u0161kozen\u00ed mozku) po extremn\u00edch p\u0159\u00edpadech bezdechovosti po ponorech proveden\u00fdch elitn\u00edmi pot\u00e1p\u011b\u010di se zadr\u017een\u00fdm dechem mohou nazna\u010dovat pravd\u011bpodobn\u00e9 poru\u0161en\u00ed hematoencefalick\u00e9 bari\u00e9ry. S100B je v\u0161ak nespecifick\u00fd marker, kter\u00fd m\u016f\u017ee b\u00fdt zv\u00fd\u0161en\u00fd i n\u011bjak\u00fdm extrakrani\u00e1ln\u00edm zran\u011bn\u00edm. Extr\u00e9mn\u00ed bezdechovosti p\u0159edv\u00e1d\u011bn\u00e9 elitn\u00edmi pot\u00e1p\u011b\u010di prov\u00e1d\u011bj\u00edc\u00edmi ponory se zadr\u017een\u00fdm dechem mohou v\u00fdznamn\u011b zat\u00ed\u017eit kardiovaskul\u00e1rn\u00ed i d\u00fdchac\u00ed soustavu. Na tomto m\u00edst\u011b je v\u0161ak nutno p\u0159ipomenout, \u017ee u extr\u00e9mn\u00edho pot\u00e1p\u011bn\u00ed se zadr\u017een\u00fdm dechem se jedn\u00e1 o nebezpe\u010dnou \u010dinnost, kter\u00e1 m\u016f\u017ee zp\u016fsobit velmi v\u00e1\u017en\u00e9 zdravotn\u00ed komplikace, z&nbsp;nich\u017e dlouhodob\u00e9 po\u0161kozen\u00ed mozku je je\u0161t\u011b probl\u00e9mem nejmen\u0161\u00edm.<\/p>\n<p style=\"text-align: justify;\"><strong>Jak\u00e1 nebezpe\u010d\u00ed p\u0159edstavuje pot\u00e1p\u011bn\u00ed pro nervouvou soustavu \u010dlov\u011bka? <\/strong><\/p>\n<p style=\"text-align: justify;\"><strong>Moon<\/strong><strong>:<\/strong> Hlavn\u00edm nebezpe\u010d\u00edm, i kdy\u017e pom\u011brn\u011b mal\u00fdm, je cerebr\u00e1ln\u00ed dekompresn\u00ed nemoc (DCI). Ta m\u016f\u017ee b\u00fdt zap\u0159i\u010din\u011bn\u00e1 dekompresn\u00edm onemocn\u011bn\u00edm &nbsp;DCS (vytvo\u0159en\u00edm bublinek v&nbsp;tk\u00e1n\u00edch), p\u0159i\u010dem\u017e se krevn\u00edm \u0159e\u010di\u0161t\u011bm dostanou bublinky do mozku. Tento stav v\u0161ak m\u016f\u017ee b\u00fdt tak\u00e9 zp\u016fsoben tepennou plynovou emboli\u00ed (AGE), kdy se bublinky tvo\u0159\u00ed n\u00e1sledkem prasknut\u00ed plicn\u00edch skl\u00edpk\u016f b\u011bhem dekomprese zap\u0159i\u010din\u011bn\u00e9 zadr\u017eov\u00e1n\u00edm dechu nebo n\u011bjak\u00fdm onemocn\u011bn\u00edm plic.<\/p>\n<p style=\"text-align: justify;\"><strong>Uzun<\/strong><strong>:<\/strong> S&nbsp;p\u0159\u00edstrojov\u00fdm pot\u00e1p\u011bn\u00edm se poj\u00ed cel\u00e1 \u0159ada neurogick\u00fdch rizik, a to v\u010detn\u011b DCS, AGE, anoxie a vysokotlak\u00e9ho nervov\u00e9ho syndromu.<\/p>\n<p style=\"text-align: justify;\"><strong>Tetzlaff<\/strong><strong>:<\/strong> Hlavn\u00edm mechanismem vedouc\u00edm k&nbsp;po\u0161kozen\u00ed \u00fast\u0159edn\u00ed nervov\u00e9 soustavy z&nbsp;d\u016fvodu pot\u00e1p\u011bn\u00ed je plynov\u00e1 embolie cerebr\u00e1ln\u00edch tepen. K&nbsp;t\u00e9 m\u016f\u017ee doj\u00edt p\u0159i akutn\u00ed AGE n\u00e1sledkem pulmon\u00e1ln\u00edho barotraumatu nebo pr\u016fnikem \u017eiln\u00ed plynov\u00e9 embolie do c\u00e9vn\u00edho ob\u011bhu (co\u017e m\u016f\u017ee nastat v&nbsp;p\u0159\u00edpad\u011b PFO). A chronick\u00e9 po\u0161kozen\u00ed mozku m\u016f\u017ee rovn\u011b\u017e zp\u016fsobit nen\u00e1padn\u00e1 (tich\u00e1) embolie cerebr\u00e1ln\u00edch mikroc\u00e9v. B\u011b\u017en\u00e9 pot\u00e1p\u011bn\u00ed a pot\u00e1p\u011bn\u00ed v&nbsp;r\u00e1mci nedekompresn\u00edch limit\u016f by v\u0161ak m\u011blo nebezpe\u010d\u00ed pro \u00fast\u0159edn\u00ed nervovou soustavu minimalizovat.<\/p>\n<p style=\"text-align: justify;\"><strong>M\u011bli by scuba pot\u00e1p\u011b\u010di, kte\u0159\u00ed nikdy neza\u017eili DSC, m\u00edt obavy z&nbsp;dlouhodob\u00fdch kumulativn\u00edch zdravotn\u00edch po\u0161kozen\u00ed zp\u016fsoben\u00fdch pot\u00e1p\u011bn\u00edm?<\/strong><\/p>\n<p style=\"text-align: justify;\"><strong>Moon<\/strong><strong>:<\/strong> Ne.<\/p>\n<p style=\"text-align: justify;\"><strong>Uzun<\/strong><strong>:<\/strong> Ne. V&nbsp;sou\u010dasn\u00e9 dob\u011b neexistuje jedin\u00fd d\u016fkaz, \u017ee by p\u0159\u00edstrojov\u00e9 pot\u00e1p\u011bn\u00ed zp\u016fsobovalo dlouhodob\u00e9 po\u0161kozen\u00ed mozku u pot\u00e1p\u011b\u010d\u016f bez p\u0159edchoz\u00edch p\u0159\u00edznak\u016f. &nbsp;<\/p>\n<p style=\"text-align: justify;\"><strong>Tetzlaff<\/strong><strong>:<\/strong> Obavy nejsou na m\u00edst\u011b. Jak vypl\u00fdv\u00e1 ze shora uveden\u00e9ho, c\u00e9vn\u00ed ischemick\u00e1 nemoc mozku se sice m\u016f\u017ee n\u00e1sledkem plynov\u00fdch bublinek vznikl\u00fdch p\u0159i pot\u00e1p\u011bn\u00ed dostavit, ale pot\u00e1p\u011bn\u00ed v&nbsp;r\u00e1mci dan\u00fdch limit\u016f a n\u00e1sledn\u00e9 doporu\u010den\u00e9 postupy by m\u011bly jej\u00edmu vzniku zabr\u00e1nit.<\/p>\n<p style=\"text-align: justify;\"><strong>Odborn\u00edci:<\/strong><\/p>\n<p style=\"text-align: justify;\"><strong>Richard Moon<\/strong>, <strong>M.D<\/strong>., z\u00edskal l\u00e9ka\u0159sk\u00fd diplom na McGill University v kanadsk\u00e9m Montrealu. Je profesorem anesteziologie a medic\u00edny a rovn\u011b\u017e \u0159editelem St\u0159ediska pro hyperbarickou medic\u00ednu a environment\u00e1ln\u00ed fyziologii na Duke University Medical Center v Durhamu (Severn\u00ed Karol\u00edna).<\/p>\n<p style=\"text-align: justify;\"><strong>Kay Tetzlaff, M.D<\/strong>., je mimo\u0159\u00e1dn\u00fdm profesorem medic\u00edny na Kated\u0159e sportovn\u00edho l\u00e9ka\u0159stv\u00ed Univerzity T\u00fcbingen v N\u011bmecku a konzultantem pro pot\u00e1p\u011b\u010dskou a hyperbarickou medic\u00ednu.<\/p>\n<p style=\"text-align: justify;\"><strong>G\u00fcnalp Uzun, M.D<\/strong>., je mimo\u0159\u00e1dn\u00fdm profesorem pro podvodn\u00ed a hyperbarickou medic\u00ednu ve fakultn\u00ed nemocnici GMMA Haydarpasa Teaching Hospital v tureck\u00e9m Istanbulu.<\/p>\n<p style=\"text-align: justify;\"><strong>Sou\u010dasn\u00fd v\u00fdzkum<\/strong><\/p>\n<p style=\"text-align: justify;\"><span style=\"color: rgb(51,51,51);\">Ve snaze l\u00e9pe poznat a pochopit \u00fa\u010dinky pot\u00e1p\u011bn\u00ed na mozek, zah\u00e1jili nyn\u00ed v\u00fdzkumn\u00ed pracovn\u00edci&nbsp;DAN v\u00fdzkum, p\u0159i kter\u00e9m se budou u scuba pot\u00e1p\u011b\u010d\u016f sledovat&nbsp;akutn\u00ed \u00fa\u010dinky&nbsp;p\u0159\u00edstrojov\u00e9ho pot\u00e1p\u011bn\u00ed na v\u00fdkonn\u00e9 funkce mozku.&nbsp;C\u00edlem tohoho v\u00fdzkumu je posoudit a vyhodnotit mo\u017enou neurologickou dysfunkci po extr\u00e9mn\u00edch ponorech se zadr\u017een\u00fdm dechem a po p\u0159\u00edstrojov\u00e9m pot\u00e1p\u011bn\u00ed do velk\u00fdch hloubek u pot\u00e1p\u011b\u010d\u016f bez zjevn\u00fdch p\u0159\u00edznak\u016f. <\/span><\/p>\n","protected":false},"excerpt":{"rendered":"<p>Zkoum\u00e1me mo\u017en\u00e9 souvislosti mezi akutn\u00edmi pot\u00e1p\u011b\u010dsk\u00fdmi zran\u011bn\u00edmi a neurologick\u00fdmi pot\u00ed\u017eemi. Tento probl\u00e9m z\u016fst\u00e1v\u00e1 st\u00e1le neodpov\u011bzen\u00fd, proto jsme polo\u017eili ji\u017e druhou s\u00e9rii ot\u00e1zek odborn\u00edk\u016fm na danou&#8230;<\/p>\n","protected":false},"author":1,"featured_media":11375054,"comment_status":"closed","ping_status":"closed","sticky":false,"template":"","format":"standard","meta":{"_acf_changed":false,"footnotes":""},"categories":[384],"tags":[],"authors":[],"class_list":["post-11385619","post","type-post","status-publish","format-standard","has-post-thumbnail","hentry","category-clanky"],"acf":[],"yoast_head":"<!-- This site is optimized with the Yoast SEO plugin v24.2 - https:\/\/yoast.com\/wordpress\/plugins\/seo\/ -->\n<title>Vliv pot\u00e1p\u011bn\u00ed na mozek (2. \u010d\u00e1st) - Alert Diver<\/title>\n<meta name=\"robots\" content=\"index, follow, max-snippet:-1, max-image-preview:large, max-video-preview:-1\" \/>\n<link rel=\"canonical\" href=\"https:\/\/alertdiver.eu\/cs_CZ\/clanky\/vliv-potapeni-na-mozek-2-cast\/\" \/>\n<meta property=\"og:locale\" content=\"cs_CZ\" \/>\n<meta property=\"og:type\" content=\"article\" \/>\n<meta property=\"og:title\" content=\"Vliv pot\u00e1p\u011bn\u00ed na mozek (2. \u010d\u00e1st) - Alert Diver\" \/>\n<meta property=\"og:description\" content=\"Zkoum\u00e1me mo\u017en\u00e9 souvislosti mezi akutn\u00edmi pot\u00e1p\u011b\u010dsk\u00fdmi zran\u011bn\u00edmi a neurologick\u00fdmi pot\u00ed\u017eemi. Tento probl\u00e9m z\u016fst\u00e1v\u00e1 st\u00e1le neodpov\u011bzen\u00fd, proto jsme polo\u017eili ji\u017e druhou s\u00e9rii ot\u00e1zek odborn\u00edk\u016fm na danou...\" \/>\n<meta property=\"og:url\" content=\"https:\/\/alertdiver.eu\/cs_CZ\/clanky\/vliv-potapeni-na-mozek-2-cast\/\" \/>\n<meta property=\"og:site_name\" content=\"Alert Diver\" \/>\n<meta property=\"article:published_time\" content=\"2014-09-22T22:00:00+00:00\" \/>\n<meta property=\"og:image\" content=\"https:\/\/alertdiver.eu\/wp-content\/uploads\/2023\/06\/alert-diver-article-99-1.jpg\" \/>\n\t<meta property=\"og:image:width\" content=\"2000\" \/>\n\t<meta property=\"og:image:height\" content=\"1333\" \/>\n\t<meta property=\"og:image:type\" content=\"image\/jpeg\" \/>\n<meta name=\"author\" content=\"microfilla\" \/>\n<meta name=\"twitter:card\" content=\"summary_large_image\" \/>\n<meta name=\"twitter:label1\" content=\"Napsal(a)\" \/>\n\t<meta name=\"twitter:data1\" content=\"microfilla\" \/>\n\t<meta name=\"twitter:label2\" content=\"Odhadovan\u00e1 doba \u010dten\u00ed\" \/>\n\t<meta name=\"twitter:data2\" content=\"6 minut\" \/>\n<script type=\"application\/ld+json\" class=\"yoast-schema-graph\">{\"@context\":\"https:\/\/schema.org\",\"@graph\":[{\"@type\":\"Article\",\"@id\":\"https:\/\/alertdiver.eu\/cs_CZ\/clanky\/vliv-potapeni-na-mozek-2-cast\/#article\",\"isPartOf\":{\"@id\":\"https:\/\/alertdiver.eu\/cs_CZ\/clanky\/vliv-potapeni-na-mozek-2-cast\/\"},\"author\":{\"name\":\"microfilla\",\"@id\":\"https:\/\/alertdiver.eu\/cs_CZ\/#\/schema\/person\/9ba7cb3f05522d75bf215ab2cf40b01b\"},\"headline\":\"Vliv pot\u00e1p\u011bn\u00ed na mozek (2. \u010d\u00e1st)\",\"datePublished\":\"2014-09-22T22:00:00+00:00\",\"dateModified\":\"2014-09-22T22:00:00+00:00\",\"mainEntityOfPage\":{\"@id\":\"https:\/\/alertdiver.eu\/cs_CZ\/clanky\/vliv-potapeni-na-mozek-2-cast\/\"},\"wordCount\":1261,\"publisher\":{\"@id\":\"https:\/\/alertdiver.eu\/cs_CZ\/#organization\"},\"image\":{\"@id\":\"https:\/\/alertdiver.eu\/cs_CZ\/clanky\/vliv-potapeni-na-mozek-2-cast\/#primaryimage\"},\"thumbnailUrl\":\"https:\/\/alertdiver.eu\/wp-content\/uploads\/2023\/06\/alert-diver-article-99-1.jpg\",\"articleSection\":[\"Clanky\"],\"inLanguage\":\"cs\"},{\"@type\":\"WebPage\",\"@id\":\"https:\/\/alertdiver.eu\/cs_CZ\/clanky\/vliv-potapeni-na-mozek-2-cast\/\",\"url\":\"https:\/\/alertdiver.eu\/cs_CZ\/clanky\/vliv-potapeni-na-mozek-2-cast\/\",\"name\":\"Vliv pot\u00e1p\u011bn\u00ed na mozek (2. \u010d\u00e1st) - Alert Diver\",\"isPartOf\":{\"@id\":\"https:\/\/alertdiver.eu\/cs_CZ\/#website\"},\"primaryImageOfPage\":{\"@id\":\"https:\/\/alertdiver.eu\/cs_CZ\/clanky\/vliv-potapeni-na-mozek-2-cast\/#primaryimage\"},\"image\":{\"@id\":\"https:\/\/alertdiver.eu\/cs_CZ\/clanky\/vliv-potapeni-na-mozek-2-cast\/#primaryimage\"},\"thumbnailUrl\":\"https:\/\/alertdiver.eu\/wp-content\/uploads\/2023\/06\/alert-diver-article-99-1.jpg\",\"datePublished\":\"2014-09-22T22:00:00+00:00\",\"dateModified\":\"2014-09-22T22:00:00+00:00\",\"breadcrumb\":{\"@id\":\"https:\/\/alertdiver.eu\/cs_CZ\/clanky\/vliv-potapeni-na-mozek-2-cast\/#breadcrumb\"},\"inLanguage\":\"cs\",\"potentialAction\":[{\"@type\":\"ReadAction\",\"target\":[\"https:\/\/alertdiver.eu\/cs_CZ\/clanky\/vliv-potapeni-na-mozek-2-cast\/\"]}]},{\"@type\":\"ImageObject\",\"inLanguage\":\"cs\",\"@id\":\"https:\/\/alertdiver.eu\/cs_CZ\/clanky\/vliv-potapeni-na-mozek-2-cast\/#primaryimage\",\"url\":\"https:\/\/alertdiver.eu\/wp-content\/uploads\/2023\/06\/alert-diver-article-99-1.jpg\",\"contentUrl\":\"https:\/\/alertdiver.eu\/wp-content\/uploads\/2023\/06\/alert-diver-article-99-1.jpg\",\"width\":2000,\"height\":1333},{\"@type\":\"BreadcrumbList\",\"@id\":\"https:\/\/alertdiver.eu\/cs_CZ\/clanky\/vliv-potapeni-na-mozek-2-cast\/#breadcrumb\",\"itemListElement\":[{\"@type\":\"ListItem\",\"position\":1,\"name\":\"Home\",\"item\":\"https:\/\/alertdiver.eu\/cs_CZ\/\"},{\"@type\":\"ListItem\",\"position\":2,\"name\":\"Vliv pot\u00e1p\u011bn\u00ed na mozek (2. \u010d\u00e1st)\"}]},{\"@type\":\"WebSite\",\"@id\":\"https:\/\/alertdiver.eu\/cs_CZ\/#website\",\"url\":\"https:\/\/alertdiver.eu\/cs_CZ\/\",\"name\":\"Alert Diver Europe\",\"description\":\"Access, discover and share the latest diving safety content from DAN Europe.\",\"publisher\":{\"@id\":\"https:\/\/alertdiver.eu\/cs_CZ\/#organization\"},\"potentialAction\":[{\"@type\":\"SearchAction\",\"target\":{\"@type\":\"EntryPoint\",\"urlTemplate\":\"https:\/\/alertdiver.eu\/cs_CZ\/?s={search_term_string}\"},\"query-input\":{\"@type\":\"PropertyValueSpecification\",\"valueRequired\":true,\"valueName\":\"search_term_string\"}}],\"inLanguage\":\"cs\"},{\"@type\":\"Organization\",\"@id\":\"https:\/\/alertdiver.eu\/cs_CZ\/#organization\",\"name\":\"Alert Diver Europe\",\"url\":\"https:\/\/alertdiver.eu\/cs_CZ\/\",\"logo\":{\"@type\":\"ImageObject\",\"inLanguage\":\"cs\",\"@id\":\"https:\/\/alertdiver.eu\/cs_CZ\/#\/schema\/logo\/image\/\",\"url\":\"https:\/\/alertdiver.eu\/wp-content\/uploads\/2023\/02\/cropped-favicon.png\",\"contentUrl\":\"https:\/\/alertdiver.eu\/wp-content\/uploads\/2023\/02\/cropped-favicon.png\",\"width\":512,\"height\":512,\"caption\":\"Alert Diver Europe\"},\"image\":{\"@id\":\"https:\/\/alertdiver.eu\/cs_CZ\/#\/schema\/logo\/image\/\"}},{\"@type\":\"Person\",\"@id\":\"https:\/\/alertdiver.eu\/cs_CZ\/#\/schema\/person\/9ba7cb3f05522d75bf215ab2cf40b01b\",\"name\":\"microfilla\",\"image\":{\"@type\":\"ImageObject\",\"inLanguage\":\"cs\",\"@id\":\"https:\/\/alertdiver.eu\/cs_CZ\/#\/schema\/person\/image\/\",\"url\":\"https:\/\/secure.gravatar.com\/avatar\/09f39449f14df8c3ad651888221bb907?s=96&d=mm&r=g\",\"contentUrl\":\"https:\/\/secure.gravatar.com\/avatar\/09f39449f14df8c3ad651888221bb907?s=96&d=mm&r=g\",\"caption\":\"microfilla\"},\"sameAs\":[\"https:\/\/microfilla.com\"],\"url\":\"https:\/\/alertdiver.eu\/cs_CZ\/author\/microfilla\/\"}]}<\/script>\n<!-- \/ Yoast SEO plugin. -->","yoast_head_json":{"title":"Vliv pot\u00e1p\u011bn\u00ed na mozek (2. \u010d\u00e1st) - Alert Diver","robots":{"index":"index","follow":"follow","max-snippet":"max-snippet:-1","max-image-preview":"max-image-preview:large","max-video-preview":"max-video-preview:-1"},"canonical":"https:\/\/alertdiver.eu\/cs_CZ\/clanky\/vliv-potapeni-na-mozek-2-cast\/","og_locale":"cs_CZ","og_type":"article","og_title":"Vliv pot\u00e1p\u011bn\u00ed na mozek (2. \u010d\u00e1st) - Alert Diver","og_description":"Zkoum\u00e1me mo\u017en\u00e9 souvislosti mezi akutn\u00edmi pot\u00e1p\u011b\u010dsk\u00fdmi zran\u011bn\u00edmi a neurologick\u00fdmi pot\u00ed\u017eemi. Tento probl\u00e9m z\u016fst\u00e1v\u00e1 st\u00e1le neodpov\u011bzen\u00fd, proto jsme polo\u017eili ji\u017e druhou s\u00e9rii ot\u00e1zek odborn\u00edk\u016fm na danou...","og_url":"https:\/\/alertdiver.eu\/cs_CZ\/clanky\/vliv-potapeni-na-mozek-2-cast\/","og_site_name":"Alert Diver","article_published_time":"2014-09-22T22:00:00+00:00","og_image":[{"width":2000,"height":1333,"url":"https:\/\/alertdiver.eu\/wp-content\/uploads\/2023\/06\/alert-diver-article-99-1.jpg","type":"image\/jpeg"}],"author":"microfilla","twitter_card":"summary_large_image","twitter_misc":{"Napsal(a)":"microfilla","Odhadovan\u00e1 doba \u010dten\u00ed":"6 minut"},"schema":{"@context":"https:\/\/schema.org","@graph":[{"@type":"Article","@id":"https:\/\/alertdiver.eu\/cs_CZ\/clanky\/vliv-potapeni-na-mozek-2-cast\/#article","isPartOf":{"@id":"https:\/\/alertdiver.eu\/cs_CZ\/clanky\/vliv-potapeni-na-mozek-2-cast\/"},"author":{"name":"microfilla","@id":"https:\/\/alertdiver.eu\/cs_CZ\/#\/schema\/person\/9ba7cb3f05522d75bf215ab2cf40b01b"},"headline":"Vliv pot\u00e1p\u011bn\u00ed na mozek (2. \u010d\u00e1st)","datePublished":"2014-09-22T22:00:00+00:00","dateModified":"2014-09-22T22:00:00+00:00","mainEntityOfPage":{"@id":"https:\/\/alertdiver.eu\/cs_CZ\/clanky\/vliv-potapeni-na-mozek-2-cast\/"},"wordCount":1261,"publisher":{"@id":"https:\/\/alertdiver.eu\/cs_CZ\/#organization"},"image":{"@id":"https:\/\/alertdiver.eu\/cs_CZ\/clanky\/vliv-potapeni-na-mozek-2-cast\/#primaryimage"},"thumbnailUrl":"https:\/\/alertdiver.eu\/wp-content\/uploads\/2023\/06\/alert-diver-article-99-1.jpg","articleSection":["Clanky"],"inLanguage":"cs"},{"@type":"WebPage","@id":"https:\/\/alertdiver.eu\/cs_CZ\/clanky\/vliv-potapeni-na-mozek-2-cast\/","url":"https:\/\/alertdiver.eu\/cs_CZ\/clanky\/vliv-potapeni-na-mozek-2-cast\/","name":"Vliv pot\u00e1p\u011bn\u00ed na mozek (2. \u010d\u00e1st) - Alert Diver","isPartOf":{"@id":"https:\/\/alertdiver.eu\/cs_CZ\/#website"},"primaryImageOfPage":{"@id":"https:\/\/alertdiver.eu\/cs_CZ\/clanky\/vliv-potapeni-na-mozek-2-cast\/#primaryimage"},"image":{"@id":"https:\/\/alertdiver.eu\/cs_CZ\/clanky\/vliv-potapeni-na-mozek-2-cast\/#primaryimage"},"thumbnailUrl":"https:\/\/alertdiver.eu\/wp-content\/uploads\/2023\/06\/alert-diver-article-99-1.jpg","datePublished":"2014-09-22T22:00:00+00:00","dateModified":"2014-09-22T22:00:00+00:00","breadcrumb":{"@id":"https:\/\/alertdiver.eu\/cs_CZ\/clanky\/vliv-potapeni-na-mozek-2-cast\/#breadcrumb"},"inLanguage":"cs","potentialAction":[{"@type":"ReadAction","target":["https:\/\/alertdiver.eu\/cs_CZ\/clanky\/vliv-potapeni-na-mozek-2-cast\/"]}]},{"@type":"ImageObject","inLanguage":"cs","@id":"https:\/\/alertdiver.eu\/cs_CZ\/clanky\/vliv-potapeni-na-mozek-2-cast\/#primaryimage","url":"https:\/\/alertdiver.eu\/wp-content\/uploads\/2023\/06\/alert-diver-article-99-1.jpg","contentUrl":"https:\/\/alertdiver.eu\/wp-content\/uploads\/2023\/06\/alert-diver-article-99-1.jpg","width":2000,"height":1333},{"@type":"BreadcrumbList","@id":"https:\/\/alertdiver.eu\/cs_CZ\/clanky\/vliv-potapeni-na-mozek-2-cast\/#breadcrumb","itemListElement":[{"@type":"ListItem","position":1,"name":"Home","item":"https:\/\/alertdiver.eu\/cs_CZ\/"},{"@type":"ListItem","position":2,"name":"Vliv pot\u00e1p\u011bn\u00ed na mozek (2. \u010d\u00e1st)"}]},{"@type":"WebSite","@id":"https:\/\/alertdiver.eu\/cs_CZ\/#website","url":"https:\/\/alertdiver.eu\/cs_CZ\/","name":"Alert Diver Europe","description":"Access, discover and share the latest diving safety content from DAN Europe.","publisher":{"@id":"https:\/\/alertdiver.eu\/cs_CZ\/#organization"},"potentialAction":[{"@type":"SearchAction","target":{"@type":"EntryPoint","urlTemplate":"https:\/\/alertdiver.eu\/cs_CZ\/?s={search_term_string}"},"query-input":{"@type":"PropertyValueSpecification","valueRequired":true,"valueName":"search_term_string"}}],"inLanguage":"cs"},{"@type":"Organization","@id":"https:\/\/alertdiver.eu\/cs_CZ\/#organization","name":"Alert Diver Europe","url":"https:\/\/alertdiver.eu\/cs_CZ\/","logo":{"@type":"ImageObject","inLanguage":"cs","@id":"https:\/\/alertdiver.eu\/cs_CZ\/#\/schema\/logo\/image\/","url":"https:\/\/alertdiver.eu\/wp-content\/uploads\/2023\/02\/cropped-favicon.png","contentUrl":"https:\/\/alertdiver.eu\/wp-content\/uploads\/2023\/02\/cropped-favicon.png","width":512,"height":512,"caption":"Alert Diver Europe"},"image":{"@id":"https:\/\/alertdiver.eu\/cs_CZ\/#\/schema\/logo\/image\/"}},{"@type":"Person","@id":"https:\/\/alertdiver.eu\/cs_CZ\/#\/schema\/person\/9ba7cb3f05522d75bf215ab2cf40b01b","name":"microfilla","image":{"@type":"ImageObject","inLanguage":"cs","@id":"https:\/\/alertdiver.eu\/cs_CZ\/#\/schema\/person\/image\/","url":"https:\/\/secure.gravatar.com\/avatar\/09f39449f14df8c3ad651888221bb907?s=96&d=mm&r=g","contentUrl":"https:\/\/secure.gravatar.com\/avatar\/09f39449f14df8c3ad651888221bb907?s=96&d=mm&r=g","caption":"microfilla"},"sameAs":["https:\/\/microfilla.com"],"url":"https:\/\/alertdiver.eu\/cs_CZ\/author\/microfilla\/"}]}},"_links":{"self":[{"href":"https:\/\/alertdiver.eu\/cs_CZ\/wp-json\/wp\/v2\/posts\/11385619","targetHints":{"allow":["GET"]}}],"collection":[{"href":"https:\/\/alertdiver.eu\/cs_CZ\/wp-json\/wp\/v2\/posts"}],"about":[{"href":"https:\/\/alertdiver.eu\/cs_CZ\/wp-json\/wp\/v2\/types\/post"}],"author":[{"embeddable":true,"href":"https:\/\/alertdiver.eu\/cs_CZ\/wp-json\/wp\/v2\/users\/1"}],"replies":[{"embeddable":true,"href":"https:\/\/alertdiver.eu\/cs_CZ\/wp-json\/wp\/v2\/comments?post=11385619"}],"version-history":[{"count":0,"href":"https:\/\/alertdiver.eu\/cs_CZ\/wp-json\/wp\/v2\/posts\/11385619\/revisions"}],"wp:featuredmedia":[{"embeddable":true,"href":"https:\/\/alertdiver.eu\/cs_CZ\/wp-json\/wp\/v2\/media\/11375054"}],"wp:attachment":[{"href":"https:\/\/alertdiver.eu\/cs_CZ\/wp-json\/wp\/v2\/media?parent=11385619"}],"wp:term":[{"taxonomy":"category","embeddable":true,"href":"https:\/\/alertdiver.eu\/cs_CZ\/wp-json\/wp\/v2\/categories?post=11385619"},{"taxonomy":"post_tag","embeddable":true,"href":"https:\/\/alertdiver.eu\/cs_CZ\/wp-json\/wp\/v2\/tags?post=11385619"},{"taxonomy":"authors","embeddable":true,"href":"https:\/\/alertdiver.eu\/cs_CZ\/wp-json\/wp\/v2\/authors?post=11385619"}],"curies":[{"name":"wp","href":"https:\/\/api.w.org\/{rel}","templated":true}]}}