{"id":11385696,"date":"2016-12-16T00:00:00","date_gmt":"2016-12-15T23:00:00","guid":{"rendered":"https:\/\/alertdiver.eu\/uncategorized-cs_cz\/svetove-jedinecny-delfini-utes-v-izraelskem-eilatu\/"},"modified":"2016-12-16T00:00:00","modified_gmt":"2016-12-15T23:00:00","slug":"svetove-jedinecny-delfini-utes-v-izraelskem-eilatu","status":"publish","type":"post","link":"https:\/\/alertdiver.eu\/cs_CZ\/clanky\/svetove-jedinecny-delfini-utes-v-izraelskem-eilatu\/","title":{"rendered":"Sv\u011btov\u011b jedine\u010dn\u00fd Delf\u00edn\u00ed \u00fates v izraelsk\u00e9m Eilatu"},"content":{"rendered":"<p style=\"\">Mo\u0159sk&eacute; parky se zv&iacute;\u0159aty se nach&aacute;zej&iacute; po cel&eacute;m sv\u011bt\u011b, ale \u017e&aacute;dn&yacute; z nich nen&iacute; tak &scaron;etrn&yacute; k p\u0159&iacute;rod\u011b, jako Delf&iacute;n&iacute; &uacute;tes v izraelsk&eacute;m Eilatu.<\/p>\n<blockquote class=\"instagram-media\" data-instgrm-version=\"7\" style=\" background:#FFF; border:0; border-radius:3px; box-shadow:0 0 1px 0 rgba(0,0,0,0.5),0 1px 10px 0 rgba(0,0,0,0.15); margin: 1px; max-width:658px; padding:0; width:99.375%; width:-webkit-calc(100% - 2px); width:calc(100% - 2px);\">\n<div style=\"padding:8px;\">\n<div style=\" background:#F8F8F8; line-height:0; margin-top:40px; padding:39.7685185185% 0; text-align:center; width:100%;\">\n<div style=\" background:url(data:image\/png;base64,iVBORw0KGgoAAAANSUhEUgAAACwAAAAsCAMAAAApWqozAAAABGdBTUEAALGPC\/xhBQAAAAFzUkdCAK7OHOkAAAAMUExURczMzPf399fX1+bm5mzY9AMAAADiSURBVDjLvZXbEsMgCES5\/P8\/t9FuRVCRmU73JWlzosgSIIZURCjo\/ad+EQJJB4Hv8BFt+IDpQoCx1wjOSBFhh2XssxEIYn3ulI\/6MNReE07UIWJEv8UEOWDS88LY97kqyTliJKKtuYBbruAyVh5wOHiXmpi5we58Ek028czwyuQdLKPG1Bkb4NnM+VeAnfHqn1k4+GPT6uGQcvu2h2OVuIf\/gWUFyy8OWEpdyZSa3aVCqpVoVvzZZ2VTnn2wU8qzVjDDetO90GSy9mVLqtgYSy231MxrY6I2gGqjrTY0L8fxCxfCBbhWrsYYAAAAAElFTkSuQmCC); display:block; height:44px; margin:0 auto -44px; position:relative; top:-22px; width:44px;\"><\/div>\n<\/div>\n<p style=\"color: rgb(201, 200, 205); font-family: Arial,sans-serif; font-size: 14px; line-height: 17px; margin-bottom: 0px; margin-top: 8px; overflow: hidden; padding: 8px 0px 7px; text-align: center; text-overflow: ellipsis; white-space: nowrap;\"><a href=\"https:\/\/www.instagram.com\/p\/BL2eauxA_NP\/\" style=\" color:#c9c8cd; font-family:Arial,sans-serif; font-size:14px; font-style:normal; font-weight:normal; line-height:17px; text-decoration:none;\" target=\"_blank\" rel=\"noopener\">Una foto pubblicata da Taking our photo-write credit<\/a><\/p>\n<\/div>\n<\/blockquote>\n<p style=\"\"><\/p>\n<p style=\"text-align: justify;\">Tato ekologicky unik&aacute;tn&iacute; oblast nach&aacute;zej&iacute;c&iacute; se na b\u0159ez&iacute;ch Rud&eacute;ho mo\u0159e nab&iacute;z&iacute; n&aacute;v&scaron;t\u011bvn&iacute;k\u016fm p\u0159&iacute;le\u017eitost k pozorov&aacute;n&iacute; a plav&aacute;n&iacute; bok po boku velkolep&yacute;ch mo\u0159sk&yacute;ch tvor\u016f, p\u0159edev&scaron;&iacute;m delf&iacute;n\u016f rodu <em>Tursiops<\/em>. Krom\u011b toho, \u017ee jsou zde k vid\u011bn&iacute; fantastick&eacute; v&yacute;jevy a klidn&aacute; pl&aacute;\u017e v &uacute;stran&iacute;, je Delf&iacute;n&iacute; &uacute;tes zvl&aacute;&scaron;tn&iacute; t&iacute;m, \u017ee nedr\u017e&iacute; delf&iacute;ny v zajet&iacute;, jak tomu je v p\u0159&iacute;pad\u011b mnoha jin&yacute;ch park\u016f. Mo\u0159e, kter&eacute; je m&iacute;stn&iacute;m delf&iacute;n\u016fm domovem, jim poskytuje p\u0159irozen&eacute; prost\u0159ed&iacute; velice podobn&eacute; divok&eacute;mu mo\u0159i. Kdykoliv cht\u011bj&iacute;, mohou se rozhodnout pro vypu&scaron;t\u011bn&iacute; do &scaron;ir&eacute;ho oce&aacute;nu.<\/p>\n<blockquote class=\"instagram-media\" data-instgrm-version=\"7\" style=\" background:#FFF; border:0; border-radius:3px; box-shadow:0 0 1px 0 rgba(0,0,0,0.5),0 1px 10px 0 rgba(0,0,0,0.15); margin: 1px; max-width:658px; padding:0; width:99.375%; width:-webkit-calc(100% - 2px); width:calc(100% - 2px);\">\n<div style=\"padding:8px;\">\n<div style=\" background:#F8F8F8; line-height:0; margin-top:40px; padding:50.0% 0; text-align:center; width:100%;\">\n<div style=\" background:url(data:image\/png;base64,iVBORw0KGgoAAAANSUhEUgAAACwAAAAsCAMAAAApWqozAAAABGdBTUEAALGPC\/xhBQAAAAFzUkdCAK7OHOkAAAAMUExURczMzPf399fX1+bm5mzY9AMAAADiSURBVDjLvZXbEsMgCES5\/P8\/t9FuRVCRmU73JWlzosgSIIZURCjo\/ad+EQJJB4Hv8BFt+IDpQoCx1wjOSBFhh2XssxEIYn3ulI\/6MNReE07UIWJEv8UEOWDS88LY97kqyTliJKKtuYBbruAyVh5wOHiXmpi5we58Ek028czwyuQdLKPG1Bkb4NnM+VeAnfHqn1k4+GPT6uGQcvu2h2OVuIf\/gWUFyy8OWEpdyZSa3aVCqpVoVvzZZ2VTnn2wU8qzVjDDetO90GSy9mVLqtgYSy231MxrY6I2gGqjrTY0L8fxCxfCBbhWrsYYAAAAAElFTkSuQmCC); display:block; height:44px; margin:0 auto -44px; position:relative; top:-22px; width:44px;\"><\/div>\n<\/div>\n<p style=\"color: rgb(201, 200, 205); font-family: Arial,sans-serif; font-size: 14px; line-height: 17px; margin-bottom: 0px; margin-top: 8px; overflow: hidden; padding: 8px 0px 7px; text-align: center; text-overflow: ellipsis; white-space: nowrap;\"><a href=\"https:\/\/www.instagram.com\/p\/BNi3ieMA1gB\/\" style=\" color:#c9c8cd; font-family:Arial,sans-serif; font-size:14px; font-style:normal; font-weight:normal; line-height:17px; text-decoration:none;\" target=\"_blank\" rel=\"noopener\">Una foto pubblicata da Taking our photo-write credit<\/a><\/p>\n<\/div>\n<\/blockquote>\n<p style=\"\"><\/p>\n<h3 style=\"\"><\/h3>\n<h3 style=\"\"><strong>Pot&aacute;p\u011bn&iacute; s delf&iacute;ny<\/strong><\/h3>\n<p style=\"text-align: justify;\">N&aacute;v&scaron;t\u011bvn&iacute;ci si mohou vybrat, zda budou pozorovat delf&iacute;ny z k tomu ur\u010den&yacute;ch m&iacute;st a plovouc&iacute;ch mol, nebo zda se rozhodnou pro bli\u017e&scaron;&iacute; setk&aacute;n&iacute; p\u0159i plav&aacute;n&iacute; nebo ponoru za pomoci profesion&aacute;ln&iacute;ch instruktor\u016f.<\/p>\n<p style=\"text-align: justify;\">Pro ponor se m\u016f\u017ee rozhodnout kdokoliv mezi 8 a\u017e 88 lety. Z&aacute;jemce mus&iacute; um\u011bt plavat, ale nen&iacute; nutn&eacute;, aby m\u011bl p\u0159edchoz&iacute; zku&scaron;enosti s pot&aacute;p\u011bn&iacute;m. Jedn&aacute; se o &scaron;estimetrov&yacute; ponor, v pr\u016fb\u011bhu kter&eacute;ho pot&aacute;p\u011b\u010di uvid&iacute; delf&iacute;ny i mnoho druh\u016f ryb a kor&aacute;l\u016f.<\/p>\n<blockquote class=\"instagram-media\" data-instgrm-version=\"7\" style=\" background:#FFF; border:0; border-radius:3px; box-shadow:0 0 1px 0 rgba(0,0,0,0.5),0 1px 10px 0 rgba(0,0,0,0.15); margin: 1px; max-width:658px; padding:0; width:99.375%; width:-webkit-calc(100% - 2px); width:calc(100% - 2px);\">\n<div style=\"padding:8px;\">\n<div style=\" background:#F8F8F8; line-height:0; margin-top:40px; padding:33.3333333333% 0; text-align:center; width:100%;\">\n<div style=\" background:url(data:image\/png;base64,iVBORw0KGgoAAAANSUhEUgAAACwAAAAsCAMAAAApWqozAAAABGdBTUEAALGPC\/xhBQAAAAFzUkdCAK7OHOkAAAAMUExURczMzPf399fX1+bm5mzY9AMAAADiSURBVDjLvZXbEsMgCES5\/P8\/t9FuRVCRmU73JWlzosgSIIZURCjo\/ad+EQJJB4Hv8BFt+IDpQoCx1wjOSBFhh2XssxEIYn3ulI\/6MNReE07UIWJEv8UEOWDS88LY97kqyTliJKKtuYBbruAyVh5wOHiXmpi5we58Ek028czwyuQdLKPG1Bkb4NnM+VeAnfHqn1k4+GPT6uGQcvu2h2OVuIf\/gWUFyy8OWEpdyZSa3aVCqpVoVvzZZ2VTnn2wU8qzVjDDetO90GSy9mVLqtgYSy231MxrY6I2gGqjrTY0L8fxCxfCBbhWrsYYAAAAAElFTkSuQmCC); display:block; height:44px; margin:0 auto -44px; position:relative; top:-22px; width:44px;\"><\/div>\n<\/div>\n<p style=\"color: rgb(201, 200, 205); font-family: Arial,sans-serif; font-size: 14px; line-height: 17px; margin-bottom: 0px; margin-top: 8px; overflow: hidden; padding: 8px 0px 7px; text-align: center; text-overflow: ellipsis; white-space: nowrap;\"><a href=\"https:\/\/www.instagram.com\/p\/BGLuwlIqNKx\/\" style=\" color:#c9c8cd; font-family:Arial,sans-serif; font-size:14px; font-style:normal; font-weight:normal; line-height:17px; text-decoration:none;\" target=\"_blank\" rel=\"noopener\">Una foto pubblicata da Taking our photo-write credit<\/a><\/p>\n<\/div>\n<\/blockquote>\n<p style=\"\"><\/p>\n<h3 style=\"\"><\/h3>\n<h3 style=\"\"><strong>Minim&aacute;ln&iacute; z&aacute;sah \u010dlov\u011bka<\/strong><\/h3>\n<p style=\"text-align: justify;\">Ve v&scaron;ech p\u0159&iacute;padech a situac&iacute;ch je &uacute;tes udr\u017eov&aacute;n takov&yacute;m zp\u016fsobem, aby bylo pro delf&iacute;ny jednoduch&eacute; zachovat si p\u0159irozen&yacute; zp\u016fsob \u017eivota. Do jejich denn&iacute;ch zvyklost&iacute; je zasahov&aacute;no co mo\u017en&aacute; nejm&eacute;n\u011b, proto se mohou mezi sebou neomezen\u011b st&yacute;kat, hr&aacute;t si spolu a navz&aacute;jem se dvo\u0159it, ani\u017e by byli lidmi jakkoliv ru&scaron;eni.<\/p>\n<blockquote class=\"instagram-media\" data-instgrm-version=\"7\" style=\" background:#FFF; border:0; border-radius:3px; box-shadow:0 0 1px 0 rgba(0,0,0,0.5),0 1px 10px 0 rgba(0,0,0,0.15); margin: 1px; max-width:658px; padding:0; width:99.375%; width:-webkit-calc(100% - 2px); width:calc(100% - 2px);\">\n<div style=\"padding:8px;\">\n<div style=\" background:#F8F8F8; line-height:0; margin-top:40px; padding:50.0% 0; text-align:center; width:100%;\">\n<div style=\" background:url(data:image\/png;base64,iVBORw0KGgoAAAANSUhEUgAAACwAAAAsCAMAAAApWqozAAAABGdBTUEAALGPC\/xhBQAAAAFzUkdCAK7OHOkAAAAMUExURczMzPf399fX1+bm5mzY9AMAAADiSURBVDjLvZXbEsMgCES5\/P8\/t9FuRVCRmU73JWlzosgSIIZURCjo\/ad+EQJJB4Hv8BFt+IDpQoCx1wjOSBFhh2XssxEIYn3ulI\/6MNReE07UIWJEv8UEOWDS88LY97kqyTliJKKtuYBbruAyVh5wOHiXmpi5we58Ek028czwyuQdLKPG1Bkb4NnM+VeAnfHqn1k4+GPT6uGQcvu2h2OVuIf\/gWUFyy8OWEpdyZSa3aVCqpVoVvzZZ2VTnn2wU8qzVjDDetO90GSy9mVLqtgYSy231MxrY6I2gGqjrTY0L8fxCxfCBbhWrsYYAAAAAElFTkSuQmCC); display:block; height:44px; margin:0 auto -44px; position:relative; top:-22px; width:44px;\"><\/div>\n<\/div>\n<p style=\"color: rgb(201, 200, 205); font-family: Arial,sans-serif; font-size: 14px; line-height: 17px; margin-bottom: 0px; margin-top: 8px; overflow: hidden; padding: 8px 0px 7px; text-align: center; text-overflow: ellipsis; white-space: nowrap;\"><a href=\"https:\/\/www.instagram.com\/p\/BK7V2-mAOF5\/\" style=\" color:#c9c8cd; font-family:Arial,sans-serif; font-size:14px; font-style:normal; font-weight:normal; line-height:17px; text-decoration:none;\" target=\"_blank\" rel=\"noopener\">Una foto pubblicata da Taking our photo-write credit<\/a><\/p>\n<\/div>\n<\/blockquote>\n<p style=\"\"><\/p>\n<p style=\"text-align: justify;\">Na rozd&iacute;l od jin&yacute;ch park\u016f nejsou zv&iacute;\u0159ata na Delf&iacute;n&iacute;m &uacute;tese v Eliatu nucena, aby se p\u0159ed pot&aacute;p\u011b\u010di p\u0159edv&aacute;d\u011bla, nebo se k nim p\u0159ibli\u017eovala. P\u0159esto\u017ee se lidsk&yacute; n&aacute;v&scaron;t\u011bvn&iacute;k m\u016f\u017ee dostat k delf&iacute;n\u016fm v jejich p\u0159irozen&eacute;m prost\u0159ed&iacute; velice bl&iacute;zko, nen&iacute; kontakt mezi n&iacute;m a delf&iacute;nem nikdy n&aacute;siln&yacute;. T&iacute;mto zp\u016fsobem si mohou lid&eacute; vytvo\u0159it s delf&iacute;ny siln\u011bj&scaron;&iacute; a smyslupln\u011bj&scaron;&iacute; vztah zalo\u017een&yacute; na zcela svobodn&eacute; v\u016fli. Omezen&iacute;m lidsk&yacute;ch z&aacute;sah\u016f na nejnutn\u011bj&scaron;&iacute; minimum je kvalita \u017eivota t\u011bchto mo\u0159sk&yacute;ch tvor\u016f up\u0159ednostn\u011bna p\u0159ed jakoukoliv formou zisku \u010di lidsk&eacute; z&aacute;bavy.<\/p>\n<p style=\"\"><\/p>\n<h3 style=\"\"><strong>Delf&iacute;ni pom&aacute;haj&iacute; lidem<\/strong><\/h3>\n<p style=\"text-align: justify;\">Bylo v\u011bdecky prok&aacute;z&aacute;no, \u017ee delf&iacute;ni vyvol&aacute;vaj&iacute; pozitivn&iacute; my&scaron;len&iacute; v lidech, kte\u0159&iacute; s nimi interaguj&iacute;. Delf&iacute;n&iacute; &uacute;tes nab&iacute;z&iacute; to, \u010demu se odborn\u011b \u0159&iacute;k&aacute; &bdquo;Podp\u016frn&eacute; z&aacute;\u017eitky s pomoc&iacute; delf&iacute;n\u016f&ldquo; (Supportive Experience with the Aid of Dolphins).<\/p>\n<p style=\"text-align: justify;\">D\u011bti mezi &scaron;esti a\u017e &scaron;estn&aacute;cti roky, kter&eacute; proch&aacute;zej&iacute; obt&iacute;\u017en&yacute;m \u017eivotn&iacute;m obdob&iacute;m, mohou str&aacute;vit \u010das s delf&iacute;nem a cvi\u010ditelem. C&iacute;lem t&eacute;to iniciativy je poskytnout &uacute;\u010dastn&iacute;k\u016fm nezbytnou motivaci a povzbuzen&iacute;, aby mohli l&eacute;pe \u010delit sv&yacute;m probl&eacute;m\u016fm. Tyto z&aacute;\u017eitky maj&iacute; pomoci p\u0159edev&scaron;&iacute;m v p\u0159&iacute;pad\u011b mladistv&yacute;ch, kte\u0159&iacute; se stali ob\u011bt&iacute; sexu&aacute;ln&iacute;ho zneu\u017e&iacute;v&aacute;n&iacute;, trp&iacute; posttraumatickou stresovou poruchou, autismem, dyslexi&iacute;, Downov&yacute;m syndromem, depres&iacute; a dal&scaron;&iacute;mi probl&eacute;my.<\/p>\n<blockquote class=\"instagram-media\" data-instgrm-version=\"7\" style=\" background:#FFF; border:0; border-radius:3px; box-shadow:0 0 1px 0 rgba(0,0,0,0.5),0 1px 10px 0 rgba(0,0,0,0.15); margin: 1px; max-width:658px; padding:0; width:99.375%; width:-webkit-calc(100% - 2px); width:calc(100% - 2px);\">\n<div style=\"padding:8px;\">\n<div style=\" background:#F8F8F8; line-height:0; margin-top:40px; padding:28.1481481481% 0; text-align:center; width:100%;\">\n<div style=\" background:url(data:image\/png;base64,iVBORw0KGgoAAAANSUhEUgAAACwAAAAsCAMAAAApWqozAAAABGdBTUEAALGPC\/xhBQAAAAFzUkdCAK7OHOkAAAAMUExURczMzPf399fX1+bm5mzY9AMAAADiSURBVDjLvZXbEsMgCES5\/P8\/t9FuRVCRmU73JWlzosgSIIZURCjo\/ad+EQJJB4Hv8BFt+IDpQoCx1wjOSBFhh2XssxEIYn3ulI\/6MNReE07UIWJEv8UEOWDS88LY97kqyTliJKKtuYBbruAyVh5wOHiXmpi5we58Ek028czwyuQdLKPG1Bkb4NnM+VeAnfHqn1k4+GPT6uGQcvu2h2OVuIf\/gWUFyy8OWEpdyZSa3aVCqpVoVvzZZ2VTnn2wU8qzVjDDetO90GSy9mVLqtgYSy231MxrY6I2gGqjrTY0L8fxCxfCBbhWrsYYAAAAAElFTkSuQmCC); display:block; height:44px; margin:0 auto -44px; position:relative; top:-22px; width:44px;\"><\/div>\n<\/div>\n<p style=\"color: rgb(201, 200, 205); font-family: Arial,sans-serif; font-size: 14px; line-height: 17px; margin-bottom: 0px; margin-top: 8px; overflow: hidden; padding: 8px 0px 7px; text-align: center; text-overflow: ellipsis; white-space: nowrap;\"><a href=\"https:\/\/www.instagram.com\/p\/BHjT-UUBAW1\/\" style=\" color:#c9c8cd; font-family:Arial,sans-serif; font-size:14px; font-style:normal; font-weight:normal; line-height:17px; text-decoration:none;\" target=\"_blank\" rel=\"noopener\">Una foto pubblicata da Taking our photo-write credit<\/a><\/p>\n<\/div>\n<\/blockquote>\n<p style=\"\"><\/p>\n<h3 style=\"\"><\/h3>\n<h3 style=\"\"><strong>&bdquo;L&eacute;\u010dba &uacute;sm\u011bvem&ldquo;<\/strong><\/h3>\n<p style=\"text-align: justify;\">Zku&scaron;en&yacute; instruktor pot&aacute;p\u011bn&iacute; a tren&eacute;r DAN, Massimo Casabianca, se vyj&aacute;d\u0159il o sv&eacute; n&aacute;v&scaron;t\u011bv\u011b v Eilatu n&aacute;sledovn\u011b:<\/p>\n<p style=\"text-align: justify;\"><em>B\u011bhem sv&eacute;ho p\u016fsoben&iacute; jako instruktor p\u0159&iacute;strojov&eacute;ho pot&aacute;p\u011bn&iacute; v Sharm el Sheikhu jsem se dozv\u011bd\u011bl o unik&aacute;tn&iacute;m delfin&aacute;riu v Eilatu na nejzaz&scaron;&iacute;m c&iacute;pu Rud&eacute;ho mo\u0159e u Yam Sufu, kde se to tak&eacute; naz&yacute;v&aacute; &bdquo;Posledn&iacute; mo\u0159e&ldquo;. Po zdlouhav&eacute;m vyjedn&aacute;v&aacute;n&iacute; s bedu&iacute;nsk&yacute;m taxik&aacute;\u0159em jsme se rozhodli vyrazit v polorozpadl&eacute;m Peugeotu 504 sm\u011brem na Izrael.<\/em><\/p>\n<p style=\"text-align: justify;\"><em>Kdy\u017e jsme se dostali k Tab\u011b, hrani\u010dn&iacute;mu p\u0159echodu mezi Egyptem a Izraelem, zanechali jsme zde na&scaron;eho v\u011brn&eacute;ho \u0159idi\u010de a pokra\u010dovali p\u011b&scaron;ky sm\u011brem k centru m\u011bsta, dokud jsme neuvid\u011bli vybledl&yacute; modro\u017elut&yacute; znak ve tvaru troj&uacute;heln&iacute;ku s pot&aacute;p\u011b\u010dem a usm&iacute;vaj&iacute;c&iacute;m se delf&iacute;nem. Ocitli jsme se u Delf&iacute;n&iacute;ho &uacute;tesu.<\/em><\/p>\n<p style=\"text-align: justify;\"><em>Vz&aacute;p\u011bt&iacute; jsme spat\u0159ili malou oplocenou pl&aacute;\u017e se z&aacute;tokou, ve kter&eacute; plavala ve zcela p\u0159irozen&eacute;m prost\u0159ed&iacute; skupinka delf&iacute;n\u016f. V&scaron;e \u0159&iacute;dil mal&yacute; ps&iacute;k pob&iacute;haj&iacute;c&iacute; po plovouc&iacute;m molu.<\/em><\/p>\n<blockquote class=\"instagram-media\" data-instgrm-version=\"7\" style=\" background:#FFF; border:0; border-radius:3px; box-shadow:0 0 1px 0 rgba(0,0,0,0.5),0 1px 10px 0 rgba(0,0,0,0.15); margin: 1px; max-width:658px; padding:0; width:99.375%; width:-webkit-calc(100% - 2px); width:calc(100% - 2px);\">\n<div style=\"padding:8px;\">\n<div style=\" background:#F8F8F8; line-height:0; margin-top:40px; padding:50.0% 0; text-align:center; width:100%;\">\n<div style=\" background:url(data:image\/png;base64,iVBORw0KGgoAAAANSUhEUgAAACwAAAAsCAMAAAApWqozAAAABGdBTUEAALGPC\/xhBQAAAAFzUkdCAK7OHOkAAAAMUExURczMzPf399fX1+bm5mzY9AMAAADiSURBVDjLvZXbEsMgCES5\/P8\/t9FuRVCRmU73JWlzosgSIIZURCjo\/ad+EQJJB4Hv8BFt+IDpQoCx1wjOSBFhh2XssxEIYn3ulI\/6MNReE07UIWJEv8UEOWDS88LY97kqyTliJKKtuYBbruAyVh5wOHiXmpi5we58Ek028czwyuQdLKPG1Bkb4NnM+VeAnfHqn1k4+GPT6uGQcvu2h2OVuIf\/gWUFyy8OWEpdyZSa3aVCqpVoVvzZZ2VTnn2wU8qzVjDDetO90GSy9mVLqtgYSy231MxrY6I2gGqjrTY0L8fxCxfCBbhWrsYYAAAAAElFTkSuQmCC); display:block; height:44px; margin:0 auto -44px; position:relative; top:-22px; width:44px;\"><\/div>\n<\/div>\n<p style=\"color: rgb(201, 200, 205); font-family: Arial,sans-serif; font-size: 14px; line-height: 17px; margin-bottom: 0px; margin-top: 8px; overflow: hidden; padding: 8px 0px 7px; text-align: center; text-overflow: ellipsis; white-space: nowrap;\"><a href=\"https:\/\/www.instagram.com\/p\/BNLphBfAYKD\/\" style=\" color:#c9c8cd; font-family:Arial,sans-serif; font-size:14px; font-style:normal; font-weight:normal; line-height:17px; text-decoration:none;\" target=\"_blank\" rel=\"noopener\">Una foto pubblicata da Taking our photo-write credit<\/a><\/p>\n<\/div>\n<\/blockquote>\n<p style=\"\"><\/p>\n<p style=\"text-align: justify;\"><em>Instruktor a z&aacute;rove\u0148 biolog, kter&yacute; n&aacute;s doprov&aacute;zel, n&aacute;s podrobn\u011b sezn&aacute;mil s doporu\u010den&iacute;mi, jak se chovat ve vod\u011b a jak s delf&iacute;ny interagovat&#8230; aby oni sami p\u0159ipustili setk&aacute;n&iacute; s n&aacute;mi! Rovn\u011b\u017e hovo\u0159il o &bdquo;l&eacute;\u010db\u011b &uacute;sm\u011bvem&ldquo;, zvl&aacute;&scaron;tn&iacute; terapii pro d\u011bti s poruchami chov&aacute;n&iacute; a r\u016fzn&yacute;mi dal&scaron;&iacute;mi probl&eacute;my. Po l&eacute;tech jsem se sem vr&aacute;til s mlad&yacute;m p\u0159&iacute;telem, kter&yacute; trp\u011bl Downov&yacute;m syndromem. Tehdy jsem na vlastn&iacute; o\u010di vid\u011bl &uacute;\u010dinky t&eacute;to l&eacute;\u010dby, kdy\u017e jsem byl sv\u011bdkem zrodu tohoto &uacute;sm\u011bvu&#8230;&nbsp;<\/em><\/p>\n<p style=\"text-align: justify;\"><\/p>\n<h3 style=\"\"><strong>V&yacute;uka o delf&iacute;nech<\/strong><\/h3>\n<p style=\"text-align: justify;\">V&yacute;&scaron;e popsan&eacute; zvl&aacute;&scaron;tnosti oblasti Eilat umo\u017e\u0148uj&iacute; nab&iacute;zet zde specializovan&eacute; kurzy na t&eacute;ma biologie delf&iacute;n\u016f a jejich chov&aacute;n&iacute;, a tak&eacute; kurzy asistovan&eacute; terapie s delf&iacute;ny. Krom\u011b toho, \u017ee se lid&eacute; bl&iacute;\u017ee sezn&aacute;m&iacute; s p\u0159irozen&yacute;m \u017eivotn&iacute;m prost\u0159ed&iacute;m delf&iacute;n\u016f, ke kter&eacute;mu z&iacute;sk&aacute;vaj&iacute; k n\u011bmu respekt a &uacute;ctu, t\u011b&scaron;&iacute; se Delf&iacute;n&iacute; &uacute;tes rovn\u011b\u017e pov\u011bsti v&yacute;znamn&eacute; instituce pro v&yacute;zkum delf&iacute;n\u016f a dal&scaron;&iacute;ch mo\u0159sk&yacute;ch tvor\u016f.<\/p>\n<blockquote class=\"instagram-media\" data-instgrm-version=\"7\" style=\" background:#FFF; border:0; border-radius:3px; box-shadow:0 0 1px 0 rgba(0,0,0,0.5),0 1px 10px 0 rgba(0,0,0,0.15); margin: 1px; max-width:658px; padding:0; width:99.375%; width:-webkit-calc(100% - 2px); width:calc(100% - 2px);\">\n<div style=\"padding:8px;\">\n<div style=\" background:#F8F8F8; line-height:0; margin-top:40px; padding:50.0% 0; text-align:center; width:100%;\">\n<div style=\" background:url(data:image\/png;base64,iVBORw0KGgoAAAANSUhEUgAAACwAAAAsCAMAAAApWqozAAAABGdBTUEAALGPC\/xhBQAAAAFzUkdCAK7OHOkAAAAMUExURczMzPf399fX1+bm5mzY9AMAAADiSURBVDjLvZXbEsMgCES5\/P8\/t9FuRVCRmU73JWlzosgSIIZURCjo\/ad+EQJJB4Hv8BFt+IDpQoCx1wjOSBFhh2XssxEIYn3ulI\/6MNReE07UIWJEv8UEOWDS88LY97kqyTliJKKtuYBbruAyVh5wOHiXmpi5we58Ek028czwyuQdLKPG1Bkb4NnM+VeAnfHqn1k4+GPT6uGQcvu2h2OVuIf\/gWUFyy8OWEpdyZSa3aVCqpVoVvzZZ2VTnn2wU8qzVjDDetO90GSy9mVLqtgYSy231MxrY6I2gGqjrTY0L8fxCxfCBbhWrsYYAAAAAElFTkSuQmCC); display:block; height:44px; margin:0 auto -44px; position:relative; top:-22px; width:44px;\"><\/div>\n<\/div>\n<p style=\"color: rgb(201, 200, 205); font-family: Arial,sans-serif; font-size: 14px; line-height: 17px; margin-bottom: 0px; margin-top: 8px; overflow: hidden; padding: 8px 0px 7px; text-align: center; text-overflow: ellipsis; white-space: nowrap;\"><a href=\"https:\/\/www.instagram.com\/p\/BMqHbxNgrgh\/\" style=\" color:#c9c8cd; font-family:Arial,sans-serif; font-size:14px; font-style:normal; font-weight:normal; line-height:17px; text-decoration:none;\" target=\"_blank\" rel=\"noopener\">Una foto pubblicata da Taking our photo-write credit<\/a><\/p>\n<\/div>\n<\/blockquote>\n<p style=\"\"><\/p>\n<p style=\"text-align: justify;\">Z&aacute;kladn&iacute; hodnotou t&eacute;to destinace je respekt a ohleduplnost k p\u0159irozen&eacute;mu prost\u0159ed&iacute; i ke zv&iacute;\u0159at\u016fm bez vnucov&aacute;n&iacute; jim chov&aacute;n&iacute; podle n\u011bjak&yacute;ch lidsk&yacute;ch p\u0159edsudk\u016f. D&iacute;ky charakteru m&iacute;sta, kter&eacute; nijak neomezuje p\u0159irozen&eacute; prost\u0159ed&iacute;, ale i d&iacute;ky citliv&eacute;mu a v\u0159el&eacute;mu postoji k delf&iacute;n\u016fm, vzniklo na Delf&iacute;n&iacute;m &uacute;tesu velice pevn&eacute; pouto mezi \u010dlov\u011bkem a okoln&iacute;m prost\u0159ed&iacute;m.<\/p>\n<blockquote class=\"instagram-media\" data-instgrm-version=\"7\" style=\" background:#FFF; border:0; border-radius:3px; box-shadow:0 0 1px 0 rgba(0,0,0,0.5),0 1px 10px 0 rgba(0,0,0,0.15); margin: 1px; max-width:658px; padding:0; width:99.375%; width:-webkit-calc(100% - 2px); width:calc(100% - 2px);\">\n<div style=\"padding:8px;\">\n<div style=\" background:#F8F8F8; line-height:0; margin-top:40px; padding:50.0% 0; text-align:center; width:100%;\">\n<div style=\" background:url(data:image\/png;base64,iVBORw0KGgoAAAANSUhEUgAAACwAAAAsCAMAAAApWqozAAAABGdBTUEAALGPC\/xhBQAAAAFzUkdCAK7OHOkAAAAMUExURczMzPf399fX1+bm5mzY9AMAAADiSURBVDjLvZXbEsMgCES5\/P8\/t9FuRVCRmU73JWlzosgSIIZURCjo\/ad+EQJJB4Hv8BFt+IDpQoCx1wjOSBFhh2XssxEIYn3ulI\/6MNReE07UIWJEv8UEOWDS88LY97kqyTliJKKtuYBbruAyVh5wOHiXmpi5we58Ek028czwyuQdLKPG1Bkb4NnM+VeAnfHqn1k4+GPT6uGQcvu2h2OVuIf\/gWUFyy8OWEpdyZSa3aVCqpVoVvzZZ2VTnn2wU8qzVjDDetO90GSy9mVLqtgYSy231MxrY6I2gGqjrTY0L8fxCxfCBbhWrsYYAAAAAElFTkSuQmCC); display:block; height:44px; margin:0 auto -44px; position:relative; top:-22px; width:44px;\"><\/div>\n<\/div>\n<p style=\"color: rgb(201, 200, 205); font-family: Arial,sans-serif; font-size: 14px; line-height: 17px; margin-bottom: 0px; margin-top: 8px; overflow: hidden; padding: 8px 0px 7px; text-align: center; text-overflow: ellipsis; white-space: nowrap;\"><a href=\"https:\/\/www.instagram.com\/p\/6g6vzBKNN-\/\" style=\" color:#c9c8cd; font-family:Arial,sans-serif; font-size:14px; font-style:normal; font-weight:normal; line-height:17px; text-decoration:none;\" target=\"_blank\" rel=\"noopener\">Una foto pubblicata da Taking our photo-write credit<\/a><\/p>\n<\/div>\n<\/blockquote>\n<p style=\"\"><\/p>\n<hr>\n<p style=\"\"><\/p>\n<p style=\"text-align: justify;\"><strong><a href=\"http:\/\/www.dolphinreef.co.il\/spirit.aspx\" target=\"_blank\" rel=\"noopener\">DELF&Iacute;N&Iacute; &Uacute;TES V EILATU<\/a>&nbsp;<\/strong>na pob\u0159e\u017e&iacute; Rud&eacute;ho mo\u0159e je ekologick&yacute; jedine\u010dn&aacute; oblast nejen v Izraeli, ale v celosv\u011btov&eacute;m m\u011b\u0159&iacute;tku, nebo\u0165 tam n&aacute;v&scaron;t\u011bvn&iacute;ky pot\u011b&scaron;&iacute; atmosf&eacute;ra n&aacute;dhern&yacute;ch scen&eacute;ri&iacute;, klidn&yacute;ch pl&aacute;\u017e&iacute; v &uacute;stran&iacute; a neobvykl&yacute;ch p\u0159&iacute;le\u017eitost&iacute; setk&aacute;vat se s delf&iacute;ny a pozorovat je v jejich p\u0159irozen&eacute;m \u017eivotn&iacute;m prost\u0159ed&iacute;. &nbsp;<\/p>\n<p style=\"text-align: justify;\"><\/p>\n<hr>\n<p style=\"text-align: justify;\"><\/p>\n<p><em><strong>Je \u010das obnovit si \u010dlenstv&iacute; v DAN?<\/strong><\/em><\/p>\n<p style=\"\"><em>Zkontrolujte si pros&iacute;m na sv&eacute; kart\u011b datum expirace sv&eacute;ho \u010dlenstv&iacute; v<\/em>&nbsp;<em><span><span>DAN Europe<\/span><span>. J<\/span><\/span>estli\u017ee va&scaron;e \u010dlenstv&iacute; ji\u017e skon\u010dilo, <a href=\"http:\/\/daneurope.org\/web\/guest\/registration\" target=\"_blank\" rel=\"noopener\">obnovte<\/a> si je je&scaron;t\u011b dnes. Va&scaron;e pr\u016fb\u011b\u017en&eacute; \u010dlenstv&iacute; hraje d\u016fle\u017eitou roli v posilov&aacute;n&iacute; bezpe\u010dnosti p\u0159i pot&aacute;p\u011bn&iacute;.&nbsp;<\/em><\/p>\n","protected":false},"excerpt":{"rendered":"<p>Mo\u0159sk&eacute; parky se zv&iacute;\u0159aty se nach&aacute;zej&iacute; po cel&eacute;m sv\u011bt\u011b, ale \u017e&aacute;dn&yacute; z nich nen&iacute; tak &scaron;etrn&yacute; k p\u0159&iacute;rod\u011b, jako Delf&iacute;n&iacute; &uacute;tes v izraelsk&eacute;m Eilatu. Una&#8230;<\/p>\n","protected":false},"author":1,"featured_media":11375826,"comment_status":"closed","ping_status":"closed","sticky":false,"template":"","format":"standard","meta":{"_acf_changed":false,"footnotes":""},"categories":[384],"tags":[1877],"authors":[567],"class_list":["post-11385696","post","type-post","status-publish","format-standard","has-post-thumbnail","hentry","category-clanky","tag-zajimavosti","authors-dan-staff-cs_cz"],"acf":[],"yoast_head":"<!-- This site is optimized with the Yoast SEO plugin v24.2 - https:\/\/yoast.com\/wordpress\/plugins\/seo\/ -->\n<title>Sv\u011btov\u011b jedine\u010dn\u00fd Delf\u00edn\u00ed \u00fates v izraelsk\u00e9m Eilatu - Alert Diver<\/title>\n<meta name=\"robots\" content=\"index, follow, max-snippet:-1, max-image-preview:large, max-video-preview:-1\" \/>\n<link rel=\"canonical\" href=\"https:\/\/alertdiver.eu\/cs_CZ\/clanky\/svetove-jedinecny-delfini-utes-v-izraelskem-eilatu\/\" \/>\n<meta property=\"og:locale\" content=\"cs_CZ\" \/>\n<meta property=\"og:type\" content=\"article\" \/>\n<meta property=\"og:title\" content=\"Sv\u011btov\u011b jedine\u010dn\u00fd Delf\u00edn\u00ed \u00fates v izraelsk\u00e9m Eilatu - Alert Diver\" \/>\n<meta property=\"og:description\" content=\"Mo\u0159sk&eacute; parky se zv&iacute;\u0159aty se nach&aacute;zej&iacute; po cel&eacute;m sv\u011bt\u011b, ale \u017e&aacute;dn&yacute; z nich nen&iacute; tak &scaron;etrn&yacute; k p\u0159&iacute;rod\u011b, jako Delf&iacute;n&iacute; &uacute;tes v izraelsk&eacute;m Eilatu. Una...\" \/>\n<meta property=\"og:url\" content=\"https:\/\/alertdiver.eu\/cs_CZ\/clanky\/svetove-jedinecny-delfini-utes-v-izraelskem-eilatu\/\" \/>\n<meta property=\"og:site_name\" content=\"Alert Diver\" \/>\n<meta property=\"article:published_time\" content=\"2016-12-15T23:00:00+00:00\" \/>\n<meta property=\"og:image\" content=\"https:\/\/alertdiver.eu\/wp-content\/uploads\/2023\/06\/dolphin-reef-eliat-banner2560x1120.jpg\" \/>\n\t<meta property=\"og:image:width\" content=\"2560\" \/>\n\t<meta property=\"og:image:height\" content=\"1120\" \/>\n\t<meta property=\"og:image:type\" content=\"image\/jpeg\" \/>\n<meta name=\"author\" content=\"microfilla\" \/>\n<meta name=\"twitter:card\" content=\"summary_large_image\" \/>\n<meta name=\"twitter:label1\" content=\"Napsal(a)\" \/>\n\t<meta name=\"twitter:data1\" content=\"microfilla\" \/>\n\t<meta name=\"twitter:label2\" content=\"Odhadovan\u00e1 doba \u010dten\u00ed\" \/>\n\t<meta name=\"twitter:data2\" content=\"9 minut\" \/>\n<script type=\"application\/ld+json\" class=\"yoast-schema-graph\">{\"@context\":\"https:\/\/schema.org\",\"@graph\":[{\"@type\":\"Article\",\"@id\":\"https:\/\/alertdiver.eu\/cs_CZ\/clanky\/svetove-jedinecny-delfini-utes-v-izraelskem-eilatu\/#article\",\"isPartOf\":{\"@id\":\"https:\/\/alertdiver.eu\/cs_CZ\/clanky\/svetove-jedinecny-delfini-utes-v-izraelskem-eilatu\/\"},\"author\":{\"name\":\"microfilla\",\"@id\":\"https:\/\/alertdiver.eu\/cs_CZ\/#\/schema\/person\/9ba7cb3f05522d75bf215ab2cf40b01b\"},\"headline\":\"Sv\u011btov\u011b jedine\u010dn\u00fd Delf\u00edn\u00ed \u00fates v izraelsk\u00e9m Eilatu\",\"datePublished\":\"2016-12-15T23:00:00+00:00\",\"dateModified\":\"2016-12-15T23:00:00+00:00\",\"mainEntityOfPage\":{\"@id\":\"https:\/\/alertdiver.eu\/cs_CZ\/clanky\/svetove-jedinecny-delfini-utes-v-izraelskem-eilatu\/\"},\"wordCount\":1765,\"publisher\":{\"@id\":\"https:\/\/alertdiver.eu\/cs_CZ\/#organization\"},\"image\":{\"@id\":\"https:\/\/alertdiver.eu\/cs_CZ\/clanky\/svetove-jedinecny-delfini-utes-v-izraelskem-eilatu\/#primaryimage\"},\"thumbnailUrl\":\"https:\/\/alertdiver.eu\/wp-content\/uploads\/2023\/06\/dolphin-reef-eliat-banner2560x1120.jpg\",\"keywords\":[\"Zaj\u00edmavosti\"],\"articleSection\":[\"Clanky\"],\"inLanguage\":\"cs\"},{\"@type\":\"WebPage\",\"@id\":\"https:\/\/alertdiver.eu\/cs_CZ\/clanky\/svetove-jedinecny-delfini-utes-v-izraelskem-eilatu\/\",\"url\":\"https:\/\/alertdiver.eu\/cs_CZ\/clanky\/svetove-jedinecny-delfini-utes-v-izraelskem-eilatu\/\",\"name\":\"Sv\u011btov\u011b jedine\u010dn\u00fd Delf\u00edn\u00ed \u00fates v izraelsk\u00e9m Eilatu - Alert Diver\",\"isPartOf\":{\"@id\":\"https:\/\/alertdiver.eu\/cs_CZ\/#website\"},\"primaryImageOfPage\":{\"@id\":\"https:\/\/alertdiver.eu\/cs_CZ\/clanky\/svetove-jedinecny-delfini-utes-v-izraelskem-eilatu\/#primaryimage\"},\"image\":{\"@id\":\"https:\/\/alertdiver.eu\/cs_CZ\/clanky\/svetove-jedinecny-delfini-utes-v-izraelskem-eilatu\/#primaryimage\"},\"thumbnailUrl\":\"https:\/\/alertdiver.eu\/wp-content\/uploads\/2023\/06\/dolphin-reef-eliat-banner2560x1120.jpg\",\"datePublished\":\"2016-12-15T23:00:00+00:00\",\"dateModified\":\"2016-12-15T23:00:00+00:00\",\"breadcrumb\":{\"@id\":\"https:\/\/alertdiver.eu\/cs_CZ\/clanky\/svetove-jedinecny-delfini-utes-v-izraelskem-eilatu\/#breadcrumb\"},\"inLanguage\":\"cs\",\"potentialAction\":[{\"@type\":\"ReadAction\",\"target\":[\"https:\/\/alertdiver.eu\/cs_CZ\/clanky\/svetove-jedinecny-delfini-utes-v-izraelskem-eilatu\/\"]}]},{\"@type\":\"ImageObject\",\"inLanguage\":\"cs\",\"@id\":\"https:\/\/alertdiver.eu\/cs_CZ\/clanky\/svetove-jedinecny-delfini-utes-v-izraelskem-eilatu\/#primaryimage\",\"url\":\"https:\/\/alertdiver.eu\/wp-content\/uploads\/2023\/06\/dolphin-reef-eliat-banner2560x1120.jpg\",\"contentUrl\":\"https:\/\/alertdiver.eu\/wp-content\/uploads\/2023\/06\/dolphin-reef-eliat-banner2560x1120.jpg\",\"width\":2560,\"height\":1120},{\"@type\":\"BreadcrumbList\",\"@id\":\"https:\/\/alertdiver.eu\/cs_CZ\/clanky\/svetove-jedinecny-delfini-utes-v-izraelskem-eilatu\/#breadcrumb\",\"itemListElement\":[{\"@type\":\"ListItem\",\"position\":1,\"name\":\"Home\",\"item\":\"https:\/\/alertdiver.eu\/cs_CZ\/\"},{\"@type\":\"ListItem\",\"position\":2,\"name\":\"Sv\u011btov\u011b jedine\u010dn\u00fd Delf\u00edn\u00ed \u00fates v izraelsk\u00e9m Eilatu\"}]},{\"@type\":\"WebSite\",\"@id\":\"https:\/\/alertdiver.eu\/cs_CZ\/#website\",\"url\":\"https:\/\/alertdiver.eu\/cs_CZ\/\",\"name\":\"Alert Diver Europe\",\"description\":\"Access, discover and share the latest diving safety content from DAN Europe.\",\"publisher\":{\"@id\":\"https:\/\/alertdiver.eu\/cs_CZ\/#organization\"},\"potentialAction\":[{\"@type\":\"SearchAction\",\"target\":{\"@type\":\"EntryPoint\",\"urlTemplate\":\"https:\/\/alertdiver.eu\/cs_CZ\/?s={search_term_string}\"},\"query-input\":{\"@type\":\"PropertyValueSpecification\",\"valueRequired\":true,\"valueName\":\"search_term_string\"}}],\"inLanguage\":\"cs\"},{\"@type\":\"Organization\",\"@id\":\"https:\/\/alertdiver.eu\/cs_CZ\/#organization\",\"name\":\"Alert Diver Europe\",\"url\":\"https:\/\/alertdiver.eu\/cs_CZ\/\",\"logo\":{\"@type\":\"ImageObject\",\"inLanguage\":\"cs\",\"@id\":\"https:\/\/alertdiver.eu\/cs_CZ\/#\/schema\/logo\/image\/\",\"url\":\"https:\/\/alertdiver.eu\/wp-content\/uploads\/2023\/02\/cropped-favicon.png\",\"contentUrl\":\"https:\/\/alertdiver.eu\/wp-content\/uploads\/2023\/02\/cropped-favicon.png\",\"width\":512,\"height\":512,\"caption\":\"Alert Diver Europe\"},\"image\":{\"@id\":\"https:\/\/alertdiver.eu\/cs_CZ\/#\/schema\/logo\/image\/\"}},{\"@type\":\"Person\",\"@id\":\"https:\/\/alertdiver.eu\/cs_CZ\/#\/schema\/person\/9ba7cb3f05522d75bf215ab2cf40b01b\",\"name\":\"microfilla\",\"image\":{\"@type\":\"ImageObject\",\"inLanguage\":\"cs\",\"@id\":\"https:\/\/alertdiver.eu\/cs_CZ\/#\/schema\/person\/image\/\",\"url\":\"https:\/\/secure.gravatar.com\/avatar\/09f39449f14df8c3ad651888221bb907?s=96&d=mm&r=g\",\"contentUrl\":\"https:\/\/secure.gravatar.com\/avatar\/09f39449f14df8c3ad651888221bb907?s=96&d=mm&r=g\",\"caption\":\"microfilla\"},\"sameAs\":[\"https:\/\/microfilla.com\"],\"url\":\"https:\/\/alertdiver.eu\/cs_CZ\/author\/microfilla\/\"}]}<\/script>\n<!-- \/ Yoast SEO plugin. -->","yoast_head_json":{"title":"Sv\u011btov\u011b jedine\u010dn\u00fd Delf\u00edn\u00ed \u00fates v izraelsk\u00e9m Eilatu - Alert Diver","robots":{"index":"index","follow":"follow","max-snippet":"max-snippet:-1","max-image-preview":"max-image-preview:large","max-video-preview":"max-video-preview:-1"},"canonical":"https:\/\/alertdiver.eu\/cs_CZ\/clanky\/svetove-jedinecny-delfini-utes-v-izraelskem-eilatu\/","og_locale":"cs_CZ","og_type":"article","og_title":"Sv\u011btov\u011b jedine\u010dn\u00fd Delf\u00edn\u00ed \u00fates v izraelsk\u00e9m Eilatu - Alert Diver","og_description":"Mo\u0159sk&eacute; parky se zv&iacute;\u0159aty se nach&aacute;zej&iacute; po cel&eacute;m sv\u011bt\u011b, ale \u017e&aacute;dn&yacute; z nich nen&iacute; tak &scaron;etrn&yacute; k p\u0159&iacute;rod\u011b, jako Delf&iacute;n&iacute; &uacute;tes v izraelsk&eacute;m Eilatu. Una...","og_url":"https:\/\/alertdiver.eu\/cs_CZ\/clanky\/svetove-jedinecny-delfini-utes-v-izraelskem-eilatu\/","og_site_name":"Alert Diver","article_published_time":"2016-12-15T23:00:00+00:00","og_image":[{"width":2560,"height":1120,"url":"https:\/\/alertdiver.eu\/wp-content\/uploads\/2023\/06\/dolphin-reef-eliat-banner2560x1120.jpg","type":"image\/jpeg"}],"author":"microfilla","twitter_card":"summary_large_image","twitter_misc":{"Napsal(a)":"microfilla","Odhadovan\u00e1 doba \u010dten\u00ed":"9 minut"},"schema":{"@context":"https:\/\/schema.org","@graph":[{"@type":"Article","@id":"https:\/\/alertdiver.eu\/cs_CZ\/clanky\/svetove-jedinecny-delfini-utes-v-izraelskem-eilatu\/#article","isPartOf":{"@id":"https:\/\/alertdiver.eu\/cs_CZ\/clanky\/svetove-jedinecny-delfini-utes-v-izraelskem-eilatu\/"},"author":{"name":"microfilla","@id":"https:\/\/alertdiver.eu\/cs_CZ\/#\/schema\/person\/9ba7cb3f05522d75bf215ab2cf40b01b"},"headline":"Sv\u011btov\u011b jedine\u010dn\u00fd Delf\u00edn\u00ed \u00fates v izraelsk\u00e9m Eilatu","datePublished":"2016-12-15T23:00:00+00:00","dateModified":"2016-12-15T23:00:00+00:00","mainEntityOfPage":{"@id":"https:\/\/alertdiver.eu\/cs_CZ\/clanky\/svetove-jedinecny-delfini-utes-v-izraelskem-eilatu\/"},"wordCount":1765,"publisher":{"@id":"https:\/\/alertdiver.eu\/cs_CZ\/#organization"},"image":{"@id":"https:\/\/alertdiver.eu\/cs_CZ\/clanky\/svetove-jedinecny-delfini-utes-v-izraelskem-eilatu\/#primaryimage"},"thumbnailUrl":"https:\/\/alertdiver.eu\/wp-content\/uploads\/2023\/06\/dolphin-reef-eliat-banner2560x1120.jpg","keywords":["Zaj\u00edmavosti"],"articleSection":["Clanky"],"inLanguage":"cs"},{"@type":"WebPage","@id":"https:\/\/alertdiver.eu\/cs_CZ\/clanky\/svetove-jedinecny-delfini-utes-v-izraelskem-eilatu\/","url":"https:\/\/alertdiver.eu\/cs_CZ\/clanky\/svetove-jedinecny-delfini-utes-v-izraelskem-eilatu\/","name":"Sv\u011btov\u011b jedine\u010dn\u00fd Delf\u00edn\u00ed \u00fates v izraelsk\u00e9m Eilatu - Alert Diver","isPartOf":{"@id":"https:\/\/alertdiver.eu\/cs_CZ\/#website"},"primaryImageOfPage":{"@id":"https:\/\/alertdiver.eu\/cs_CZ\/clanky\/svetove-jedinecny-delfini-utes-v-izraelskem-eilatu\/#primaryimage"},"image":{"@id":"https:\/\/alertdiver.eu\/cs_CZ\/clanky\/svetove-jedinecny-delfini-utes-v-izraelskem-eilatu\/#primaryimage"},"thumbnailUrl":"https:\/\/alertdiver.eu\/wp-content\/uploads\/2023\/06\/dolphin-reef-eliat-banner2560x1120.jpg","datePublished":"2016-12-15T23:00:00+00:00","dateModified":"2016-12-15T23:00:00+00:00","breadcrumb":{"@id":"https:\/\/alertdiver.eu\/cs_CZ\/clanky\/svetove-jedinecny-delfini-utes-v-izraelskem-eilatu\/#breadcrumb"},"inLanguage":"cs","potentialAction":[{"@type":"ReadAction","target":["https:\/\/alertdiver.eu\/cs_CZ\/clanky\/svetove-jedinecny-delfini-utes-v-izraelskem-eilatu\/"]}]},{"@type":"ImageObject","inLanguage":"cs","@id":"https:\/\/alertdiver.eu\/cs_CZ\/clanky\/svetove-jedinecny-delfini-utes-v-izraelskem-eilatu\/#primaryimage","url":"https:\/\/alertdiver.eu\/wp-content\/uploads\/2023\/06\/dolphin-reef-eliat-banner2560x1120.jpg","contentUrl":"https:\/\/alertdiver.eu\/wp-content\/uploads\/2023\/06\/dolphin-reef-eliat-banner2560x1120.jpg","width":2560,"height":1120},{"@type":"BreadcrumbList","@id":"https:\/\/alertdiver.eu\/cs_CZ\/clanky\/svetove-jedinecny-delfini-utes-v-izraelskem-eilatu\/#breadcrumb","itemListElement":[{"@type":"ListItem","position":1,"name":"Home","item":"https:\/\/alertdiver.eu\/cs_CZ\/"},{"@type":"ListItem","position":2,"name":"Sv\u011btov\u011b jedine\u010dn\u00fd Delf\u00edn\u00ed \u00fates v izraelsk\u00e9m Eilatu"}]},{"@type":"WebSite","@id":"https:\/\/alertdiver.eu\/cs_CZ\/#website","url":"https:\/\/alertdiver.eu\/cs_CZ\/","name":"Alert Diver Europe","description":"Access, discover and share the latest diving safety content from DAN Europe.","publisher":{"@id":"https:\/\/alertdiver.eu\/cs_CZ\/#organization"},"potentialAction":[{"@type":"SearchAction","target":{"@type":"EntryPoint","urlTemplate":"https:\/\/alertdiver.eu\/cs_CZ\/?s={search_term_string}"},"query-input":{"@type":"PropertyValueSpecification","valueRequired":true,"valueName":"search_term_string"}}],"inLanguage":"cs"},{"@type":"Organization","@id":"https:\/\/alertdiver.eu\/cs_CZ\/#organization","name":"Alert Diver Europe","url":"https:\/\/alertdiver.eu\/cs_CZ\/","logo":{"@type":"ImageObject","inLanguage":"cs","@id":"https:\/\/alertdiver.eu\/cs_CZ\/#\/schema\/logo\/image\/","url":"https:\/\/alertdiver.eu\/wp-content\/uploads\/2023\/02\/cropped-favicon.png","contentUrl":"https:\/\/alertdiver.eu\/wp-content\/uploads\/2023\/02\/cropped-favicon.png","width":512,"height":512,"caption":"Alert Diver Europe"},"image":{"@id":"https:\/\/alertdiver.eu\/cs_CZ\/#\/schema\/logo\/image\/"}},{"@type":"Person","@id":"https:\/\/alertdiver.eu\/cs_CZ\/#\/schema\/person\/9ba7cb3f05522d75bf215ab2cf40b01b","name":"microfilla","image":{"@type":"ImageObject","inLanguage":"cs","@id":"https:\/\/alertdiver.eu\/cs_CZ\/#\/schema\/person\/image\/","url":"https:\/\/secure.gravatar.com\/avatar\/09f39449f14df8c3ad651888221bb907?s=96&d=mm&r=g","contentUrl":"https:\/\/secure.gravatar.com\/avatar\/09f39449f14df8c3ad651888221bb907?s=96&d=mm&r=g","caption":"microfilla"},"sameAs":["https:\/\/microfilla.com"],"url":"https:\/\/alertdiver.eu\/cs_CZ\/author\/microfilla\/"}]}},"_links":{"self":[{"href":"https:\/\/alertdiver.eu\/cs_CZ\/wp-json\/wp\/v2\/posts\/11385696","targetHints":{"allow":["GET"]}}],"collection":[{"href":"https:\/\/alertdiver.eu\/cs_CZ\/wp-json\/wp\/v2\/posts"}],"about":[{"href":"https:\/\/alertdiver.eu\/cs_CZ\/wp-json\/wp\/v2\/types\/post"}],"author":[{"embeddable":true,"href":"https:\/\/alertdiver.eu\/cs_CZ\/wp-json\/wp\/v2\/users\/1"}],"replies":[{"embeddable":true,"href":"https:\/\/alertdiver.eu\/cs_CZ\/wp-json\/wp\/v2\/comments?post=11385696"}],"version-history":[{"count":0,"href":"https:\/\/alertdiver.eu\/cs_CZ\/wp-json\/wp\/v2\/posts\/11385696\/revisions"}],"wp:featuredmedia":[{"embeddable":true,"href":"https:\/\/alertdiver.eu\/cs_CZ\/wp-json\/wp\/v2\/media\/11375826"}],"wp:attachment":[{"href":"https:\/\/alertdiver.eu\/cs_CZ\/wp-json\/wp\/v2\/media?parent=11385696"}],"wp:term":[{"taxonomy":"category","embeddable":true,"href":"https:\/\/alertdiver.eu\/cs_CZ\/wp-json\/wp\/v2\/categories?post=11385696"},{"taxonomy":"post_tag","embeddable":true,"href":"https:\/\/alertdiver.eu\/cs_CZ\/wp-json\/wp\/v2\/tags?post=11385696"},{"taxonomy":"authors","embeddable":true,"href":"https:\/\/alertdiver.eu\/cs_CZ\/wp-json\/wp\/v2\/authors?post=11385696"}],"curies":[{"name":"wp","href":"https:\/\/api.w.org\/{rel}","templated":true}]}}