{"id":11385723,"date":"2017-12-27T00:00:00","date_gmt":"2017-12-26T23:00:00","guid":{"rendered":"https:\/\/alertdiver.eu\/uncategorized-cs_cz\/umeni-ucit-rozhovor-se-stevem-martinem\/"},"modified":"2017-12-27T00:00:00","modified_gmt":"2017-12-26T23:00:00","slug":"umeni-ucit-rozhovor-se-stevem-martinem","status":"publish","type":"post","link":"https:\/\/alertdiver.eu\/cs_CZ\/clanky\/umeni-ucit-rozhovor-se-stevem-martinem\/","title":{"rendered":"\ufeffUm\u011bn\u00ed u\u010dit: rozhovor se Stevem Martinem"},"content":{"rendered":"<p style=\"text-align: justify;\">Steve Martin se posledn&iacute;ch 18 let v\u011bnoval p\u0159&iacute;strojov&eacute;mu pot&aacute;p\u011bn&iacute; a dnes je sv\u011btov\u011b proslul&yacute; profesion&aacute;ln&iacute; instruktor pot&aacute;p\u011bn&iacute; se zam\u011b\u0159en&iacute;m na speleologii a pot&aacute;p\u011bn&iacute; s bo\u010dn&iacute; konfigurac&iacute; (side mount). Je zn&aacute;m&yacute; p\u0159edev&scaron;&iacute;m d&iacute;ky tomu, \u017ee zalo\u017eil vlastn&iacute; kurzy Z&aacute;klady pot&aacute;p\u011bn&iacute; s bo\u010dn&iacute; konfigurac&iacute; (Sidemount Essentials Course), kter&eacute; zahrnuj&iacute; v&yacute;ukov&yacute; program vyu\u017e&iacute;vaj&iacute;c&iacute; instrukt&aacute;\u017en&iacute; videa a kter&eacute; se staly mezin&aacute;rodn&iacute;m standardem pro podobn&eacute; v&yacute;ukov&eacute; aktivity. V r&aacute;mci kampan\u011b DAN <a href=\"https:\/\/wwdi.daneurope.org\/\" target=\"_blank\" rel=\"noopener\">#WhyWeDolt<\/a> (&bdquo;pro\u010d bl&aacute;zn&iacute;me&ldquo;) odpov&iacute;d&aacute; Steve na ot&aacute;zky \u010dasopisu Alert Diver a hovo\u0159&iacute; o sv&eacute; snaze zlep&scaron;it sv\u011bt pot&aacute;p\u011bn&iacute; v&yacute;cvikem pot&aacute;p\u011b\u010d\u016f ohledupln&yacute;ch k \u017eivotn&iacute;mu prost\u0159ed&iacute;.<\/p>\n<p style=\"text-align: justify;\"><span class=\"fr-video fr-dvb fr-draggable\" contenteditable=\"false\" draggable=\"true\"><iframe loading=\"lazy\" src=\"\/\/www.youtube.com\/embed\/v1FqH58jji8\" allowfullscreen=\"\" width=\"100%\" height=\"360\" frameborder=\"0\"><\/iframe><\/span><\/p>\n<h3><strong>Jak jste se vlastn\u011b dostal k pot&aacute;p\u011bn&iacute;?<\/strong><\/h3>\n<p style=\"text-align: justify;\">K pot&aacute;p\u011bn&iacute; m\u011b p\u0159ivedl m\u016fj otec. Kdy\u017e mu bylo ji\u017e t&eacute;m\u011b\u0159 40 let, rozhodl se, spolu se sv&yacute;mi p\u0159&aacute;teli, \u017ee zalo\u017e&iacute; t\u0159&iacute;du p\u0159&iacute;strojov&eacute;ho pot&aacute;p\u011bn&iacute;. No a kdy\u017e mn\u011b bylo asi 12 let, p\u0159ipojili jsme se k nim s m&yacute;m nejlep&scaron;&iacute;m kamar&aacute;dem a pom&aacute;hali jim nosit vybaven&iacute; na jejich v&iacute;kendov&yacute;ch v&yacute;letech. Kdy\u017e se vyno\u0159ovali z vody se z&aacute;\u0159iv&yacute;m &uacute;sm\u011bvem na tv&aacute;\u0159i, st&aacute;le jsme se jich ptali, jak&eacute; to bylo a kdy n&aacute;s vezmou s sebou pod hladinu.<\/p>\n<p style=\"text-align: justify;\"><img decoding=\"async\" class=\"fr-dib fr-draggable\" src=\"\/wp-content\/uploads\/imgimport\/940\/steve11-1500x1000.jpg\" style=\"width: auto;\"><\/p>\n<h3><strong>Jak jste se c&iacute;til p\u0159i sv&eacute;m prvn&iacute;m ponoru?<\/strong><\/h3>\n<p style=\"text-align: justify;\">M&aacute; prvn&iacute; zku&scaron;enost s pot&aacute;p\u011bn&iacute;m byla na rodinn&eacute;m v&yacute;let\u011b na Mallorku, kdy\u017e mi bylo dvan&aacute;ct let. Pono\u0159ili jsme se do oce&aacute;nu a pamatuji si, jak jsem spat\u0159il malou chobotni\u010dku. Kdy\u017e jsem se j&iacute; dotkl, rychle jsem p\u0159ed jej&iacute; lepkavou k\u016f\u017e&iacute; ucuknul. Potom jsem pot&aacute;p\u011bn&iacute; zcela propadl. Abych pravdu \u0159ekl, nedok&aacute;\u017eu p\u0159esn\u011b ani slovy vyj&aacute;d\u0159it, co vlastn\u011b p\u0159i pot&aacute;p\u011bn&iacute; c&iacute;t&iacute;m.<\/p>\n<p style=\"text-align: justify;\"><\/p>\n<h3 style=\"\"><strong>Kdy jste si uv\u011bdomil, \u017ee chcete sv\u016fj \u017eivot spojit s p\u0159&iacute;strojov&yacute;m pot&aacute;p\u011bn&iacute;m?<\/strong><\/h3>\n<p style=\"text-align: justify;\">Ne\u017e jsem za\u010dal u\u010dit pot&aacute;p\u011bn&iacute;, v\u011bnoval jsem se v&yacute;uce vodn&iacute;ho ly\u017eov&aacute;n&iacute;, kter&eacute; rovn\u011b\u017e miluji ji\u017e od d\u011btstv&iacute;. Ve &scaron;kole jsem studoval po\u010d&iacute;ta\u010de, ale potom jsem se rozhodl odej&iacute;t a naplno se v\u011bnovat v&yacute;uce vodn&iacute;ho ly\u017eov&aacute;n&iacute;. Bylo to pravd\u011bpodobn\u011b nejlep&scaron;&iacute; rozhodnut&iacute; m&eacute;ho \u017eivota. A\u017e kdy\u017e jsem za\u010dal u\u010dit, uv\u011bdomil jsem si, \u017ee m\u011b to bav&iacute; snad dokonce v&iacute;c, ne\u017e samotn&aacute; \u010dinnost, kterou vyu\u010duji.<\/p>\n<p style=\"text-align: justify;\">Nicm&eacute;n\u011b jako instruktor vodn&iacute;ho ly\u017eov&aacute;n&iacute; jsem si st\u011b\u017e&iacute; mohl dovolit uskute\u010dnit sv\u016fj dal&scaron;&iacute; sen o cestov&aacute;n&iacute; po sv\u011bt\u011b. Tak\u017ee kdy\u017e mi bylo 16 let, propojil jsem sv&eacute; z&aacute;jmy a nastoupil cestu za povol&aacute;n&iacute;m instruktora p\u0159&iacute;strojov&eacute;ho pot&aacute;p\u011bn&iacute;. Od t&eacute; doby jezd&iacute;m po sv\u011bt\u011b a vyu\u010doval jsem ji\u017e nap\u0159&iacute;klad v Evrop\u011b, Mexiku, Austr&aacute;lii a Japonsku.<\/p>\n<p style=\"text-align: justify;\"><img decoding=\"async\" class=\"fr-dib fr-draggable\" src=\"\/wp-content\/uploads\/imgimport\/940\/steve9-1500x844.jpg\" style=\"width: auto;\"><\/p>\n<h3><strong>M&aacute;te n\u011bjak&yacute; z&aacute;\u017eitek, na kter&yacute; nikdy nezapomenete?<\/strong><\/h3>\n<p style=\"text-align: justify;\">Je tolik neuv\u011b\u0159iteln&yacute;ch v\u011bc&iacute;, kter&eacute; jsem vid\u011bl pod vodou, ohromuj&iacute;c&iacute; byly t\u0159eba jeskynn&iacute; syst&eacute;my v Mexiku, nebo plav&aacute;n&iacute; po boku rejnok\u016f manta na Malediv&aacute;ch. Ale nad v&scaron;echny ty &uacute;\u017easn&eacute; z&aacute;\u017eitky bych stejn\u011b cht\u011bl vyzdvihnout p\u0159edev&scaron;&iacute;m okam\u017eiky, kter&eacute; tr&aacute;v&iacute;m spolu se sv&yacute;mi \u017e&aacute;ky. To jsou ty nejsiln\u011bj&scaron;&iacute; a nezapomenuteln&eacute; z&aacute;\u017eitky, p\u0159edev&scaron;&iacute;m v p\u0159&iacute;pad\u011b, \u017ee tr&eacute;nink nejde &uacute;pln\u011b hladce.<\/p>\n<p style=\"text-align: justify;\"><img decoding=\"async\" class=\"fr-dib fr-draggable\" src=\"\/wp-content\/uploads\/imgimport\/940\/steve8-1500x1000.jpg\" style=\"width: auto;\"><\/p>\n<h3 style=\"\"><strong>Co v&aacute;s vede k tomu, abyste d&aacute;l u\u010dil?<\/strong><\/h3>\n<p style=\"text-align: justify;\">Velice m\u011b zaj&iacute;m&aacute;, jak se vyv&iacute;j&iacute; pot&aacute;p\u011b\u010dsk&yacute; pr\u016fmysl a chci b&yacute;t u toho. Jsem v&scaron;ak toho n&aacute;zoru, \u017ee na instruktory je dnes vyv&iacute;jen nadm\u011brn&yacute; tlak. Podle m\u011b nen&iacute; zcela v po\u0159&aacute;dku, kdy\u017e se o\u010dek&aacute;v&aacute;, \u017ee instruktor bude m&iacute;t na starosti skupinu &scaron;esti a\u017e osmi nezku&scaron;en&yacute;ch pot&aacute;p\u011b\u010d\u016f. J&aacute; se v\u011bnuji pouze dv\u011bma a\u017e t\u0159em lidem. T&iacute;m je zaji&scaron;t\u011bno, \u017ee m&aacute;m dostatek \u010dasu pro ka\u017ed&eacute;ho, aby se mohl vypracovat na &uacute;rove\u0148, jak&eacute; chce dos&aacute;hnout. Pokud vynikaj&iacute;c&iacute; sv\u011btov&iacute; instrukto\u0159i u\u010d&iacute; maxim&aacute;ln\u011b 3 lidi najednou, jak je mo\u017en&eacute;, \u017ee se od m&eacute;n\u011b zku&scaron;en&yacute;ch instruktor\u016f o\u010dek&aacute;v&aacute;, \u017ee budou u\u010dit skupiny o v\u011bt&scaron;&iacute;m po\u010dtu &uacute;\u010dastn&iacute;k\u016f?<\/p>\n<p style=\"text-align: justify;\">Jedna z v\u011bc&iacute;, kterou se sna\u017e&iacute;m p\u0159isp&iacute;vat ke zlep&scaron;en&iacute; v&yacute;uky pot&aacute;p\u011bn&iacute;, jsou online instrukt&aacute;\u017en&iacute; videa, na kter&aacute; se studenti mohou pod&iacute;vat p\u0159edt&iacute;m, ne\u017e za\u010dne skute\u010dn&yacute; tr&eacute;nink. Je to lep&scaron;&iacute;, ne\u017e kdy\u017e jim d&aacute;m pouze p\u0159&iacute;ru\u010dku. Takto se mohou na tr&eacute;nink l&eacute;pe p\u0159ipravit a v&iacute;cem&eacute;n\u011b v\u011bd&iacute; dop\u0159edu, co mohou pod vodou o\u010dek&aacute;vat. Informace o t\u011bchto kurzech je mo\u017en&eacute; naj&iacute;t na str&aacute;nce <a href=\"http:\/\/www.sidemounting.com\" target=\"_blank\" rel=\"noopener\">www.sidemounting.com<\/a>. V pr\u016fb\u011bhu v&yacute;cviku ve vod\u011b studenty nat&aacute;\u010d&iacute;m, abych jim potom videa mohl uk&aacute;zat. To je dal&scaron;&iacute; spolehliv&aacute; v&yacute;ukov&aacute; pom\u016fcka, ke kter&eacute; se mohou vr&aacute;tit i po skon\u010den&iacute; kurzu.<\/p>\n<p style=\"text-align: justify;\"><img decoding=\"async\" class=\"fr-dib fr-draggable\" src=\"\/wp-content\/uploads\/imgimport\/940\/steve6-1500x844.jpg\" style=\"width: auto;\"><\/p>\n<p style=\"\"><img decoding=\"async\" class=\"fr-dib fr-draggable\" src=\"\/wp-content\/uploads\/imgimport\/940\/steve7-1500x844.jpg\" style=\"width: auto;\"><\/p>\n<h3 style=\"\"><strong>Co pro v&aacute;s znamen&aacute; vodn&iacute; prost\u0159ed&iacute;?<\/strong><\/h3>\n<p style=\"text-align: justify;\">Na to je jednoduch&aacute; odpov\u011b\u010f. Miluji, kdy\u017e mohu b&yacute;t ve vod\u011b a v&scaron;e, co je s t&iacute;m spojeno. V&iacute;me pomalu v&iacute;c o vesm&iacute;ru, ne\u017e o oce&aacute;nech, kter&eacute; pokr&yacute;vaj&iacute; 70% na&scaron;&iacute; planety. Str&aacute;vil jsem roky r\u016fzn&yacute;mi druhy sport\u016f, kter&eacute; jsou spojeny s vodou, tak\u017ee je jen p\u0159irozen&eacute;, \u017ee jsem zatou\u017eil poznat i co je pod hladinou. Nyn&iacute; se mohu pobytem pod vodou t\u011b&scaron;it i p\u0159i v&yacute;konu povol&aacute;n&iacute; a jsem jedn&iacute;m z m&aacute;la &scaron;\u0165astlivc\u016f, kter&yacute;m se poda\u0159ilo vytvo\u0159it si z pot&aacute;p\u011bn&iacute; \u017eivobyt&iacute;.<\/p>\n<p style=\"text-align: justify;\"><img decoding=\"async\" class=\"fr-dib fr-draggable\" src=\"\/wp-content\/uploads\/imgimport\/940\/steve5-1500x842.jpg\" style=\"width: auto;\"><\/p>\n<h3><strong>Specializujete se na pot&aacute;p\u011bn&iacute; s bo\u010dn&iacute; konfigurac&iacute;, kter&aacute; umo\u017e\u0148uje pot&aacute;p\u011b\u010di l&eacute;pe se p\u0159izp\u016fsobit okoln&iacute;mu prost\u0159ed&iacute;. Jak ovlivnil tento d\u016fle\u017eit&yacute; aspekt pot&aacute;p\u011bn&iacute; v&aacute;&scaron; vztah k oce&aacute;nu?<\/strong><\/h3>\n<p style=\"text-align: justify;\">Pokud u\u010d&iacute;te pot&aacute;p\u011bn&iacute; spr&aacute;vn\u011b, je va&scaron;&iacute;m c&iacute;lem, aby pot&aacute;p\u011b\u010di nem\u011bli s podvodn&iacute;m sv\u011btem \u017e&aacute;dn&yacute; p\u0159&iacute;m&yacute; fyzick&yacute; kontakt. \u010casto opakujeme: &bdquo;odneste si pouze fotografie a na m&iacute;st\u011b zanechte jenom bublinky&ldquo;. Zjistil jsem, \u017ee kdy\u017e nab&iacute;z&iacute;m student\u016fm pot&aacute;p\u011bn&iacute; s bo\u010dn&iacute; konfigurac&iacute;, mohu d&iacute;ky lep&scaron;&iacute; p\u0159&iacute;prav\u011b a lep&scaron;&iacute; kompenzaci vztlaku zamezit necht\u011bn&eacute;mu po&scaron;kozov&aacute;n&iacute; podvodn&iacute;ho prost\u0159ed&iacute;.<\/p>\n<p style=\"text-align: justify;\">S bo\u010dn&iacute; konfigurac&iacute; se studenti u\u010d&iacute; daleko rychleji a dost&aacute;hnou vy&scaron;&scaron;&iacute; &uacute;rovn\u011b dovednost&iacute;, ne\u017e s jakoukoliv jinou konfigurac&iacute;. Rychle se zvy&scaron;uje jejich kompetentnost a posiluje bezpe\u010dnost.<\/p>\n<p style=\"text-align: justify;\">Pokud se chcete dostat bl&iacute;zko k n\u011b\u010demu kr&aacute;sn&eacute;mu pod vodou, abyste po\u0159&iacute;dili p\u011bkn&yacute; sn&iacute;mek, posledn&iacute; v\u011bc, kterou chcete ud\u011blat, je poni\u010dit kv\u016fli sv&eacute;mu focen&iacute; okoln&iacute; prost\u0159ed&iacute;, proto\u017ee se nezvl&aacute;dnete spr&aacute;vn\u011b vyv&aacute;\u017eit a nastavit vztlak. Ale pokud jste dob\u0159e vycvi\u010den&iacute; v z&aacute;kladn&iacute;ch pot&aacute;p\u011b\u010dsk&yacute;ch dovednostech, zjist&iacute;te, \u017ee okoln&iacute; podvodn&iacute; \u017eivot s v&aacute;mi interaguje spr&aacute;vn&yacute;m zp\u016fsobem bez jak&yacute;chkoli negativn&iacute;ch n&aacute;sledk\u016f.<\/p>\n<p style=\"text-align: justify;\"><img decoding=\"async\" class=\"fr-dib fr-draggable\" src=\"\/wp-content\/uploads\/imgimport\/940\/steve4-1500x1000.jpg\" style=\"width: auto;\"><\/p>\n<h3 style=\"\"><strong>Do jak&eacute; m&iacute;ry je tedy p\u0159&iacute;pustn&eacute;, aby pot&aacute;p\u011bn&iacute; ovlivnilo podvodn&iacute; prost\u0159ed&iacute;?<\/strong><\/h3>\n<p style=\"text-align: justify;\">\u010c&iacute;m m&eacute;n\u011b, t&iacute;m l&eacute;pe. Pokud se nau\u010d&iacute;me l&eacute;pe interagovat s podvodn&iacute;m sv\u011btem a omez&iacute;me nadm\u011brn&yacute; rybolov, m\u016f\u017ee se pot&aacute;p\u011bn&iacute; st&aacute;t mnohem bezpe\u010dn\u011bj&scaron;&iacute; a z&aacute;bavn\u011bj&scaron;&iacute;. Pomoc&iacute; pot&aacute;p\u011bn&iacute; m\u016f\u017eeme lidi vzd\u011bl&aacute;vat o kr&aacute;s&aacute;ch podvodn&iacute;ho sv\u011bta a nau\u010dit je tento sv\u011bt respektovat. \u010c&iacute;m v&iacute;ce pot&aacute;p\u011b\u010d\u016f dostaneme pod hladinu, t&iacute;m l&eacute;pe pro v&scaron;echny, nebo\u0165 v&iacute;ce lid&iacute; se nau\u010d&iacute; p\u0159&iacute;mo na m&iacute;st\u011b, jak podvodn&iacute; sv\u011bt chr&aacute;nit.<\/p>\n<p style=\"text-align: justify;\"><img decoding=\"async\" class=\"fr-dib fr-draggable\" src=\"\/wp-content\/uploads\/imgimport\/940\/steve3-1500x1000.jpg\" style=\"width: auto;\"><\/p>\n<h3><strong>Jak v&aacute;m p\u0159i pot&aacute;p\u011bn&iacute; pom&aacute;h&aacute; dodr\u017eov&aacute;n&iacute; zdrav&eacute;ho a um&iacute;rn\u011bn&eacute;ho \u017eivotn&iacute;ho stylu?<\/strong><\/h3>\n<p style=\"text-align: justify;\">R\u016fzn&eacute; zp\u016fsoby pot&aacute;p\u011bn&iacute;, kter&eacute; provozuji, vy\u017eaduj&iacute; ur\u010ditou m&iacute;ru t\u011blesn&eacute; zdatnosti. Sice nekou\u0159&iacute;m, ale dob\u0159e zn&aacute;m p\u0159&iacute;sn&aacute; pravidla, kter&aacute; jasn\u011b vymezuj&iacute;, kolik cigaret m\u016f\u017eete vykou\u0159it p\u0159ed a po ponoru. Nane&scaron;t\u011bst&iacute; mnoho instruktor\u016f pot&aacute;p\u011bn&iacute; tato pravidla nerespektuje.<\/p>\n<p style=\"text-align: justify;\">Mysl&iacute;m si, \u017ee pokud by mi n\u011bco dlouhodob\u011b &scaron;kodilo, nebo p\u0159ek&aacute;\u017eelo, dok&aacute;zal bych se vzd&aacute;t \u010dehokoliv. R&aacute;d se nap\u0159&iacute;klad p\u0159&iacute;le\u017eitostn\u011b napiju, ale pokud m&aacute;m p\u0159ed sebou pot&aacute;p\u011b\u010dsk&yacute; v&yacute;let, bez probl&eacute;m\u016f se tohoto pot\u011b&scaron;en&iacute; vzd&aacute;m. Jako technick&yacute; pot&aacute;p\u011b\u010d a t&iacute;m sp&iacute;&scaron;e jako instruktor nem\u016f\u017eu podlehnout fl&aacute;mov&aacute;n&iacute;, nebo jin&eacute; z&aacute;vislosti.<\/p>\n<p style=\"text-align: justify;\">Hodn\u011b se v\u011bnuji crossfitu (tr&eacute;nink na pos&iacute;len&iacute; cel&eacute;ho t\u011bla kombinuj&iacute;c&iacute; prvky silov&eacute;ho tr&eacute;ninku, atletiky a gymnastiky), kter&yacute;m se udr\u017euji zdrav&yacute; a ve form\u011b. Kdy\u017e jsem provozoval pouze gymnastiku, za\u010daly m\u011b bolet z&aacute;da od mnohalet&eacute;ho p\u0159en&aacute;&scaron;en&iacute; pot&aacute;p\u011b\u010dsk&yacute;ch lahv&iacute; z auta a do auta. Od chv&iacute;le, kdy jsem za\u010dal d\u011blat crossfit, pos&iacute;lil jsem z&aacute;dov&eacute; svalstvo a bolesti zad zcela zmizely. Nen&iacute; t\u0159eba zd\u016fraz\u0148ovat, \u017ee mi to pom&aacute;h&aacute; i p\u0159i pot&aacute;p\u011bn&iacute;.<\/p>\n<p style=\"text-align: justify;\"><img decoding=\"async\" class=\"fr-dib fr-draggable\" src=\"\/wp-content\/uploads\/imgimport\/940\/steve2-1500x1000.jpg\" style=\"width: auto;\"><\/p>\n<h3 style=\"\"><strong>Je pro v&aacute;s d\u016fle\u017eit&eacute;, \u017ee za v&aacute;mi stoj&iacute; takov&aacute; organizace, jako je DAN?<\/strong><\/h3>\n<p style=\"text-align: justify;\">Na z&aacute;klad\u011b vlastn&iacute;ch zku&scaron;enost&iacute; i toho, co jsem sly&scaron;el, mus&iacute;m potvrdit, \u017ee t&yacute;m DAN je v\u017edy na m&iacute;st\u011b, kdy\u017e je to pot\u0159eba a ochotn\u011b pom&aacute;h&aacute; nehled\u011b na charakter vznikl&eacute;ho probl&eacute;mu. Kolegov&eacute; pot&aacute;p\u011b\u010di, kter&eacute; jsem potkal v pr\u016fb\u011bhu let, kdy cestuji a u\u010d&iacute;m, \u010dasto vypr&aacute;v\u011bli o skv\u011bl&yacute;ch slu\u017eb&aacute;ch, kter&eacute; DAN poskytuje.<\/p>\n<p style=\"text-align: justify;\">Dobr&eacute; jm&eacute;no je pro m\u011b v&scaron;&iacute;m. Jsem jenom tak dobr&yacute;, jak&yacute; byl m\u016fj posledn&iacute; kurz. A podobn&yacute;m zp\u016fsobem m\u016f\u017eu doporu\u010dit i DAN jako nejlep&scaron;&iacute; mo\u017enost poji&scaron;t\u011bn&iacute;, proto\u017ee m&aacute; dlouhodob\u011b v&yacute;bornou pov\u011bst.<\/p>\n<p style=\"text-align: justify;\"><img decoding=\"async\" class=\"fr-dib fr-draggable\" src=\"\/wp-content\/uploads\/imgimport\/940\/steve1-1500x1000.jpg\" style=\"width: auto;\"><\/p>\n<h3><strong>A co v&yacute;zkum, kter&yacute; DAN prov&aacute;d&iacute;, aby u\u010dinil pot&aacute;p\u011bn&iacute; bezpe\u010dn\u011bj&scaron;&iacute; a zdrav\u011bj&scaron;&iacute;?<\/strong><\/h3>\n<p style=\"text-align: justify;\">DAN d\u011bl&aacute; obrovsk&yacute; kus pr&aacute;ce pro podporu vzd\u011bl&aacute;n&iacute;, p\u0159edev&scaron;&iacute;m pomoc&iacute; statistiky, kterou vede. Pokud se poda\u0159&iacute; zm\u011bnit a zlep&scaron;it uva\u017eov&aacute;n&iacute; jednoho instruktora a p\u0159im\u011bt ho, aby si uv\u011bdomil, jak&yacute; m&aacute; vliv na sv&eacute; studenty, m\u016f\u017ee se t&iacute;m lavinovit\u011b spustit &scaron;&iacute;\u0159en&iacute; t&eacute;to zm\u011bny i na jeho kolegy, kte\u0159&iacute; pak za\u010dnou s podobn&yacute;mi pozitivn&iacute;mi zm\u011bnami.<\/p>\n<p style=\"text-align: justify;\">Nav&iacute;c &#8211; pokud se v&aacute;m poda\u0159&iacute; p\u0159esv\u011bd\u010dit pot&aacute;p\u011b\u010dsk&eacute; agentury, aby zm\u011bnily sv&eacute; postupy na z&aacute;klad\u011b nov&yacute;ch poznatk\u016f, pot&aacute;p\u011b\u010dsk&yacute; pr\u016fmysl bude ur\u010dit\u011b lep&scaron;&iacute;. Jsem p\u0159esv\u011bd\u010den, \u017ee DAN je na spr&aacute;vn&eacute; cest\u011b k uskute\u010dn\u011bn&iacute; t&eacute;to pozitivn&iacute; zm\u011bny.<\/p>\n","protected":false},"excerpt":{"rendered":"<p>Steve Martin se posledn&iacute;ch 18 let v\u011bnoval p\u0159&iacute;strojov&eacute;mu pot&aacute;p\u011bn&iacute; a dnes je sv\u011btov\u011b proslul&yacute; profesion&aacute;ln&iacute; instruktor pot&aacute;p\u011bn&iacute; se zam\u011b\u0159en&iacute;m na speleologii a pot&aacute;p\u011bn&iacute; s bo\u010dn&iacute;&#8230;<\/p>\n","protected":false},"author":1,"featured_media":11376096,"comment_status":"closed","ping_status":"closed","sticky":false,"template":"","format":"standard","meta":{"_acf_changed":false,"footnotes":""},"categories":[384],"tags":[1871],"authors":[826],"class_list":["post-11385723","post","type-post","status-publish","format-standard","has-post-thumbnail","hentry","category-clanky","tag-profil-clena-dan","authors-cristian-pellegrini-cs_cz"],"acf":[],"yoast_head":"<!-- This site is optimized with the Yoast SEO plugin v24.2 - https:\/\/yoast.com\/wordpress\/plugins\/seo\/ -->\n<title>\ufeffUm\u011bn\u00ed u\u010dit: rozhovor se Stevem Martinem - Alert Diver<\/title>\n<meta name=\"robots\" content=\"index, follow, max-snippet:-1, max-image-preview:large, max-video-preview:-1\" \/>\n<link rel=\"canonical\" href=\"https:\/\/alertdiver.eu\/cs_CZ\/clanky\/umeni-ucit-rozhovor-se-stevem-martinem\/\" \/>\n<meta property=\"og:locale\" content=\"cs_CZ\" \/>\n<meta property=\"og:type\" content=\"article\" \/>\n<meta property=\"og:title\" content=\"\ufeffUm\u011bn\u00ed u\u010dit: rozhovor se Stevem Martinem - Alert Diver\" \/>\n<meta property=\"og:description\" content=\"Steve Martin se posledn&iacute;ch 18 let v\u011bnoval p\u0159&iacute;strojov&eacute;mu pot&aacute;p\u011bn&iacute; a dnes je sv\u011btov\u011b proslul&yacute; profesion&aacute;ln&iacute; instruktor pot&aacute;p\u011bn&iacute; se zam\u011b\u0159en&iacute;m na speleologii a pot&aacute;p\u011bn&iacute; s bo\u010dn&iacute;...\" \/>\n<meta property=\"og:url\" content=\"https:\/\/alertdiver.eu\/cs_CZ\/clanky\/umeni-ucit-rozhovor-se-stevem-martinem\/\" \/>\n<meta property=\"og:site_name\" content=\"Alert Diver\" \/>\n<meta property=\"article:published_time\" content=\"2017-12-26T23:00:00+00:00\" \/>\n<meta property=\"og:image\" content=\"https:\/\/alertdiver.eu\/wp-content\/uploads\/2023\/06\/steve-martin2-bannerweb-2560x1120-1.jpg\" \/>\n\t<meta property=\"og:image:width\" content=\"2560\" \/>\n\t<meta property=\"og:image:height\" content=\"1120\" \/>\n\t<meta property=\"og:image:type\" content=\"image\/jpeg\" \/>\n<meta name=\"author\" content=\"microfilla\" \/>\n<meta name=\"twitter:card\" content=\"summary_large_image\" \/>\n<meta name=\"twitter:label1\" content=\"Napsal(a)\" \/>\n\t<meta name=\"twitter:data1\" content=\"microfilla\" \/>\n\t<meta name=\"twitter:label2\" content=\"Odhadovan\u00e1 doba \u010dten\u00ed\" \/>\n\t<meta name=\"twitter:data2\" content=\"13 minut\" \/>\n<script type=\"application\/ld+json\" class=\"yoast-schema-graph\">{\"@context\":\"https:\/\/schema.org\",\"@graph\":[{\"@type\":\"Article\",\"@id\":\"https:\/\/alertdiver.eu\/cs_CZ\/clanky\/umeni-ucit-rozhovor-se-stevem-martinem\/#article\",\"isPartOf\":{\"@id\":\"https:\/\/alertdiver.eu\/cs_CZ\/clanky\/umeni-ucit-rozhovor-se-stevem-martinem\/\"},\"author\":{\"name\":\"microfilla\",\"@id\":\"https:\/\/alertdiver.eu\/cs_CZ\/#\/schema\/person\/9ba7cb3f05522d75bf215ab2cf40b01b\"},\"headline\":\"\ufeffUm\u011bn\u00ed u\u010dit: rozhovor se Stevem Martinem\",\"datePublished\":\"2017-12-26T23:00:00+00:00\",\"dateModified\":\"2017-12-26T23:00:00+00:00\",\"mainEntityOfPage\":{\"@id\":\"https:\/\/alertdiver.eu\/cs_CZ\/clanky\/umeni-ucit-rozhovor-se-stevem-martinem\/\"},\"wordCount\":2511,\"publisher\":{\"@id\":\"https:\/\/alertdiver.eu\/cs_CZ\/#organization\"},\"image\":{\"@id\":\"https:\/\/alertdiver.eu\/cs_CZ\/clanky\/umeni-ucit-rozhovor-se-stevem-martinem\/#primaryimage\"},\"thumbnailUrl\":\"https:\/\/alertdiver.eu\/wp-content\/uploads\/2023\/06\/steve-martin2-bannerweb-2560x1120-1.jpg\",\"keywords\":[\"Profil \u010dlena DAN\"],\"articleSection\":[\"Clanky\"],\"inLanguage\":\"cs\"},{\"@type\":\"WebPage\",\"@id\":\"https:\/\/alertdiver.eu\/cs_CZ\/clanky\/umeni-ucit-rozhovor-se-stevem-martinem\/\",\"url\":\"https:\/\/alertdiver.eu\/cs_CZ\/clanky\/umeni-ucit-rozhovor-se-stevem-martinem\/\",\"name\":\"\ufeffUm\u011bn\u00ed u\u010dit: rozhovor se Stevem Martinem - Alert Diver\",\"isPartOf\":{\"@id\":\"https:\/\/alertdiver.eu\/cs_CZ\/#website\"},\"primaryImageOfPage\":{\"@id\":\"https:\/\/alertdiver.eu\/cs_CZ\/clanky\/umeni-ucit-rozhovor-se-stevem-martinem\/#primaryimage\"},\"image\":{\"@id\":\"https:\/\/alertdiver.eu\/cs_CZ\/clanky\/umeni-ucit-rozhovor-se-stevem-martinem\/#primaryimage\"},\"thumbnailUrl\":\"https:\/\/alertdiver.eu\/wp-content\/uploads\/2023\/06\/steve-martin2-bannerweb-2560x1120-1.jpg\",\"datePublished\":\"2017-12-26T23:00:00+00:00\",\"dateModified\":\"2017-12-26T23:00:00+00:00\",\"breadcrumb\":{\"@id\":\"https:\/\/alertdiver.eu\/cs_CZ\/clanky\/umeni-ucit-rozhovor-se-stevem-martinem\/#breadcrumb\"},\"inLanguage\":\"cs\",\"potentialAction\":[{\"@type\":\"ReadAction\",\"target\":[\"https:\/\/alertdiver.eu\/cs_CZ\/clanky\/umeni-ucit-rozhovor-se-stevem-martinem\/\"]}]},{\"@type\":\"ImageObject\",\"inLanguage\":\"cs\",\"@id\":\"https:\/\/alertdiver.eu\/cs_CZ\/clanky\/umeni-ucit-rozhovor-se-stevem-martinem\/#primaryimage\",\"url\":\"https:\/\/alertdiver.eu\/wp-content\/uploads\/2023\/06\/steve-martin2-bannerweb-2560x1120-1.jpg\",\"contentUrl\":\"https:\/\/alertdiver.eu\/wp-content\/uploads\/2023\/06\/steve-martin2-bannerweb-2560x1120-1.jpg\",\"width\":2560,\"height\":1120},{\"@type\":\"BreadcrumbList\",\"@id\":\"https:\/\/alertdiver.eu\/cs_CZ\/clanky\/umeni-ucit-rozhovor-se-stevem-martinem\/#breadcrumb\",\"itemListElement\":[{\"@type\":\"ListItem\",\"position\":1,\"name\":\"Home\",\"item\":\"https:\/\/alertdiver.eu\/cs_CZ\/\"},{\"@type\":\"ListItem\",\"position\":2,\"name\":\"\ufeffUm\u011bn\u00ed u\u010dit: rozhovor se Stevem Martinem\"}]},{\"@type\":\"WebSite\",\"@id\":\"https:\/\/alertdiver.eu\/cs_CZ\/#website\",\"url\":\"https:\/\/alertdiver.eu\/cs_CZ\/\",\"name\":\"Alert Diver Europe\",\"description\":\"Access, discover and share the latest diving safety content from DAN Europe.\",\"publisher\":{\"@id\":\"https:\/\/alertdiver.eu\/cs_CZ\/#organization\"},\"potentialAction\":[{\"@type\":\"SearchAction\",\"target\":{\"@type\":\"EntryPoint\",\"urlTemplate\":\"https:\/\/alertdiver.eu\/cs_CZ\/?s={search_term_string}\"},\"query-input\":{\"@type\":\"PropertyValueSpecification\",\"valueRequired\":true,\"valueName\":\"search_term_string\"}}],\"inLanguage\":\"cs\"},{\"@type\":\"Organization\",\"@id\":\"https:\/\/alertdiver.eu\/cs_CZ\/#organization\",\"name\":\"Alert Diver Europe\",\"url\":\"https:\/\/alertdiver.eu\/cs_CZ\/\",\"logo\":{\"@type\":\"ImageObject\",\"inLanguage\":\"cs\",\"@id\":\"https:\/\/alertdiver.eu\/cs_CZ\/#\/schema\/logo\/image\/\",\"url\":\"https:\/\/alertdiver.eu\/wp-content\/uploads\/2023\/02\/cropped-favicon.png\",\"contentUrl\":\"https:\/\/alertdiver.eu\/wp-content\/uploads\/2023\/02\/cropped-favicon.png\",\"width\":512,\"height\":512,\"caption\":\"Alert Diver Europe\"},\"image\":{\"@id\":\"https:\/\/alertdiver.eu\/cs_CZ\/#\/schema\/logo\/image\/\"}},{\"@type\":\"Person\",\"@id\":\"https:\/\/alertdiver.eu\/cs_CZ\/#\/schema\/person\/9ba7cb3f05522d75bf215ab2cf40b01b\",\"name\":\"microfilla\",\"image\":{\"@type\":\"ImageObject\",\"inLanguage\":\"cs\",\"@id\":\"https:\/\/alertdiver.eu\/cs_CZ\/#\/schema\/person\/image\/\",\"url\":\"https:\/\/secure.gravatar.com\/avatar\/09f39449f14df8c3ad651888221bb907?s=96&d=mm&r=g\",\"contentUrl\":\"https:\/\/secure.gravatar.com\/avatar\/09f39449f14df8c3ad651888221bb907?s=96&d=mm&r=g\",\"caption\":\"microfilla\"},\"sameAs\":[\"https:\/\/microfilla.com\"],\"url\":\"https:\/\/alertdiver.eu\/cs_CZ\/author\/microfilla\/\"}]}<\/script>\n<!-- \/ Yoast SEO plugin. -->","yoast_head_json":{"title":"\ufeffUm\u011bn\u00ed u\u010dit: rozhovor se Stevem Martinem - Alert Diver","robots":{"index":"index","follow":"follow","max-snippet":"max-snippet:-1","max-image-preview":"max-image-preview:large","max-video-preview":"max-video-preview:-1"},"canonical":"https:\/\/alertdiver.eu\/cs_CZ\/clanky\/umeni-ucit-rozhovor-se-stevem-martinem\/","og_locale":"cs_CZ","og_type":"article","og_title":"\ufeffUm\u011bn\u00ed u\u010dit: rozhovor se Stevem Martinem - Alert Diver","og_description":"Steve Martin se posledn&iacute;ch 18 let v\u011bnoval p\u0159&iacute;strojov&eacute;mu pot&aacute;p\u011bn&iacute; a dnes je sv\u011btov\u011b proslul&yacute; profesion&aacute;ln&iacute; instruktor pot&aacute;p\u011bn&iacute; se zam\u011b\u0159en&iacute;m na speleologii a pot&aacute;p\u011bn&iacute; s bo\u010dn&iacute;...","og_url":"https:\/\/alertdiver.eu\/cs_CZ\/clanky\/umeni-ucit-rozhovor-se-stevem-martinem\/","og_site_name":"Alert Diver","article_published_time":"2017-12-26T23:00:00+00:00","og_image":[{"width":2560,"height":1120,"url":"https:\/\/alertdiver.eu\/wp-content\/uploads\/2023\/06\/steve-martin2-bannerweb-2560x1120-1.jpg","type":"image\/jpeg"}],"author":"microfilla","twitter_card":"summary_large_image","twitter_misc":{"Napsal(a)":"microfilla","Odhadovan\u00e1 doba \u010dten\u00ed":"13 minut"},"schema":{"@context":"https:\/\/schema.org","@graph":[{"@type":"Article","@id":"https:\/\/alertdiver.eu\/cs_CZ\/clanky\/umeni-ucit-rozhovor-se-stevem-martinem\/#article","isPartOf":{"@id":"https:\/\/alertdiver.eu\/cs_CZ\/clanky\/umeni-ucit-rozhovor-se-stevem-martinem\/"},"author":{"name":"microfilla","@id":"https:\/\/alertdiver.eu\/cs_CZ\/#\/schema\/person\/9ba7cb3f05522d75bf215ab2cf40b01b"},"headline":"\ufeffUm\u011bn\u00ed u\u010dit: rozhovor se Stevem Martinem","datePublished":"2017-12-26T23:00:00+00:00","dateModified":"2017-12-26T23:00:00+00:00","mainEntityOfPage":{"@id":"https:\/\/alertdiver.eu\/cs_CZ\/clanky\/umeni-ucit-rozhovor-se-stevem-martinem\/"},"wordCount":2511,"publisher":{"@id":"https:\/\/alertdiver.eu\/cs_CZ\/#organization"},"image":{"@id":"https:\/\/alertdiver.eu\/cs_CZ\/clanky\/umeni-ucit-rozhovor-se-stevem-martinem\/#primaryimage"},"thumbnailUrl":"https:\/\/alertdiver.eu\/wp-content\/uploads\/2023\/06\/steve-martin2-bannerweb-2560x1120-1.jpg","keywords":["Profil \u010dlena DAN"],"articleSection":["Clanky"],"inLanguage":"cs"},{"@type":"WebPage","@id":"https:\/\/alertdiver.eu\/cs_CZ\/clanky\/umeni-ucit-rozhovor-se-stevem-martinem\/","url":"https:\/\/alertdiver.eu\/cs_CZ\/clanky\/umeni-ucit-rozhovor-se-stevem-martinem\/","name":"\ufeffUm\u011bn\u00ed u\u010dit: rozhovor se Stevem Martinem - Alert Diver","isPartOf":{"@id":"https:\/\/alertdiver.eu\/cs_CZ\/#website"},"primaryImageOfPage":{"@id":"https:\/\/alertdiver.eu\/cs_CZ\/clanky\/umeni-ucit-rozhovor-se-stevem-martinem\/#primaryimage"},"image":{"@id":"https:\/\/alertdiver.eu\/cs_CZ\/clanky\/umeni-ucit-rozhovor-se-stevem-martinem\/#primaryimage"},"thumbnailUrl":"https:\/\/alertdiver.eu\/wp-content\/uploads\/2023\/06\/steve-martin2-bannerweb-2560x1120-1.jpg","datePublished":"2017-12-26T23:00:00+00:00","dateModified":"2017-12-26T23:00:00+00:00","breadcrumb":{"@id":"https:\/\/alertdiver.eu\/cs_CZ\/clanky\/umeni-ucit-rozhovor-se-stevem-martinem\/#breadcrumb"},"inLanguage":"cs","potentialAction":[{"@type":"ReadAction","target":["https:\/\/alertdiver.eu\/cs_CZ\/clanky\/umeni-ucit-rozhovor-se-stevem-martinem\/"]}]},{"@type":"ImageObject","inLanguage":"cs","@id":"https:\/\/alertdiver.eu\/cs_CZ\/clanky\/umeni-ucit-rozhovor-se-stevem-martinem\/#primaryimage","url":"https:\/\/alertdiver.eu\/wp-content\/uploads\/2023\/06\/steve-martin2-bannerweb-2560x1120-1.jpg","contentUrl":"https:\/\/alertdiver.eu\/wp-content\/uploads\/2023\/06\/steve-martin2-bannerweb-2560x1120-1.jpg","width":2560,"height":1120},{"@type":"BreadcrumbList","@id":"https:\/\/alertdiver.eu\/cs_CZ\/clanky\/umeni-ucit-rozhovor-se-stevem-martinem\/#breadcrumb","itemListElement":[{"@type":"ListItem","position":1,"name":"Home","item":"https:\/\/alertdiver.eu\/cs_CZ\/"},{"@type":"ListItem","position":2,"name":"\ufeffUm\u011bn\u00ed u\u010dit: rozhovor se Stevem Martinem"}]},{"@type":"WebSite","@id":"https:\/\/alertdiver.eu\/cs_CZ\/#website","url":"https:\/\/alertdiver.eu\/cs_CZ\/","name":"Alert Diver Europe","description":"Access, discover and share the latest diving safety content from DAN Europe.","publisher":{"@id":"https:\/\/alertdiver.eu\/cs_CZ\/#organization"},"potentialAction":[{"@type":"SearchAction","target":{"@type":"EntryPoint","urlTemplate":"https:\/\/alertdiver.eu\/cs_CZ\/?s={search_term_string}"},"query-input":{"@type":"PropertyValueSpecification","valueRequired":true,"valueName":"search_term_string"}}],"inLanguage":"cs"},{"@type":"Organization","@id":"https:\/\/alertdiver.eu\/cs_CZ\/#organization","name":"Alert Diver Europe","url":"https:\/\/alertdiver.eu\/cs_CZ\/","logo":{"@type":"ImageObject","inLanguage":"cs","@id":"https:\/\/alertdiver.eu\/cs_CZ\/#\/schema\/logo\/image\/","url":"https:\/\/alertdiver.eu\/wp-content\/uploads\/2023\/02\/cropped-favicon.png","contentUrl":"https:\/\/alertdiver.eu\/wp-content\/uploads\/2023\/02\/cropped-favicon.png","width":512,"height":512,"caption":"Alert Diver Europe"},"image":{"@id":"https:\/\/alertdiver.eu\/cs_CZ\/#\/schema\/logo\/image\/"}},{"@type":"Person","@id":"https:\/\/alertdiver.eu\/cs_CZ\/#\/schema\/person\/9ba7cb3f05522d75bf215ab2cf40b01b","name":"microfilla","image":{"@type":"ImageObject","inLanguage":"cs","@id":"https:\/\/alertdiver.eu\/cs_CZ\/#\/schema\/person\/image\/","url":"https:\/\/secure.gravatar.com\/avatar\/09f39449f14df8c3ad651888221bb907?s=96&d=mm&r=g","contentUrl":"https:\/\/secure.gravatar.com\/avatar\/09f39449f14df8c3ad651888221bb907?s=96&d=mm&r=g","caption":"microfilla"},"sameAs":["https:\/\/microfilla.com"],"url":"https:\/\/alertdiver.eu\/cs_CZ\/author\/microfilla\/"}]}},"_links":{"self":[{"href":"https:\/\/alertdiver.eu\/cs_CZ\/wp-json\/wp\/v2\/posts\/11385723","targetHints":{"allow":["GET"]}}],"collection":[{"href":"https:\/\/alertdiver.eu\/cs_CZ\/wp-json\/wp\/v2\/posts"}],"about":[{"href":"https:\/\/alertdiver.eu\/cs_CZ\/wp-json\/wp\/v2\/types\/post"}],"author":[{"embeddable":true,"href":"https:\/\/alertdiver.eu\/cs_CZ\/wp-json\/wp\/v2\/users\/1"}],"replies":[{"embeddable":true,"href":"https:\/\/alertdiver.eu\/cs_CZ\/wp-json\/wp\/v2\/comments?post=11385723"}],"version-history":[{"count":0,"href":"https:\/\/alertdiver.eu\/cs_CZ\/wp-json\/wp\/v2\/posts\/11385723\/revisions"}],"wp:featuredmedia":[{"embeddable":true,"href":"https:\/\/alertdiver.eu\/cs_CZ\/wp-json\/wp\/v2\/media\/11376096"}],"wp:attachment":[{"href":"https:\/\/alertdiver.eu\/cs_CZ\/wp-json\/wp\/v2\/media?parent=11385723"}],"wp:term":[{"taxonomy":"category","embeddable":true,"href":"https:\/\/alertdiver.eu\/cs_CZ\/wp-json\/wp\/v2\/categories?post=11385723"},{"taxonomy":"post_tag","embeddable":true,"href":"https:\/\/alertdiver.eu\/cs_CZ\/wp-json\/wp\/v2\/tags?post=11385723"},{"taxonomy":"authors","embeddable":true,"href":"https:\/\/alertdiver.eu\/cs_CZ\/wp-json\/wp\/v2\/authors?post=11385723"}],"curies":[{"name":"wp","href":"https:\/\/api.w.org\/{rel}","templated":true}]}}