{"id":11385784,"date":"2022-06-22T00:00:00","date_gmt":"2022-06-21T22:00:00","guid":{"rendered":"https:\/\/alertdiver.eu\/uncategorized-cs_cz\/asistence-poskytnuta-od-dan-europe-v-nouzovych-pripadech-v-letech-2018-2021-statisticka-studie\/"},"modified":"2022-06-22T00:00:00","modified_gmt":"2022-06-21T22:00:00","slug":"asistence-poskytnuta-od-dan-europe-v-nouzovych-pripadech-v-letech-2018-2021-statisticka-studie","status":"publish","type":"post","link":"https:\/\/alertdiver.eu\/cs_CZ\/clanky\/asistence-poskytnuta-od-dan-europe-v-nouzovych-pripadech-v-letech-2018-2021-statisticka-studie\/","title":{"rendered":"Asistence poskytnut\u00e1 od DAN Europe v nouzov\u00fdch p\u0159\u00edpadech v letech 2018-2021: Statistick\u00e1 studie"},"content":{"rendered":"<p data-renderer-start-pos=\"5348\" style=\"text-align: justify;\">DAN Europe uchov&aacute;v&aacute; podrobn&eacute; z&aacute;znamy o mimo\u0159&aacute;dn&yacute;ch ud&aacute;lostech, kter&eacute; \u0159e&scaron;&iacute; prost\u0159ednictv&iacute;m sv&eacute; s&iacute;t\u011b pot&aacute;p\u011b\u010dsk&yacute;ch l&eacute;ka\u0159\u016f a specialist\u016f pomoc&iacute; nep\u0159etr\u017eit&eacute; hork&eacute; linky 24\/7. &nbsp;Usoudili jsme, \u017ee bude zaj&iacute;mav&eacute; prozkoumat a porovnat data o nouzov&yacute;ch situac&iacute;ch z doby dva roky p\u0159ed pandemi&iacute; COVID-19 s daty z posledn&iacute;ch dvou let, identifikovat v&scaron;echny mo\u017en&eacute; trendy a ur\u010dit, co by to mohlo znamenat.&nbsp;<\/p>\n<h3 data-renderer-start-pos=\"5740\" style=\"text-align: left;\">Pot&aacute;p\u011b\u010dsk&eacute; versus nepot&aacute;p\u011b\u010dsk&eacute; nehody<\/h3>\n<p data-renderer-start-pos=\"5779\" style=\"text-align: justify;\">Jak se dalo o\u010dek&aacute;vat, celkov&yacute; po\u010det hl&aacute;&scaron;en&yacute;ch nehod prudce poklesl od dvou let p\u0159ed pandemi&iacute; do let 2020 a 2021, kdy byly zavedeny lockdowny a cestovn&iacute; restrikce. Po\u010det hl&aacute;&scaron;en&yacute;ch nehod v letech 2018 a 2019 byl 1656 a 1810, jak je uvedeno v tabulce 1, neboli pr\u016fm\u011brn\u011b 1733 hl&aacute;&scaron;en&yacute;ch nehod za rok. Ve srovn&aacute;n&iacute; s t&iacute;m se v letech 2020 a 2021 jednalo o 931 a 932 nehod, co\u017e \u010din&iacute; b\u011bhem pandemie pr\u016fm\u011brn\u011b 932 za rok, to znamen&aacute; pokles p\u0159ibli\u017en\u011b o 46%.<\/p>\n<p data-renderer-start-pos=\"5779\" style=\"text-align: justify;\"><img decoding=\"async\" class=\"fr-dib fr-draggable\" src=\"\/wp-content\/uploads\/imgimport\/1100\/table1-1500.jpg\" style=\"width: auto;\"><\/p>\n<p data-renderer-start-pos=\"6228\" style=\"text-align: justify;\"><em data-renderer-mark=\"true\">Tabulka 1: Po\u010det nehod za rok podle typu. Vezm\u011bte pros&iacute;m na v\u011bdom&iacute;, \u017ee n\u011bkter&aacute; \u010d&iacute;sla nehod, nap\u0159&iacute;klad po\u010dty podez\u0159el&yacute;ch p\u0159&iacute;pad\u016f DCI nebo barotraumat, jsou n\u011bkdy po vyd&aacute;n&iacute; zpr&aacute;vy na z&aacute;klad\u011b dal&scaron;&iacute;ho l&eacute;ka\u0159sk&eacute;ho posouzen&iacute; p\u0159e\u0159azena do jin&eacute; kategorie, co\u017e vede k m&iacute;rn&yacute;m zm\u011bn&aacute;m statistick&yacute;ch &uacute;daj\u016f.&nbsp;<\/em><\/p>\n<p data-renderer-start-pos=\"6228\" style=\"text-align: justify;\"><\/p>\n<p data-renderer-start-pos=\"6228\" style=\"text-align: justify;\">Obr&aacute;zek 1 ukazuje po\u010det p\u0159&iacute;pad\u016f poskytnut&eacute; asistence registrovan&yacute;ch podle m\u011bs&iacute;c\u016f b\u011bhem \u010dty\u0159let&eacute;ho obdob&iacute;. V&scaron;imn\u011bte si strm&eacute;ho poklesu hl&aacute;&scaron;en&yacute;ch nehod na ja\u0159e roku 2020, &nbsp;kdy pandemie s&iacute;lila a zav&aacute;d\u011bly se lockdowny. Po\u010det nehod se v letn&iacute; pot&aacute;p\u011b\u010dsk&eacute; sez&oacute;n\u011b zv&yacute;&scaron;il podobn\u011b jako v letech p\u0159ed pandemi&iacute;, ale na podzim op\u011bt poklesl, \u010d&aacute;ste\u010dn\u011b kv\u016fli obvykl&eacute; sez&oacute;nnosti, ale tak&eacute; n&aacute;sledkem pokra\u010duj&iacute;c&iacute;ch lockdown\u016f a cestovn&iacute;ch omezen&iacute; b\u011bhem dal&scaron;&iacute; vlny pandemie.&nbsp;<\/p>\n<p data-renderer-start-pos=\"6228\" style=\"text-align: justify;\"><img decoding=\"async\" class=\"fr-dib fr-draggable\" src=\"\/wp-content\/uploads\/imgimport\/1100\/figure1-1500.jpg\" style=\"width: auto;\"><\/p>\n<p data-renderer-start-pos=\"6985\"><em data-renderer-mark=\"true\">Obr&aacute;zek 1: P\u0159&iacute;pady poskytnut&eacute; pomoci registrovan&eacute; m\u011bs&iacute;\u010dn\u011b<\/em><\/p>\n<p data-renderer-start-pos=\"7044\">&nbsp;<\/p>\n<p data-renderer-start-pos=\"7046\" style=\"text-align: justify;\">Zaj&iacute;mav&eacute; je, \u017ee jak ukazuje obr&aacute;zek 2 n&iacute;\u017ee, procento pot&aacute;p\u011b\u010dsk&yacute;ch versus nepot&aacute;p\u011b\u010dsk&yacute;ch p\u0159&iacute;pad\u016f b\u011bhem pandemie ve srovn&aacute;n&iacute; s p\u0159edchoz&iacute;mi dv\u011bma lety vzrostlo: pot&aacute;p\u011b\u010dsk&eacute; nehody p\u0159edstavovaly 67% z celkov&eacute;ho po\u010dtu mimo\u0159&aacute;dn&yacute;ch ud&aacute;lost&iacute; hl&aacute;&scaron;en&yacute;ch b\u011bhem pandemie ve srovn&aacute;n&iacute; s 58% v p\u0159edchoz&iacute; letech. To lze pravd\u011bpodobn\u011b vysv\u011btlit skute\u010dnost&iacute;, \u017ee pot&aacute;p\u011b\u010di se b\u011bhem pandemie pot&aacute;p\u011bli hlavn\u011b lok&aacute;ln\u011b a tr&aacute;vili m&eacute;n\u011b \u010dasu cestov&aacute;n&iacute;m do vzd&aacute;len&yacute;ch pot&aacute;p\u011b\u010dsk&yacute;ch destinac&iacute;, proto se vyskytlo m&eacute;n\u011b nepot&aacute;p\u011b\u010dsk&yacute;ch nouzov&yacute;ch situac&iacute;.<\/p>\n<p data-renderer-start-pos=\"7046\" style=\"text-align: justify;\"><img decoding=\"async\" class=\"fr-dib fr-draggable\" src=\"\/wp-content\/uploads\/imgimport\/1100\/figure2-1500.jpg\" style=\"width: auto;\"><\/p>\n<p data-renderer-start-pos=\"7571\"><em data-renderer-mark=\"true\">Obr&aacute;zek 2: Procento otev\u0159en&yacute;ch p\u0159&iacute;pad\u016f pomoci<\/em><\/p>\n<h3 data-renderer-start-pos=\"7618\"><\/h3>\n<h3 data-renderer-start-pos=\"7618\">Typy pot&aacute;p\u011b\u010dsk&yacute;ch nehod<\/h3>\n<p data-renderer-start-pos=\"7643\" style=\"text-align: justify;\">Tabulka 2 ukazuje pot&aacute;p\u011b\u010dsk&eacute; nehody podle typu b\u011bhem \u010dty\u0159let&eacute;ho obdob&iacute;. Podobn\u011b jako u celkov&eacute;ho po\u010dtu hl&aacute;&scaron;en&yacute;ch nehod, po\u010det pot&aacute;p\u011b\u010dsk&yacute;ch nehod se b\u011bhem posledn&iacute;ch dvou let dramaticky sn&iacute;\u017eil ve srovn&aacute;n&iacute; s p\u0159edchoz&iacute;mi dv\u011bma lety. Krom\u011b toho vid&iacute;me, \u017ee po\u010det nehod se od roku 2020 do roku 2021 zv&yacute;&scaron;il, pravd\u011bpodobn\u011b t&iacute;m, \u017ee se v&iacute;ce \u010dlen\u016f mohlo vr&aacute;tit k pot&aacute;p\u011bn&iacute;. &nbsp;<\/p>\n<p data-renderer-start-pos=\"8008\" style=\"text-align: justify;\">V&scaron;imn\u011bte si, \u017ee dekompresn&iacute; nemoc (DCI) a podez\u0159en&iacute; na DCI p\u0159edstavovaly v\u011bt&scaron;inu nehod ve v&scaron;ech \u010dty\u0159ech letech, n&aacute;sledovalo barotrauma a podez\u0159en&iacute; na barotrauma. Ve skute\u010dnosti se typy nehod v procentech zdaj&iacute; rok od roku celkem konzistentn&iacute;. Sloupcov&yacute; graf na obr&aacute;zku 3 ukazuje procento p\u0159&iacute;pad\u016f podle typu nehody b\u011bhem \u010dty\u0159let&eacute;ho obdob&iacute;.<\/p>\n<p data-renderer-start-pos=\"8008\" style=\"text-align: justify;\"><img decoding=\"async\" class=\"fr-dib fr-draggable\" src=\"\/wp-content\/uploads\/imgimport\/1100\/figure3-1500.jpg\" style=\"width: auto;\"><\/p>\n<p data-renderer-start-pos=\"8352\"><em>Obr&aacute;zek 3: Typy pot&aacute;p\u011b\u010dsk&yacute;ch nehod v %<\/em><\/p>\n<p data-renderer-start-pos=\"8392\"><\/p>\n<p data-renderer-start-pos=\"8392\" style=\"text-align: justify;\">Jestli\u017ee porovn&aacute;me &uacute;daje pe\u010dliv\u011bji, obr&aacute;zek 4 n&aacute;m uk&aacute;\u017ee, \u017ee p\u0159evl&aacute;daj&iacute;c&iacute;m poran\u011bn&iacute;m je barotrauma ucha, po n\u011bm n&aacute;sleduj&iacute; stla\u010den&iacute; plic a dutin, kter&aacute; jsou b\u011b\u017en&aacute; p\u0159i voln&eacute;m pot&aacute;p\u011bn&iacute;. &nbsp;Podobn\u011b tabulka 4 ukazuje rozd\u011blen&iacute; nepot&aacute;p\u011b\u010dsk&yacute;ch nehod jako procento z celkov&eacute;ho po\u010dtu. V&scaron;imn\u011bte si, \u017ee neo\u010dek&aacute;van&eacute; onemocn\u011bn&iacute; bylo hlavn&iacute; p\u0159&iacute;\u010dinou nepot&aacute;p\u011b\u010dsk&yacute;ch nehod b\u011bhem \u010dty\u0159let&eacute;ho obdob&iacute;.<\/p>\n<p data-renderer-start-pos=\"8392\" style=\"text-align: justify;\"><img decoding=\"async\" class=\"fr-dib fr-draggable\" src=\"\/wp-content\/uploads\/imgimport\/1100\/figure4-1500.jpg\" style=\"width: auto;\"><\/p>\n<p data-renderer-start-pos=\"8392\" style=\"text-align: justify;\"><em>Obr&aacute;zek 4<\/em><\/p>\n<p data-renderer-start-pos=\"8392\" style=\"text-align: justify;\"><em><img decoding=\"async\" class=\"fr-dib fr-draggable\" src=\"\/wp-content\/uploads\/imgimport\/1100\/table4-1500.jpg\" style=\"width: auto;\"><\/em><\/p>\n<p data-renderer-start-pos=\"8392\" style=\"text-align: justify;\"><em>Tabulka 4<\/em><\/p>\n<p data-renderer-start-pos=\"8801\">&nbsp;<\/p>\n<p data-renderer-start-pos=\"8803\" style=\"text-align: justify;\">A kone\u010dn\u011b obr&aacute;zek 5 ukazuje procentu&aacute;ln&iacute; rozd\u011blen&iacute; ohl&aacute;&scaron;en&yacute;ch nehod podle zem&iacute;. Pravd\u011bpodobn\u011b, jak bylo uvedeno v&yacute;&scaron;e, mo\u017enosti cestovat a lockdowny ovlivnily celkov&eacute; po\u010dty z t&eacute; kter&eacute; zem\u011b. V&scaron;imn\u011bte si nap\u0159&iacute;klad, \u017ee Indon&eacute;sie p\u0159edstavovala asi 12% ohl&aacute;&scaron;en&yacute;ch nehod v letech 2018\/2019, ale v roce 2020 klesla na 9.2% a v roce 2021 na 4.1%, co\u017e pravd\u011bpodobn\u011b ukazuje dopady zp\u016fsoben&eacute; omezen&iacute;m cestov&aacute;n&iacute;. Zbytek sv\u011bta (ROW=Rest of the World), co\u017e jsou zem\u011b, kter&eacute; &nbsp; DAN Europe neuv&aacute;d&iacute; jmenovit\u011b, soustavn\u011b tvo\u0159ily asi 28-33% z celkov&eacute;ho po\u010dtu b\u011bhem \u010dty\u0159let&eacute;ho obdob&iacute;.<\/p>\n<p data-renderer-start-pos=\"8803\" style=\"text-align: justify;\"><img decoding=\"async\" class=\"fr-dib fr-draggable\" src=\"\/wp-content\/uploads\/imgimport\/1100\/figure5-1500.jpg\" style=\"width: auto;\"><\/p>\n<p data-renderer-start-pos=\"9372\"><em>Obr&aacute;zek 5: Zem\u011b podle %<\/em><\/p>\n<h3 data-renderer-start-pos=\"9398\"><\/h3>\n<h3 data-renderer-start-pos=\"9398\">Jedin\u011b DAN<\/h3>\n<p data-renderer-start-pos=\"9410\" style=\"text-align: justify;\">V\u011b\u0159&iacute;me, \u017ee v&yacute;&scaron;e uveden&eacute; informace o nehod&aacute;ch byly pro v&aacute;s u\u017eite\u010dn&eacute;. Na&scaron;t\u011bst&iacute; v&aacute;m DAN Europe jako sv&eacute;mu \u010dlenu kryje z&aacute;da. Je to jedin&aacute; pot&aacute;p\u011b\u010dsk&aacute; organizace, kter&aacute; nab&iacute;z&iacute; pot&aacute;p\u011b\u010d\u016fm nep\u0159etr\u017eitou zdravotn&iacute; horkou linku 24\/7, kter&aacute; v&aacute;s spoj&iacute; s l&eacute;ka\u0159sk&yacute;mi odborn&iacute;ky na pot&aacute;p\u011bn&iacute; mluv&iacute;c&iacute;mi va&scaron;&iacute;m vlastn&iacute;m jazykem a jsou sou\u010d&aacute;st&iacute; rozs&aacute;hl&eacute; mezin&aacute;rodn&iacute; s&iacute;t\u011b v&iacute;ce ne\u017e &nbsp; 180 pot&aacute;p\u011b\u010dsk&yacute;ch l&eacute;ka\u0159sk&yacute;ch specialist\u016f. Vzhledem k tomu, \u017ee DAN Europe poskytuje poji&scaron;t\u011bn&iacute; &nbsp;prost\u0159ednictv&iacute;m sv&yacute;ch vlastn&iacute;ch dce\u0159in&yacute;ch poji&scaron;\u0165ovac&iacute;ch spole\u010dnost&iacute;, je tak&eacute; schopna posoudit a schv&aacute;lit nejlep&scaron;&iacute; mo\u017enou p&eacute;\u010di z l&eacute;ka\u0159sk&eacute;ho hlediska, kter&aacute; bude v souladu se z&aacute;kony a p\u0159edpisy vztahuj&iacute;c&iacute;mi se na pojistn&eacute; ud&aacute;losti. &nbsp;<\/p>\n<p data-renderer-start-pos=\"10094\" style=\"text-align: justify;\">Krom\u011b toho \u010d&aacute;st finan\u010dn&iacute;ch prost\u0159edk\u016f, kter&eacute; DAN Europe shroma\u017e\u010fuje za poji&scaron;t\u011bn&iacute;, jde na financov&aacute;n&iacute; pokroku v pot&aacute;p\u011b\u010dsk&eacute;m l&eacute;ka\u0159sk&eacute;m v&yacute;zkumu, kter&yacute; slou\u017e&iacute; jako d\u016fle\u017eit&yacute; informativn&iacute; ukazatel zji&scaron;t\u011bn&yacute;ch informac&iacute; pro v&scaron;echny glob&aacute;ln&iacute; v\u011bdeck&eacute; a pot&aacute;p\u011b\u010dsk&eacute; komunity. Tyto pen&iacute;ze se tak&eacute; pou\u017e&iacute;vaj&iacute; na rozvoj a propagaci bezpe\u010dnostn&iacute;ch kampan&iacute; zam\u011b\u0159en&yacute;ch na zv&yacute;&scaron;en&iacute; bezpe\u010dnosti p\u0159i pot&aacute;p\u011bn&iacute; a sn&iacute;\u017een&iacute; po\u010dtu pot&aacute;p\u011b\u010dsk&yacute;ch nehod. Pot&aacute;p\u011bjte se bezpe\u010dn\u011b!<\/p>\n<p data-renderer-start-pos=\"10094\" style=\"text-align: justify;\"><\/p>\n<hr>\n<p data-renderer-start-pos=\"10094\" style=\"text-align: justify;\"><\/p>\n<p data-renderer-start-pos=\"10094\" style=\"text-align: justify;\"><span data-renderer-mark=\"true\"><strong style=\"\">P\u0159ekladatel:&nbsp;<\/strong><\/span><a href=\"mailto:klement.hartinger@seznam.cz\" target=\"_blank\" rel=\"noopener\"><span data-renderer-mark=\"true\">Klement Hartinger<\/span><\/a><\/p>\n","protected":false},"excerpt":{"rendered":"<p>DAN Europe uchov&aacute;v&aacute; podrobn&eacute; z&aacute;znamy o mimo\u0159&aacute;dn&yacute;ch ud&aacute;lostech, kter&eacute; \u0159e&scaron;&iacute; prost\u0159ednictv&iacute;m sv&eacute; s&iacute;t\u011b pot&aacute;p\u011b\u010dsk&yacute;ch l&eacute;ka\u0159\u016f a specialist\u016f pomoc&iacute; nep\u0159etr\u017eit&eacute; hork&eacute; linky 24\/7. &nbsp;Usoudili jsme, \u017ee&#8230;<\/p>\n","protected":false},"author":1,"featured_media":11376736,"comment_status":"closed","ping_status":"closed","sticky":false,"template":"","format":"standard","meta":{"_acf_changed":false,"footnotes":""},"categories":[384],"tags":[1877],"authors":[1488],"class_list":["post-11385784","post","type-post","status-publish","format-standard","has-post-thumbnail","hentry","category-clanky","tag-zajimavosti","authors-michael-menduno-cs_cz"],"acf":[],"yoast_head":"<!-- This site is optimized with the Yoast SEO plugin v24.2 - https:\/\/yoast.com\/wordpress\/plugins\/seo\/ -->\n<title>Asistence poskytnut\u00e1 od DAN Europe v nouzov\u00fdch p\u0159\u00edpadech v letech 2018-2021: Statistick\u00e1 studie - Alert Diver<\/title>\n<meta name=\"robots\" content=\"index, follow, max-snippet:-1, max-image-preview:large, max-video-preview:-1\" \/>\n<link rel=\"canonical\" href=\"https:\/\/alertdiver.eu\/cs_CZ\/clanky\/asistence-poskytnuta-od-dan-europe-v-nouzovych-pripadech-v-letech-2018-2021-statisticka-studie\/\" \/>\n<meta property=\"og:locale\" content=\"cs_CZ\" \/>\n<meta property=\"og:type\" content=\"article\" \/>\n<meta property=\"og:title\" content=\"Asistence poskytnut\u00e1 od DAN Europe v nouzov\u00fdch p\u0159\u00edpadech v letech 2018-2021: Statistick\u00e1 studie - Alert Diver\" \/>\n<meta property=\"og:description\" content=\"DAN Europe uchov&aacute;v&aacute; podrobn&eacute; z&aacute;znamy o mimo\u0159&aacute;dn&yacute;ch ud&aacute;lostech, kter&eacute; \u0159e&scaron;&iacute; prost\u0159ednictv&iacute;m sv&eacute; s&iacute;t\u011b pot&aacute;p\u011b\u010dsk&yacute;ch l&eacute;ka\u0159\u016f a specialist\u016f pomoc&iacute; nep\u0159etr\u017eit&eacute; hork&eacute; linky 24\/7. &nbsp;Usoudili jsme, \u017ee...\" \/>\n<meta property=\"og:url\" content=\"https:\/\/alertdiver.eu\/cs_CZ\/clanky\/asistence-poskytnuta-od-dan-europe-v-nouzovych-pripadech-v-letech-2018-2021-statisticka-studie\/\" \/>\n<meta property=\"og:site_name\" content=\"Alert Diver\" \/>\n<meta property=\"article:published_time\" content=\"2022-06-21T22:00:00+00:00\" \/>\n<meta property=\"og:image\" content=\"https:\/\/alertdiver.eu\/wp-content\/uploads\/2023\/06\/emergency-stats-bannerweb-2560x1120-1.jpg\" \/>\n\t<meta property=\"og:image:width\" content=\"2560\" \/>\n\t<meta property=\"og:image:height\" content=\"1120\" \/>\n\t<meta property=\"og:image:type\" content=\"image\/jpeg\" \/>\n<meta name=\"author\" content=\"microfilla\" \/>\n<meta name=\"twitter:card\" content=\"summary_large_image\" \/>\n<meta name=\"twitter:label1\" content=\"Napsal(a)\" \/>\n\t<meta name=\"twitter:data1\" content=\"microfilla\" \/>\n\t<meta name=\"twitter:label2\" content=\"Odhadovan\u00e1 doba \u010dten\u00ed\" \/>\n\t<meta name=\"twitter:data2\" content=\"7 minut\" \/>\n<script type=\"application\/ld+json\" class=\"yoast-schema-graph\">{\"@context\":\"https:\/\/schema.org\",\"@graph\":[{\"@type\":\"Article\",\"@id\":\"https:\/\/alertdiver.eu\/cs_CZ\/clanky\/asistence-poskytnuta-od-dan-europe-v-nouzovych-pripadech-v-letech-2018-2021-statisticka-studie\/#article\",\"isPartOf\":{\"@id\":\"https:\/\/alertdiver.eu\/cs_CZ\/clanky\/asistence-poskytnuta-od-dan-europe-v-nouzovych-pripadech-v-letech-2018-2021-statisticka-studie\/\"},\"author\":{\"name\":\"microfilla\",\"@id\":\"https:\/\/alertdiver.eu\/cs_CZ\/#\/schema\/person\/9ba7cb3f05522d75bf215ab2cf40b01b\"},\"headline\":\"Asistence poskytnut\u00e1 od DAN Europe v nouzov\u00fdch p\u0159\u00edpadech v letech 2018-2021: Statistick\u00e1 studie\",\"datePublished\":\"2022-06-21T22:00:00+00:00\",\"dateModified\":\"2022-06-21T22:00:00+00:00\",\"mainEntityOfPage\":{\"@id\":\"https:\/\/alertdiver.eu\/cs_CZ\/clanky\/asistence-poskytnuta-od-dan-europe-v-nouzovych-pripadech-v-letech-2018-2021-statisticka-studie\/\"},\"wordCount\":1503,\"publisher\":{\"@id\":\"https:\/\/alertdiver.eu\/cs_CZ\/#organization\"},\"image\":{\"@id\":\"https:\/\/alertdiver.eu\/cs_CZ\/clanky\/asistence-poskytnuta-od-dan-europe-v-nouzovych-pripadech-v-letech-2018-2021-statisticka-studie\/#primaryimage\"},\"thumbnailUrl\":\"https:\/\/alertdiver.eu\/wp-content\/uploads\/2023\/06\/emergency-stats-bannerweb-2560x1120-1.jpg\",\"keywords\":[\"Zaj\u00edmavosti\"],\"articleSection\":[\"Clanky\"],\"inLanguage\":\"cs\"},{\"@type\":\"WebPage\",\"@id\":\"https:\/\/alertdiver.eu\/cs_CZ\/clanky\/asistence-poskytnuta-od-dan-europe-v-nouzovych-pripadech-v-letech-2018-2021-statisticka-studie\/\",\"url\":\"https:\/\/alertdiver.eu\/cs_CZ\/clanky\/asistence-poskytnuta-od-dan-europe-v-nouzovych-pripadech-v-letech-2018-2021-statisticka-studie\/\",\"name\":\"Asistence poskytnut\u00e1 od DAN Europe v nouzov\u00fdch p\u0159\u00edpadech v letech 2018-2021: Statistick\u00e1 studie - Alert Diver\",\"isPartOf\":{\"@id\":\"https:\/\/alertdiver.eu\/cs_CZ\/#website\"},\"primaryImageOfPage\":{\"@id\":\"https:\/\/alertdiver.eu\/cs_CZ\/clanky\/asistence-poskytnuta-od-dan-europe-v-nouzovych-pripadech-v-letech-2018-2021-statisticka-studie\/#primaryimage\"},\"image\":{\"@id\":\"https:\/\/alertdiver.eu\/cs_CZ\/clanky\/asistence-poskytnuta-od-dan-europe-v-nouzovych-pripadech-v-letech-2018-2021-statisticka-studie\/#primaryimage\"},\"thumbnailUrl\":\"https:\/\/alertdiver.eu\/wp-content\/uploads\/2023\/06\/emergency-stats-bannerweb-2560x1120-1.jpg\",\"datePublished\":\"2022-06-21T22:00:00+00:00\",\"dateModified\":\"2022-06-21T22:00:00+00:00\",\"breadcrumb\":{\"@id\":\"https:\/\/alertdiver.eu\/cs_CZ\/clanky\/asistence-poskytnuta-od-dan-europe-v-nouzovych-pripadech-v-letech-2018-2021-statisticka-studie\/#breadcrumb\"},\"inLanguage\":\"cs\",\"potentialAction\":[{\"@type\":\"ReadAction\",\"target\":[\"https:\/\/alertdiver.eu\/cs_CZ\/clanky\/asistence-poskytnuta-od-dan-europe-v-nouzovych-pripadech-v-letech-2018-2021-statisticka-studie\/\"]}]},{\"@type\":\"ImageObject\",\"inLanguage\":\"cs\",\"@id\":\"https:\/\/alertdiver.eu\/cs_CZ\/clanky\/asistence-poskytnuta-od-dan-europe-v-nouzovych-pripadech-v-letech-2018-2021-statisticka-studie\/#primaryimage\",\"url\":\"https:\/\/alertdiver.eu\/wp-content\/uploads\/2023\/06\/emergency-stats-bannerweb-2560x1120-1.jpg\",\"contentUrl\":\"https:\/\/alertdiver.eu\/wp-content\/uploads\/2023\/06\/emergency-stats-bannerweb-2560x1120-1.jpg\",\"width\":2560,\"height\":1120},{\"@type\":\"BreadcrumbList\",\"@id\":\"https:\/\/alertdiver.eu\/cs_CZ\/clanky\/asistence-poskytnuta-od-dan-europe-v-nouzovych-pripadech-v-letech-2018-2021-statisticka-studie\/#breadcrumb\",\"itemListElement\":[{\"@type\":\"ListItem\",\"position\":1,\"name\":\"Home\",\"item\":\"https:\/\/alertdiver.eu\/cs_CZ\/\"},{\"@type\":\"ListItem\",\"position\":2,\"name\":\"Asistence poskytnut\u00e1 od DAN Europe v nouzov\u00fdch p\u0159\u00edpadech v letech 2018-2021: Statistick\u00e1 studie\"}]},{\"@type\":\"WebSite\",\"@id\":\"https:\/\/alertdiver.eu\/cs_CZ\/#website\",\"url\":\"https:\/\/alertdiver.eu\/cs_CZ\/\",\"name\":\"Alert Diver Europe\",\"description\":\"Access, discover and share the latest diving safety content from DAN Europe.\",\"publisher\":{\"@id\":\"https:\/\/alertdiver.eu\/cs_CZ\/#organization\"},\"potentialAction\":[{\"@type\":\"SearchAction\",\"target\":{\"@type\":\"EntryPoint\",\"urlTemplate\":\"https:\/\/alertdiver.eu\/cs_CZ\/?s={search_term_string}\"},\"query-input\":{\"@type\":\"PropertyValueSpecification\",\"valueRequired\":true,\"valueName\":\"search_term_string\"}}],\"inLanguage\":\"cs\"},{\"@type\":\"Organization\",\"@id\":\"https:\/\/alertdiver.eu\/cs_CZ\/#organization\",\"name\":\"Alert Diver Europe\",\"url\":\"https:\/\/alertdiver.eu\/cs_CZ\/\",\"logo\":{\"@type\":\"ImageObject\",\"inLanguage\":\"cs\",\"@id\":\"https:\/\/alertdiver.eu\/cs_CZ\/#\/schema\/logo\/image\/\",\"url\":\"https:\/\/alertdiver.eu\/wp-content\/uploads\/2023\/02\/cropped-favicon.png\",\"contentUrl\":\"https:\/\/alertdiver.eu\/wp-content\/uploads\/2023\/02\/cropped-favicon.png\",\"width\":512,\"height\":512,\"caption\":\"Alert Diver Europe\"},\"image\":{\"@id\":\"https:\/\/alertdiver.eu\/cs_CZ\/#\/schema\/logo\/image\/\"}},{\"@type\":\"Person\",\"@id\":\"https:\/\/alertdiver.eu\/cs_CZ\/#\/schema\/person\/9ba7cb3f05522d75bf215ab2cf40b01b\",\"name\":\"microfilla\",\"image\":{\"@type\":\"ImageObject\",\"inLanguage\":\"cs\",\"@id\":\"https:\/\/alertdiver.eu\/cs_CZ\/#\/schema\/person\/image\/\",\"url\":\"https:\/\/secure.gravatar.com\/avatar\/09f39449f14df8c3ad651888221bb907?s=96&d=mm&r=g\",\"contentUrl\":\"https:\/\/secure.gravatar.com\/avatar\/09f39449f14df8c3ad651888221bb907?s=96&d=mm&r=g\",\"caption\":\"microfilla\"},\"sameAs\":[\"https:\/\/microfilla.com\"],\"url\":\"https:\/\/alertdiver.eu\/cs_CZ\/author\/microfilla\/\"}]}<\/script>\n<!-- \/ Yoast SEO plugin. -->","yoast_head_json":{"title":"Asistence poskytnut\u00e1 od DAN Europe v nouzov\u00fdch p\u0159\u00edpadech v letech 2018-2021: Statistick\u00e1 studie - Alert Diver","robots":{"index":"index","follow":"follow","max-snippet":"max-snippet:-1","max-image-preview":"max-image-preview:large","max-video-preview":"max-video-preview:-1"},"canonical":"https:\/\/alertdiver.eu\/cs_CZ\/clanky\/asistence-poskytnuta-od-dan-europe-v-nouzovych-pripadech-v-letech-2018-2021-statisticka-studie\/","og_locale":"cs_CZ","og_type":"article","og_title":"Asistence poskytnut\u00e1 od DAN Europe v nouzov\u00fdch p\u0159\u00edpadech v letech 2018-2021: Statistick\u00e1 studie - Alert Diver","og_description":"DAN Europe uchov&aacute;v&aacute; podrobn&eacute; z&aacute;znamy o mimo\u0159&aacute;dn&yacute;ch ud&aacute;lostech, kter&eacute; \u0159e&scaron;&iacute; prost\u0159ednictv&iacute;m sv&eacute; s&iacute;t\u011b pot&aacute;p\u011b\u010dsk&yacute;ch l&eacute;ka\u0159\u016f a specialist\u016f pomoc&iacute; nep\u0159etr\u017eit&eacute; hork&eacute; linky 24\/7. &nbsp;Usoudili jsme, \u017ee...","og_url":"https:\/\/alertdiver.eu\/cs_CZ\/clanky\/asistence-poskytnuta-od-dan-europe-v-nouzovych-pripadech-v-letech-2018-2021-statisticka-studie\/","og_site_name":"Alert Diver","article_published_time":"2022-06-21T22:00:00+00:00","og_image":[{"width":2560,"height":1120,"url":"https:\/\/alertdiver.eu\/wp-content\/uploads\/2023\/06\/emergency-stats-bannerweb-2560x1120-1.jpg","type":"image\/jpeg"}],"author":"microfilla","twitter_card":"summary_large_image","twitter_misc":{"Napsal(a)":"microfilla","Odhadovan\u00e1 doba \u010dten\u00ed":"7 minut"},"schema":{"@context":"https:\/\/schema.org","@graph":[{"@type":"Article","@id":"https:\/\/alertdiver.eu\/cs_CZ\/clanky\/asistence-poskytnuta-od-dan-europe-v-nouzovych-pripadech-v-letech-2018-2021-statisticka-studie\/#article","isPartOf":{"@id":"https:\/\/alertdiver.eu\/cs_CZ\/clanky\/asistence-poskytnuta-od-dan-europe-v-nouzovych-pripadech-v-letech-2018-2021-statisticka-studie\/"},"author":{"name":"microfilla","@id":"https:\/\/alertdiver.eu\/cs_CZ\/#\/schema\/person\/9ba7cb3f05522d75bf215ab2cf40b01b"},"headline":"Asistence poskytnut\u00e1 od DAN Europe v nouzov\u00fdch p\u0159\u00edpadech v letech 2018-2021: Statistick\u00e1 studie","datePublished":"2022-06-21T22:00:00+00:00","dateModified":"2022-06-21T22:00:00+00:00","mainEntityOfPage":{"@id":"https:\/\/alertdiver.eu\/cs_CZ\/clanky\/asistence-poskytnuta-od-dan-europe-v-nouzovych-pripadech-v-letech-2018-2021-statisticka-studie\/"},"wordCount":1503,"publisher":{"@id":"https:\/\/alertdiver.eu\/cs_CZ\/#organization"},"image":{"@id":"https:\/\/alertdiver.eu\/cs_CZ\/clanky\/asistence-poskytnuta-od-dan-europe-v-nouzovych-pripadech-v-letech-2018-2021-statisticka-studie\/#primaryimage"},"thumbnailUrl":"https:\/\/alertdiver.eu\/wp-content\/uploads\/2023\/06\/emergency-stats-bannerweb-2560x1120-1.jpg","keywords":["Zaj\u00edmavosti"],"articleSection":["Clanky"],"inLanguage":"cs"},{"@type":"WebPage","@id":"https:\/\/alertdiver.eu\/cs_CZ\/clanky\/asistence-poskytnuta-od-dan-europe-v-nouzovych-pripadech-v-letech-2018-2021-statisticka-studie\/","url":"https:\/\/alertdiver.eu\/cs_CZ\/clanky\/asistence-poskytnuta-od-dan-europe-v-nouzovych-pripadech-v-letech-2018-2021-statisticka-studie\/","name":"Asistence poskytnut\u00e1 od DAN Europe v nouzov\u00fdch p\u0159\u00edpadech v letech 2018-2021: Statistick\u00e1 studie - Alert Diver","isPartOf":{"@id":"https:\/\/alertdiver.eu\/cs_CZ\/#website"},"primaryImageOfPage":{"@id":"https:\/\/alertdiver.eu\/cs_CZ\/clanky\/asistence-poskytnuta-od-dan-europe-v-nouzovych-pripadech-v-letech-2018-2021-statisticka-studie\/#primaryimage"},"image":{"@id":"https:\/\/alertdiver.eu\/cs_CZ\/clanky\/asistence-poskytnuta-od-dan-europe-v-nouzovych-pripadech-v-letech-2018-2021-statisticka-studie\/#primaryimage"},"thumbnailUrl":"https:\/\/alertdiver.eu\/wp-content\/uploads\/2023\/06\/emergency-stats-bannerweb-2560x1120-1.jpg","datePublished":"2022-06-21T22:00:00+00:00","dateModified":"2022-06-21T22:00:00+00:00","breadcrumb":{"@id":"https:\/\/alertdiver.eu\/cs_CZ\/clanky\/asistence-poskytnuta-od-dan-europe-v-nouzovych-pripadech-v-letech-2018-2021-statisticka-studie\/#breadcrumb"},"inLanguage":"cs","potentialAction":[{"@type":"ReadAction","target":["https:\/\/alertdiver.eu\/cs_CZ\/clanky\/asistence-poskytnuta-od-dan-europe-v-nouzovych-pripadech-v-letech-2018-2021-statisticka-studie\/"]}]},{"@type":"ImageObject","inLanguage":"cs","@id":"https:\/\/alertdiver.eu\/cs_CZ\/clanky\/asistence-poskytnuta-od-dan-europe-v-nouzovych-pripadech-v-letech-2018-2021-statisticka-studie\/#primaryimage","url":"https:\/\/alertdiver.eu\/wp-content\/uploads\/2023\/06\/emergency-stats-bannerweb-2560x1120-1.jpg","contentUrl":"https:\/\/alertdiver.eu\/wp-content\/uploads\/2023\/06\/emergency-stats-bannerweb-2560x1120-1.jpg","width":2560,"height":1120},{"@type":"BreadcrumbList","@id":"https:\/\/alertdiver.eu\/cs_CZ\/clanky\/asistence-poskytnuta-od-dan-europe-v-nouzovych-pripadech-v-letech-2018-2021-statisticka-studie\/#breadcrumb","itemListElement":[{"@type":"ListItem","position":1,"name":"Home","item":"https:\/\/alertdiver.eu\/cs_CZ\/"},{"@type":"ListItem","position":2,"name":"Asistence poskytnut\u00e1 od DAN Europe v nouzov\u00fdch p\u0159\u00edpadech v letech 2018-2021: Statistick\u00e1 studie"}]},{"@type":"WebSite","@id":"https:\/\/alertdiver.eu\/cs_CZ\/#website","url":"https:\/\/alertdiver.eu\/cs_CZ\/","name":"Alert Diver Europe","description":"Access, discover and share the latest diving safety content from DAN Europe.","publisher":{"@id":"https:\/\/alertdiver.eu\/cs_CZ\/#organization"},"potentialAction":[{"@type":"SearchAction","target":{"@type":"EntryPoint","urlTemplate":"https:\/\/alertdiver.eu\/cs_CZ\/?s={search_term_string}"},"query-input":{"@type":"PropertyValueSpecification","valueRequired":true,"valueName":"search_term_string"}}],"inLanguage":"cs"},{"@type":"Organization","@id":"https:\/\/alertdiver.eu\/cs_CZ\/#organization","name":"Alert Diver Europe","url":"https:\/\/alertdiver.eu\/cs_CZ\/","logo":{"@type":"ImageObject","inLanguage":"cs","@id":"https:\/\/alertdiver.eu\/cs_CZ\/#\/schema\/logo\/image\/","url":"https:\/\/alertdiver.eu\/wp-content\/uploads\/2023\/02\/cropped-favicon.png","contentUrl":"https:\/\/alertdiver.eu\/wp-content\/uploads\/2023\/02\/cropped-favicon.png","width":512,"height":512,"caption":"Alert Diver Europe"},"image":{"@id":"https:\/\/alertdiver.eu\/cs_CZ\/#\/schema\/logo\/image\/"}},{"@type":"Person","@id":"https:\/\/alertdiver.eu\/cs_CZ\/#\/schema\/person\/9ba7cb3f05522d75bf215ab2cf40b01b","name":"microfilla","image":{"@type":"ImageObject","inLanguage":"cs","@id":"https:\/\/alertdiver.eu\/cs_CZ\/#\/schema\/person\/image\/","url":"https:\/\/secure.gravatar.com\/avatar\/09f39449f14df8c3ad651888221bb907?s=96&d=mm&r=g","contentUrl":"https:\/\/secure.gravatar.com\/avatar\/09f39449f14df8c3ad651888221bb907?s=96&d=mm&r=g","caption":"microfilla"},"sameAs":["https:\/\/microfilla.com"],"url":"https:\/\/alertdiver.eu\/cs_CZ\/author\/microfilla\/"}]}},"_links":{"self":[{"href":"https:\/\/alertdiver.eu\/cs_CZ\/wp-json\/wp\/v2\/posts\/11385784","targetHints":{"allow":["GET"]}}],"collection":[{"href":"https:\/\/alertdiver.eu\/cs_CZ\/wp-json\/wp\/v2\/posts"}],"about":[{"href":"https:\/\/alertdiver.eu\/cs_CZ\/wp-json\/wp\/v2\/types\/post"}],"author":[{"embeddable":true,"href":"https:\/\/alertdiver.eu\/cs_CZ\/wp-json\/wp\/v2\/users\/1"}],"replies":[{"embeddable":true,"href":"https:\/\/alertdiver.eu\/cs_CZ\/wp-json\/wp\/v2\/comments?post=11385784"}],"version-history":[{"count":0,"href":"https:\/\/alertdiver.eu\/cs_CZ\/wp-json\/wp\/v2\/posts\/11385784\/revisions"}],"wp:featuredmedia":[{"embeddable":true,"href":"https:\/\/alertdiver.eu\/cs_CZ\/wp-json\/wp\/v2\/media\/11376736"}],"wp:attachment":[{"href":"https:\/\/alertdiver.eu\/cs_CZ\/wp-json\/wp\/v2\/media?parent=11385784"}],"wp:term":[{"taxonomy":"category","embeddable":true,"href":"https:\/\/alertdiver.eu\/cs_CZ\/wp-json\/wp\/v2\/categories?post=11385784"},{"taxonomy":"post_tag","embeddable":true,"href":"https:\/\/alertdiver.eu\/cs_CZ\/wp-json\/wp\/v2\/tags?post=11385784"},{"taxonomy":"authors","embeddable":true,"href":"https:\/\/alertdiver.eu\/cs_CZ\/wp-json\/wp\/v2\/authors?post=11385784"}],"curies":[{"name":"wp","href":"https:\/\/api.w.org\/{rel}","templated":true}]}}