{"id":11386849,"date":"2012-01-15T00:00:00","date_gmt":"2012-01-14T23:00:00","guid":{"rendered":"https:\/\/alertdiver.eu\/unkategorisiert\/auf-formentera-dreht-sich-alles-um-apnoe\/"},"modified":"2012-01-15T00:00:00","modified_gmt":"2012-01-14T23:00:00","slug":"auf-formentera-dreht-sich-alles-um-apnoe","status":"publish","type":"post","link":"https:\/\/alertdiver.eu\/de_DE\/artikel\/auf-formentera-dreht-sich-alles-um-apnoe\/","title":{"rendered":"Auf Formentera dreht sich alles um Apnoe!"},"content":{"rendered":"<p style=\"text-align: justify;\">Ein Apnoe-Workshop mit Umberto Pelizzari: Was f\u00fcr eine hervorragende Gelegenheit f\u00fcr unser DSL (Diving Safety Laboratory), relevante Daten f\u00fcr unsere Forschung \u00fcber das Freitauchen zu sammeln! Und zudem eine Gelegenheit, ein Ph\u00e4nomen weiter zu studieren, das die Wissenschaft schon seit vielen Jahren untersucht: Die sogenannte Taravana.<\/p>\n<p> Vor der wundersch\u00f6nen Kulisse der Balearen konnten unsere Forscher Umberto und seine Mitarbeiter (Instructoren an der Apnea Academy) bei der Arbeit beobachten. Sie konzentrierten sich auf die Suche nach &bdquo;stillen Blasen&ldquo; mittels Echokardiographie und Doppleruntersuchungen nach jeder Taucheinheit.Dr. Danilo Cialoni wandte ein neues, speziell f\u00fcr das Apnoetauchen entwickeltes Protokoll zur Datensammlung an. Die \u00dcberwachung begann bereits an Bord und erfolgte alles paar Minuten, f\u00fcr bis zu 90 Minuten nach dem Tauchgang.<\/p>\n<p style=\"text-align: justify;\">Das Vellmari Tauchzentrum leistete auf Formentera wertvolle logistische Unterst\u00fctzung. Der Augenblick kurz vor einem Freitauchgang zeichnet sich durch einen aufregenden Countdown aus, ein Gef\u00fchl, das sich bis auf die Zuschauer \u00fcbertr\u00e4gt. Dann beginnt der Abstieg. Eine faszinierende, lautlose Reise, bei der man in sich gehen und die tiefsten Bereiche seiner Seele erkunden kann. &bdquo;Unter derart besonderen Bedingungen&ldquo;, so Dr. Cialoni, &bdquo;reagiert unser K\u00f6rper mit einer Reihe von Ver\u00e4nderungen des Herzkreislauf- und Lungensystems. <br \/> Indem diese Ver\u00e4nderungen genau analysiert werden, k\u00f6nnen sie helfen, unser Wissen \u00fcber einige tauchspezifische Erkrankungen zu vertiefen. Unsere Forschung konzentriert sich haupts\u00e4chlich auf die Taravana (eine Art&nbsp;&nbsp; Dekompressionskrankheit, die bei Freitauchern auftritt), deren Ursachen noch nicht ganz klar sind. Zudem sind Daten, die in Extremsituationen gesammelt werden, oft auch hilfreich f\u00fcr das bessere Verst\u00e4ndnis verbreiteter Krankheiten wie Lungen\u00f6deme, Synkopen oder Schlafapnoe.&ldquo;<\/p>\n<p style=\"text-align: justify;\">Indem unsere Daten mit den von den Tauchcomputern heruntergeladenen Tauchprofilen verglichen werden, k\u00f6nnen die Forscher wertvolle Informationen f\u00fcr das Studium von Taravana sammeln. Die Forschung und Datenanalyse wird in den n\u00e4chsten Wochen noch weiterlaufen, wobei unsere Forscher das spanische Speerfischer-Team unter die Lupe nehmen werden. Unsere Arbeit geht also weiter und wir hoffen, zu einem besseren Verst\u00e4ndnis dieses Ph\u00e4nomens beitragen zu k\u00f6nnen. Wir w\u00fcnschen Euch allen sicheres Tauchen:Haltet den Atem an, geht in Euch und entdeckt die fantastische und ruhige Welt in Eurem Inneren&hellip;<\/p>\n","protected":false},"excerpt":{"rendered":"<p>Ein Apnoe-Workshop mit Umberto Pelizzari: Was f\u00fcr eine hervorragende Gelegenheit f\u00fcr unser DSL (Diving Safety Laboratory), relevante Daten f\u00fcr unsere Forschung \u00fcber das Freitauchen zu&#8230;<\/p>\n","protected":false},"author":1,"featured_media":11373327,"comment_status":"closed","ping_status":"closed","sticky":false,"template":"","format":"standard","meta":{"_acf_changed":false,"footnotes":""},"categories":[389],"tags":[],"authors":[1462],"class_list":["post-11386849","post","type-post","status-publish","format-standard","has-post-thumbnail","hentry","category-artikel","authors-massimo-pieri-de_de"],"acf":[],"yoast_head":"<!-- This site is optimized with the Yoast SEO plugin v24.2 - https:\/\/yoast.com\/wordpress\/plugins\/seo\/ -->\n<title>Auf Formentera dreht sich alles um Apnoe! - Alert Diver<\/title>\n<meta name=\"robots\" content=\"index, follow, max-snippet:-1, max-image-preview:large, max-video-preview:-1\" \/>\n<link rel=\"canonical\" href=\"https:\/\/alertdiver.eu\/de_DE\/artikel\/auf-formentera-dreht-sich-alles-um-apnoe\/\" \/>\n<meta property=\"og:locale\" content=\"de_DE\" \/>\n<meta property=\"og:type\" content=\"article\" \/>\n<meta property=\"og:title\" content=\"Auf Formentera dreht sich alles um Apnoe! - Alert Diver\" \/>\n<meta property=\"og:description\" content=\"Ein Apnoe-Workshop mit Umberto Pelizzari: Was f\u00fcr eine hervorragende Gelegenheit f\u00fcr unser DSL (Diving Safety Laboratory), relevante Daten f\u00fcr unsere Forschung \u00fcber das Freitauchen zu...\" \/>\n<meta property=\"og:url\" content=\"https:\/\/alertdiver.eu\/de_DE\/artikel\/auf-formentera-dreht-sich-alles-um-apnoe\/\" \/>\n<meta property=\"og:site_name\" content=\"Alert Diver\" \/>\n<meta property=\"article:published_time\" content=\"2012-01-14T23:00:00+00:00\" \/>\n<meta property=\"og:image\" content=\"https:\/\/alertdiver.eu\/wp-content\/uploads\/2023\/06\/alert-diver-article-15.jpg\" \/>\n\t<meta property=\"og:image:width\" content=\"2000\" \/>\n\t<meta property=\"og:image:height\" content=\"1978\" \/>\n\t<meta property=\"og:image:type\" content=\"image\/jpeg\" \/>\n<meta name=\"author\" content=\"microfilla\" \/>\n<meta name=\"twitter:card\" content=\"summary_large_image\" \/>\n<meta name=\"twitter:label1\" content=\"Verfasst von\" \/>\n\t<meta name=\"twitter:data1\" content=\"microfilla\" \/>\n\t<meta name=\"twitter:label2\" content=\"Gesch\u00e4tzte Lesezeit\" \/>\n\t<meta name=\"twitter:data2\" content=\"2\u00a0Minuten\" \/>\n<script type=\"application\/ld+json\" class=\"yoast-schema-graph\">{\"@context\":\"https:\/\/schema.org\",\"@graph\":[{\"@type\":\"Article\",\"@id\":\"https:\/\/alertdiver.eu\/de_DE\/artikel\/auf-formentera-dreht-sich-alles-um-apnoe\/#article\",\"isPartOf\":{\"@id\":\"https:\/\/alertdiver.eu\/de_DE\/artikel\/auf-formentera-dreht-sich-alles-um-apnoe\/\"},\"author\":{\"name\":\"microfilla\",\"@id\":\"https:\/\/alertdiver.eu\/de_DE\/#\/schema\/person\/9ba7cb3f05522d75bf215ab2cf40b01b\"},\"headline\":\"Auf Formentera dreht sich alles um Apnoe!\",\"datePublished\":\"2012-01-14T23:00:00+00:00\",\"dateModified\":\"2012-01-14T23:00:00+00:00\",\"mainEntityOfPage\":{\"@id\":\"https:\/\/alertdiver.eu\/de_DE\/artikel\/auf-formentera-dreht-sich-alles-um-apnoe\/\"},\"wordCount\":376,\"publisher\":{\"@id\":\"https:\/\/alertdiver.eu\/de_DE\/#organization\"},\"image\":{\"@id\":\"https:\/\/alertdiver.eu\/de_DE\/artikel\/auf-formentera-dreht-sich-alles-um-apnoe\/#primaryimage\"},\"thumbnailUrl\":\"https:\/\/alertdiver.eu\/wp-content\/uploads\/2023\/06\/alert-diver-article-15.jpg\",\"articleSection\":[\"Artikel\"],\"inLanguage\":\"de\"},{\"@type\":\"WebPage\",\"@id\":\"https:\/\/alertdiver.eu\/de_DE\/artikel\/auf-formentera-dreht-sich-alles-um-apnoe\/\",\"url\":\"https:\/\/alertdiver.eu\/de_DE\/artikel\/auf-formentera-dreht-sich-alles-um-apnoe\/\",\"name\":\"Auf Formentera dreht sich alles um Apnoe! - Alert Diver\",\"isPartOf\":{\"@id\":\"https:\/\/alertdiver.eu\/de_DE\/#website\"},\"primaryImageOfPage\":{\"@id\":\"https:\/\/alertdiver.eu\/de_DE\/artikel\/auf-formentera-dreht-sich-alles-um-apnoe\/#primaryimage\"},\"image\":{\"@id\":\"https:\/\/alertdiver.eu\/de_DE\/artikel\/auf-formentera-dreht-sich-alles-um-apnoe\/#primaryimage\"},\"thumbnailUrl\":\"https:\/\/alertdiver.eu\/wp-content\/uploads\/2023\/06\/alert-diver-article-15.jpg\",\"datePublished\":\"2012-01-14T23:00:00+00:00\",\"dateModified\":\"2012-01-14T23:00:00+00:00\",\"breadcrumb\":{\"@id\":\"https:\/\/alertdiver.eu\/de_DE\/artikel\/auf-formentera-dreht-sich-alles-um-apnoe\/#breadcrumb\"},\"inLanguage\":\"de\",\"potentialAction\":[{\"@type\":\"ReadAction\",\"target\":[\"https:\/\/alertdiver.eu\/de_DE\/artikel\/auf-formentera-dreht-sich-alles-um-apnoe\/\"]}]},{\"@type\":\"ImageObject\",\"inLanguage\":\"de\",\"@id\":\"https:\/\/alertdiver.eu\/de_DE\/artikel\/auf-formentera-dreht-sich-alles-um-apnoe\/#primaryimage\",\"url\":\"https:\/\/alertdiver.eu\/wp-content\/uploads\/2023\/06\/alert-diver-article-15.jpg\",\"contentUrl\":\"https:\/\/alertdiver.eu\/wp-content\/uploads\/2023\/06\/alert-diver-article-15.jpg\",\"width\":2000,\"height\":1978},{\"@type\":\"BreadcrumbList\",\"@id\":\"https:\/\/alertdiver.eu\/de_DE\/artikel\/auf-formentera-dreht-sich-alles-um-apnoe\/#breadcrumb\",\"itemListElement\":[{\"@type\":\"ListItem\",\"position\":1,\"name\":\"Home\",\"item\":\"https:\/\/alertdiver.eu\/de_DE\/\"},{\"@type\":\"ListItem\",\"position\":2,\"name\":\"Auf Formentera dreht sich alles um Apnoe!\"}]},{\"@type\":\"WebSite\",\"@id\":\"https:\/\/alertdiver.eu\/de_DE\/#website\",\"url\":\"https:\/\/alertdiver.eu\/de_DE\/\",\"name\":\"Alert Diver Europe\",\"description\":\"Access, discover and share the latest diving safety content from DAN Europe.\",\"publisher\":{\"@id\":\"https:\/\/alertdiver.eu\/de_DE\/#organization\"},\"potentialAction\":[{\"@type\":\"SearchAction\",\"target\":{\"@type\":\"EntryPoint\",\"urlTemplate\":\"https:\/\/alertdiver.eu\/de_DE\/?s={search_term_string}\"},\"query-input\":{\"@type\":\"PropertyValueSpecification\",\"valueRequired\":true,\"valueName\":\"search_term_string\"}}],\"inLanguage\":\"de\"},{\"@type\":\"Organization\",\"@id\":\"https:\/\/alertdiver.eu\/de_DE\/#organization\",\"name\":\"Alert Diver Europe\",\"url\":\"https:\/\/alertdiver.eu\/de_DE\/\",\"logo\":{\"@type\":\"ImageObject\",\"inLanguage\":\"de\",\"@id\":\"https:\/\/alertdiver.eu\/de_DE\/#\/schema\/logo\/image\/\",\"url\":\"https:\/\/alertdiver.eu\/wp-content\/uploads\/2023\/02\/cropped-favicon.png\",\"contentUrl\":\"https:\/\/alertdiver.eu\/wp-content\/uploads\/2023\/02\/cropped-favicon.png\",\"width\":512,\"height\":512,\"caption\":\"Alert Diver Europe\"},\"image\":{\"@id\":\"https:\/\/alertdiver.eu\/de_DE\/#\/schema\/logo\/image\/\"}},{\"@type\":\"Person\",\"@id\":\"https:\/\/alertdiver.eu\/de_DE\/#\/schema\/person\/9ba7cb3f05522d75bf215ab2cf40b01b\",\"name\":\"microfilla\",\"image\":{\"@type\":\"ImageObject\",\"inLanguage\":\"de\",\"@id\":\"https:\/\/alertdiver.eu\/de_DE\/#\/schema\/person\/image\/\",\"url\":\"https:\/\/secure.gravatar.com\/avatar\/09f39449f14df8c3ad651888221bb907?s=96&d=mm&r=g\",\"contentUrl\":\"https:\/\/secure.gravatar.com\/avatar\/09f39449f14df8c3ad651888221bb907?s=96&d=mm&r=g\",\"caption\":\"microfilla\"},\"sameAs\":[\"https:\/\/microfilla.com\"],\"url\":\"https:\/\/alertdiver.eu\/de_DE\/author\/microfilla\/\"}]}<\/script>\n<!-- \/ Yoast SEO plugin. -->","yoast_head_json":{"title":"Auf Formentera dreht sich alles um Apnoe! - Alert Diver","robots":{"index":"index","follow":"follow","max-snippet":"max-snippet:-1","max-image-preview":"max-image-preview:large","max-video-preview":"max-video-preview:-1"},"canonical":"https:\/\/alertdiver.eu\/de_DE\/artikel\/auf-formentera-dreht-sich-alles-um-apnoe\/","og_locale":"de_DE","og_type":"article","og_title":"Auf Formentera dreht sich alles um Apnoe! - Alert Diver","og_description":"Ein Apnoe-Workshop mit Umberto Pelizzari: Was f\u00fcr eine hervorragende Gelegenheit f\u00fcr unser DSL (Diving Safety Laboratory), relevante Daten f\u00fcr unsere Forschung \u00fcber das Freitauchen zu...","og_url":"https:\/\/alertdiver.eu\/de_DE\/artikel\/auf-formentera-dreht-sich-alles-um-apnoe\/","og_site_name":"Alert Diver","article_published_time":"2012-01-14T23:00:00+00:00","og_image":[{"width":2000,"height":1978,"url":"https:\/\/alertdiver.eu\/wp-content\/uploads\/2023\/06\/alert-diver-article-15.jpg","type":"image\/jpeg"}],"author":"microfilla","twitter_card":"summary_large_image","twitter_misc":{"Verfasst von":"microfilla","Gesch\u00e4tzte Lesezeit":"2\u00a0Minuten"},"schema":{"@context":"https:\/\/schema.org","@graph":[{"@type":"Article","@id":"https:\/\/alertdiver.eu\/de_DE\/artikel\/auf-formentera-dreht-sich-alles-um-apnoe\/#article","isPartOf":{"@id":"https:\/\/alertdiver.eu\/de_DE\/artikel\/auf-formentera-dreht-sich-alles-um-apnoe\/"},"author":{"name":"microfilla","@id":"https:\/\/alertdiver.eu\/de_DE\/#\/schema\/person\/9ba7cb3f05522d75bf215ab2cf40b01b"},"headline":"Auf Formentera dreht sich alles um Apnoe!","datePublished":"2012-01-14T23:00:00+00:00","dateModified":"2012-01-14T23:00:00+00:00","mainEntityOfPage":{"@id":"https:\/\/alertdiver.eu\/de_DE\/artikel\/auf-formentera-dreht-sich-alles-um-apnoe\/"},"wordCount":376,"publisher":{"@id":"https:\/\/alertdiver.eu\/de_DE\/#organization"},"image":{"@id":"https:\/\/alertdiver.eu\/de_DE\/artikel\/auf-formentera-dreht-sich-alles-um-apnoe\/#primaryimage"},"thumbnailUrl":"https:\/\/alertdiver.eu\/wp-content\/uploads\/2023\/06\/alert-diver-article-15.jpg","articleSection":["Artikel"],"inLanguage":"de"},{"@type":"WebPage","@id":"https:\/\/alertdiver.eu\/de_DE\/artikel\/auf-formentera-dreht-sich-alles-um-apnoe\/","url":"https:\/\/alertdiver.eu\/de_DE\/artikel\/auf-formentera-dreht-sich-alles-um-apnoe\/","name":"Auf Formentera dreht sich alles um Apnoe! - Alert Diver","isPartOf":{"@id":"https:\/\/alertdiver.eu\/de_DE\/#website"},"primaryImageOfPage":{"@id":"https:\/\/alertdiver.eu\/de_DE\/artikel\/auf-formentera-dreht-sich-alles-um-apnoe\/#primaryimage"},"image":{"@id":"https:\/\/alertdiver.eu\/de_DE\/artikel\/auf-formentera-dreht-sich-alles-um-apnoe\/#primaryimage"},"thumbnailUrl":"https:\/\/alertdiver.eu\/wp-content\/uploads\/2023\/06\/alert-diver-article-15.jpg","datePublished":"2012-01-14T23:00:00+00:00","dateModified":"2012-01-14T23:00:00+00:00","breadcrumb":{"@id":"https:\/\/alertdiver.eu\/de_DE\/artikel\/auf-formentera-dreht-sich-alles-um-apnoe\/#breadcrumb"},"inLanguage":"de","potentialAction":[{"@type":"ReadAction","target":["https:\/\/alertdiver.eu\/de_DE\/artikel\/auf-formentera-dreht-sich-alles-um-apnoe\/"]}]},{"@type":"ImageObject","inLanguage":"de","@id":"https:\/\/alertdiver.eu\/de_DE\/artikel\/auf-formentera-dreht-sich-alles-um-apnoe\/#primaryimage","url":"https:\/\/alertdiver.eu\/wp-content\/uploads\/2023\/06\/alert-diver-article-15.jpg","contentUrl":"https:\/\/alertdiver.eu\/wp-content\/uploads\/2023\/06\/alert-diver-article-15.jpg","width":2000,"height":1978},{"@type":"BreadcrumbList","@id":"https:\/\/alertdiver.eu\/de_DE\/artikel\/auf-formentera-dreht-sich-alles-um-apnoe\/#breadcrumb","itemListElement":[{"@type":"ListItem","position":1,"name":"Home","item":"https:\/\/alertdiver.eu\/de_DE\/"},{"@type":"ListItem","position":2,"name":"Auf Formentera dreht sich alles um Apnoe!"}]},{"@type":"WebSite","@id":"https:\/\/alertdiver.eu\/de_DE\/#website","url":"https:\/\/alertdiver.eu\/de_DE\/","name":"Alert Diver Europe","description":"Access, discover and share the latest diving safety content from DAN Europe.","publisher":{"@id":"https:\/\/alertdiver.eu\/de_DE\/#organization"},"potentialAction":[{"@type":"SearchAction","target":{"@type":"EntryPoint","urlTemplate":"https:\/\/alertdiver.eu\/de_DE\/?s={search_term_string}"},"query-input":{"@type":"PropertyValueSpecification","valueRequired":true,"valueName":"search_term_string"}}],"inLanguage":"de"},{"@type":"Organization","@id":"https:\/\/alertdiver.eu\/de_DE\/#organization","name":"Alert Diver Europe","url":"https:\/\/alertdiver.eu\/de_DE\/","logo":{"@type":"ImageObject","inLanguage":"de","@id":"https:\/\/alertdiver.eu\/de_DE\/#\/schema\/logo\/image\/","url":"https:\/\/alertdiver.eu\/wp-content\/uploads\/2023\/02\/cropped-favicon.png","contentUrl":"https:\/\/alertdiver.eu\/wp-content\/uploads\/2023\/02\/cropped-favicon.png","width":512,"height":512,"caption":"Alert Diver Europe"},"image":{"@id":"https:\/\/alertdiver.eu\/de_DE\/#\/schema\/logo\/image\/"}},{"@type":"Person","@id":"https:\/\/alertdiver.eu\/de_DE\/#\/schema\/person\/9ba7cb3f05522d75bf215ab2cf40b01b","name":"microfilla","image":{"@type":"ImageObject","inLanguage":"de","@id":"https:\/\/alertdiver.eu\/de_DE\/#\/schema\/person\/image\/","url":"https:\/\/secure.gravatar.com\/avatar\/09f39449f14df8c3ad651888221bb907?s=96&d=mm&r=g","contentUrl":"https:\/\/secure.gravatar.com\/avatar\/09f39449f14df8c3ad651888221bb907?s=96&d=mm&r=g","caption":"microfilla"},"sameAs":["https:\/\/microfilla.com"],"url":"https:\/\/alertdiver.eu\/de_DE\/author\/microfilla\/"}]}},"_links":{"self":[{"href":"https:\/\/alertdiver.eu\/de_DE\/wp-json\/wp\/v2\/posts\/11386849","targetHints":{"allow":["GET"]}}],"collection":[{"href":"https:\/\/alertdiver.eu\/de_DE\/wp-json\/wp\/v2\/posts"}],"about":[{"href":"https:\/\/alertdiver.eu\/de_DE\/wp-json\/wp\/v2\/types\/post"}],"author":[{"embeddable":true,"href":"https:\/\/alertdiver.eu\/de_DE\/wp-json\/wp\/v2\/users\/1"}],"replies":[{"embeddable":true,"href":"https:\/\/alertdiver.eu\/de_DE\/wp-json\/wp\/v2\/comments?post=11386849"}],"version-history":[{"count":0,"href":"https:\/\/alertdiver.eu\/de_DE\/wp-json\/wp\/v2\/posts\/11386849\/revisions"}],"wp:featuredmedia":[{"embeddable":true,"href":"https:\/\/alertdiver.eu\/de_DE\/wp-json\/wp\/v2\/media\/11373327"}],"wp:attachment":[{"href":"https:\/\/alertdiver.eu\/de_DE\/wp-json\/wp\/v2\/media?parent=11386849"}],"wp:term":[{"taxonomy":"category","embeddable":true,"href":"https:\/\/alertdiver.eu\/de_DE\/wp-json\/wp\/v2\/categories?post=11386849"},{"taxonomy":"post_tag","embeddable":true,"href":"https:\/\/alertdiver.eu\/de_DE\/wp-json\/wp\/v2\/tags?post=11386849"},{"taxonomy":"authors","embeddable":true,"href":"https:\/\/alertdiver.eu\/de_DE\/wp-json\/wp\/v2\/authors?post=11386849"}],"curies":[{"name":"wp","href":"https:\/\/api.w.org\/{rel}","templated":true}]}}