{"id":11387120,"date":"2017-06-13T00:00:00","date_gmt":"2017-06-12T22:00:00","guid":{"rendered":"https:\/\/alertdiver.eu\/unkategorisiert\/unterwasserkunst-interview-mit-jason-decaires-taylor\/"},"modified":"2023-12-12T11:56:14","modified_gmt":"2023-12-12T10:56:14","slug":"unterwasserkunst-interview-mit-jason-decaires-taylor","status":"publish","type":"post","link":"https:\/\/alertdiver.eu\/de_DE\/artikel\/unterwasserkunst-interview-mit-jason-decaires-taylor\/","title":{"rendered":"Unterwasserkunst: Interview mit Jason deCaires Taylor"},"content":{"rendered":"<p style=\"text-align: justify;\">Jason deCaires Taylor ist Bildhauer, Umweltsch\u00fctzer und Profi-Unterwasserfotograf. Eines seiner neusten und bekanntesten Projekte ist das <a href=\"http:\/\/www.cactlanzarote.com\/en\/cact\/the-underwater-museum-lanzarote-museo-atlantico\/\" target=\"_blank\" rel=\"noopener\">Museo Atl\u00e1ntico<\/a>, eine Sammlung von \u00fcber 300 Skulpturen im Meer vor Lanzarote (Spanien) \u00a0\u2013 die erste ihrer Art in Europa. Taylors Werke sind momentan auch und noch bis zum 26. November auf der <a href=\"http:\/\/www.labiennale.org\/it\/arte\/submission\/\" target=\"_blank\" rel=\"noopener\">Biennale Arte 2017<\/a> in Venedig (Italien) ausgestellt. Im Rahmen von\u00a0<a href=\"http:\/\/wwdi.daneurope.org\/\" target=\"_blank\" rel=\"noopener\"><strong>\u00a0#WhyWeDoIt<\/strong><\/a>, der neuesten Kampagne von DAN Europe, befasst sich der Alert Diver einmal genauer mit Taylors magischer Unterwasserwelt.<\/p>\n<p style=\"text-align: justify;\"><span class=\"fr-video fr-dvb fr-draggable\" contenteditable=\"false\" draggable=\"true\"><iframe loading=\"lazy\" src=\"https:\/\/www.youtube.com\/embed\/52m5L1UxRAw\" width=\"100%\" height=\"360\" frameborder=\"0\" allowfullscreen=\"allowfullscreen\"><\/iframe><\/span><\/p>\n<h3>Wie wurden Sie Unterwasser-Bildhauer?<\/h3>\n<p style=\"text-align: justify;\">Meine Ausbildung zum Bildhauer habe ich vor rund 20 Jahren in London begonnen. Damals war ich schon Taucher. Nachdem ich die Kunsthochschule verlie\u00df, hatte ich verschiedene Jobs, unter anderem arbeitete ich auch als Tauchlehrer. Im Laufe der Jahre begann ich dar\u00fcber nachzudenken, dass das Meer ein toller kreativer Raum f\u00fcr Kunst sein k\u00f6nnte und \u00fcberlegte, wie man Kunst unter Wasser so platzieren k\u00f6nnte, um k\u00fcnstliche Riffe zu erzeugen.<\/p>\n<p style=\"text-align: justify;\">Vor diesem Hintergrund habe ich mich vor ungef\u00e4hr einem Jahrzehnt dazu entschlossen, in der Karibik einen Unterwasser-Skulpturenpark anzulegen. Ich begann in einem kleinen Gebiet, das von einem Hurrikan zerst\u00f6rt worden war. Mit dem Aufbau des Parks wollte ich die Gegend neu beleben und die Aufmerksamkeit der Menschen auf empfindliche nat\u00fcrliche Regionen lenken. Seitdem habe ich etwa 800 Unterwasser-Skulpturen geschaffen.<\/p>\n<p style=\"text-align: justify;\"><img decoding=\"async\" class=\"fr-dib fr-draggable aligncenter\" style=\"width: auto;\" src=\"\/wp-content\/uploads\/imgimport\/918\/dsc6215-1500x.jpg\" \/><\/p>\n<h3>Warum f\u00fchlen Sie sich so zum Meer hingezogen und welche Bedeutung hat es f\u00fcr Sie?<\/h3>\n<p style=\"text-align: justify;\">Als Kind lebte ich ganz in der N\u00e4he von Korallenriffen. Meine Eltern charterten am Wochenende oft ein Boot und wir erkundeten die unber\u00fchrten Inseln Thailands und Malaysias. Ich hatte gro\u00dfes Gl\u00fcck, dass ich im zarten Alter von sieben oder acht Jahren schon solche tollen Erfahrungen machen durfte. Sie hinterlie\u00dfen einen dauerhaften Eindruck bei mir und f\u00fchrten dazu, dass ich die Grenzen der Kunst und der weiten See erkunden wollte.<\/p>\n<p style=\"text-align: justify;\">Das Meer ist ein unglaublicher Raum, in dem ich die Welt au\u00dfen vor lassen kann. Eine Welt der Stille, in der ich mit meinen Gedanken vollst\u00e4ndig alleine bin. Es ist, als w\u00fcrde man die Grenze zu einer anderen Welt \u00fcbertreten, die von der eigenen v\u00f6llig getrennt ist. Ein wirklich besonderer Ort.<\/p>\n<p style=\"text-align: justify;\"><img decoding=\"async\" class=\"fr-dib fr-draggable aligncenter\" style=\"width: auto;\" src=\"\/wp-content\/uploads\/imgimport\/918\/dan-jc-ka17-112-1500x.jpg\" \/><\/p>\n<h3>Welches kreative Ziel verfolgen Sie als K\u00fcnstler?<\/h3>\n<p style=\"text-align: justify;\">Bei meinen Projekten geht es nicht nur um Kunst, sondern auch um den Schutz der Meere. Meine Werke haben also verschiedene Ziele. In der Praxis bilden sie k\u00fcnstliche Riffe, bieten Korallen und verschiedenen Kreaturen eine alternative Oberfl\u00e4che, auf der sie leben k\u00f6nnen und Behausungen, in die sie sich zur\u00fcckziehen k\u00f6nnen.<\/p>\n<p style=\"text-align: justify;\">Im weiteren Sinne sollen sie die Menschen weg von den sensiblen Lebensr\u00e4umen im Meer und tiefer ins Meer holen. Dort liegt eine versteckte, oft vergessene Welt. Durch meine Arbeit m\u00f6chte ich auf die vielen Dinge hinweisen, die Auswirkungen auf unsere Meere haben und gleichzeitig m\u00f6chte ich zeigen, wie verletzlich und voller Wunder sie sind.<\/p>\n<p><img decoding=\"async\" class=\"fr-dib fr-draggable aligncenter\" style=\"width: auto;\" src=\"\/wp-content\/uploads\/imgimport\/918\/dan-jc-ka17-106-1500x.jpg\" \/><\/p>\n<h4 style=\"text-align: center;\">\n<em>&#8222;Das Meer ist ein unglaublicher Raum, in dem ich die Welt au\u00dfen vor lassen kann. Eine Welt der Stille, in der ich mit meinen Gedanken vollst\u00e4ndig alleine bin.&#8220;<\/em><\/h4>\n<p>&nbsp;<\/p>\n<p><em><img decoding=\"async\" class=\"fr-dib fr-draggable aligncenter\" style=\"width: auto;\" src=\"\/wp-content\/uploads\/imgimport\/918\/dan-jc-ka17-097-1500x.jpg\" \/><\/em><\/p>\n<h3>Warum finden Sie es so wichtig, durch Ihre Arbeit darauf aufmerksam zu machen, wie sehr die Meere von der Menschheit vernachl\u00e4ssigt werden?<\/h3>\n<p style=\"text-align: justify;\">Ich tauche jetzt schon seit \u00fcber 20 Jahren. Ich habe Gegenden gesehen, die einst unber\u00fchrt waren, unglaublich farbenreiche Korallenriffe voll unterschiedlichster Lebensformen. Wenn ich jetzt zu einigen dieser Orte zur\u00fcckkehre, dann finde ich sie v\u00f6llig zerst\u00f6rt vor. Jede wissenschaftliche Prognose \u00fcber die Zukunft der Meere ist heutzutage extrem negativ. Dar\u00fcber bin ich sehr besorgt. Ich m\u00f6chte, dass meine Kinder das erleben k\u00f6nnen, was ich in ihrem Alter erleben durfte.<\/p>\n<p><img decoding=\"async\" class=\"fr-dib fr-draggable aligncenter\" style=\"width: auto;\" src=\"\/wp-content\/uploads\/imgimport\/918\/dsc6059-1500x.jpg\" \/><\/p>\n<h3>Hilft Kunst dabei, ein gr\u00f6\u00dferes Bewusstsein und mehr Respekt f\u00fcr die Meere zu schaffen?<\/h3>\n<p style=\"text-align: justify;\">Ich denke, Kunst ist ein \u00e4u\u00dferst wichtiges Mittel. Wissenschaftler k\u00f6nnen Fakten und Informationen vermitteln, aber wie wir alle wissen, sind Menschen sehr impulsive und emotionale Wesen. Ich bin der Ansicht, Kunst kann Menschen wirklich miteinander verbinden. Ich hoffe, dass die Menschen durch diese Art der Verbindung dazu motiviert werden, einen Beitrag zum Schutz der Meere zu leisten.<\/p>\n<h3>Erz\u00e4hlen Sie uns bitte etwas \u00fcber Ihr Projekt auf Lanzarote und was Sie an diesen Ort gebracht hat?<\/h3>\n<p style=\"text-align: justify;\">Das Museo Atl\u00e1ntico liegt etwa 400 Meter vor der K\u00fcste von Las Coloradas in 12-14 Metern Tiefe. Es besteht aus 12 unterschiedlichen Installationen mit rund 300 Werken, die innerhalb der verschiedenen Zonen des Museums verteilt sind. Besucher tauchen mit einem ausgebildeten F\u00fchrer ins Museum hinab und werden bei einer Tour durch alle Ausstellungen geleitet. Danach werden sie zum Ausstiegspunkt und wieder sicher auf ihr Boot zur\u00fcckgebracht.<\/p>\n<p style=\"text-align: justify;\">Ich hatte schon einige Projekte in tropischen Gew\u00e4ssern umgesetzt, vor allem in der Karibik, und war sehr daran interessiert in einer neuen Umgebung zu arbeiten. Die Insel ist etwas Besonderes, denn Kunst mit Bezug zur Umwelt hat hier schon lange Tradition und an Land gibt es viele Installationen, die eng mit der Umwelt verbunden sind. Lanzarote war also der ideale Ort f\u00fcr dieses Projekt.<\/p>\n<p style=\"text-align: justify;\"><img decoding=\"async\" class=\"fr-dib fr-draggable aligncenter\" style=\"width: auto;\" src=\"\/wp-content\/uploads\/imgimport\/918\/dan-jc-ka17-145-1500x.jpg\" \/><\/p>\n<h3>Wie f\u00fchlten Sie sich, als das Projekt abgeschlossen war und die ersten Besucher ins Museum kamen?<\/h3>\n<p style=\"text-align: justify;\">Das war eine Riesenaufgabe. Genehmigungen, Untersuchungen, Fundraising, Politik&#8230; Bei der Planung und Umsetzung des Projekts gab es so viele verschiedene, wichtige Dinge zu ber\u00fccksichtigen. Ganz zu schweigen vom tats\u00e4chlichen Aufbau des Museums. Das war eine noch gr\u00f6\u00dfere Phase.<\/p>\n<p style=\"text-align: justify;\">Jetzt wo es fertig ist, bin ich extrem erleichtert. Ich freue mich zu sehen, dass immer mehr Taucher das Museum besuchen und es zu sch\u00e4tzen wissen. Was mir aber am besten gefallen hat, war zu sehen, dass der Ort von den Tieren der Region kolonisiert wurde und er sich so ganz nat\u00fcrlich in die Meeresumwelt einf\u00fcgt.<\/p>\n<p><img decoding=\"async\" class=\"fr-dib fr-draggable aligncenter\" style=\"width: auto;\" src=\"\/wp-content\/uploads\/imgimport\/918\/dan-jc-ka17-123-1500x.jpg\" \/><\/p>\n<p><img decoding=\"async\" class=\"fr-dib fr-draggable aligncenter\" style=\"width: auto;\" src=\"\/wp-content\/uploads\/imgimport\/918\/dan-jc-ka17-119-1500x.jpg\" \/><\/p>\n<h3>Sie haben noch viele andere Projekte im Kopf. Was treibt Sie so an, dass Sie immer wieder etwas Neues schaffen wollen?<\/h3>\n<p style=\"text-align: justify;\">Ich bin immer auf der Suche nach neuen Umgebungen, neuen Konzepten und anderen M\u00f6glichkeiten, die Bedrohungen zu diskutieren, denen unsere Meere ausgesetzt sind. Das und mein Bestreben, immer die n\u00e4chste Herausforderung zu \u00fcberwinden, die sich mir stellt, sind meist die Dinge, die mich haupts\u00e4chlich antreiben.<\/p>\n<p style=\"text-align: justify;\"><img decoding=\"async\" class=\"fr-dib fr-draggable aligncenter\" style=\"width: auto;\" src=\"\/wp-content\/uploads\/imgimport\/918\/dan-jc-ka17-117-1500x.jpg\" \/><\/p>\n<h3>Was sollen die Menschen von dem lernen, was Sie erschaffen?<\/h3>\n<p style=\"text-align: justify;\">Wir neigen dazu zu vergessen, dass wir selbst auch ein nat\u00fcrlicher Teil der Umwelt sind. Und es hat eine besondere Bedeutung, \u00fcber und \u00fcber mit Meereslebewesen bedeckt zu sein und wieder vom Planeten absorbiert zu werden. Ich hoffe also, dass die Menschen mitnehmen, dass wir von der Umwelt abh\u00e4ngen und die Umwelt von uns. Leider ist diese Beziehung selten ausgeglichen.<\/p>\n<p style=\"text-align: justify;\">Alles dreht sich darum, dass wir unser Leben mit anderen Augen betrachten. Wenn moderne Konzepte in diese Art dynamische Unterwasserwelt integriert werden, glaube ich, gelingt es uns, unser eigenes Leben aus einer anderen Perspektive und in einem anderen Zusammenhang zu sehen.<\/p>\n<div style=\"max-width: 640;\">\n<div style=\"position: relative; height: 0px; padding-bottom: 56.25%;\"><iframe loading=\"lazy\" style=\"position: absolute; left: 0; top: 0; width: 100%; height: 100%;\" src=\"https:\/\/embed.ted.com\/talks\/jason_decaires_taylor_an_underwater_art_museum_teeming_with_life\" width=\"640\" height=\"360\" frameborder=\"0\" scrolling=\"no\" allowfullscreen=\"allowfullscreen\"><\/iframe><\/div>\n<\/div>\n<h3>In Ihrem TED-Talk sagten Sie, dass wir alle das Meer wie ein Museum behandeln und es entsprechend sch\u00fctzen sollten. Warum sind Sie dieser Ansicht?<\/h3>\n<p style=\"text-align: justify;\">Wir haben diese Projekte Museen genannt, denn Museen haben einen sehr bestimmten Wert und ich wollte unseren Meeren denselben Wert geben. Wenn wir Objekte in ein Museum stellen, dann sind sie f\u00fcr uns wertvoll, sie sind es wert bewahrt zu werden und wir sch\u00e4tzen sie. Ich m\u00f6chte, dass die Menschen dasselbe Verh\u00e4ltnis zum Meer haben. Das Meer ist eine unglaublich vielf\u00e4ltige und wundersch\u00f6ne Unterwasserregion. Das wird oft vergessen. Dadurch, dass ich ihm denselben Wert wie einem Museum gebe, hoffe ich, wird sich die Beziehung der Menschen zum Meer ver\u00e4ndern. Ich m\u00f6chte diese Beziehung weiter ver\u00e4ndern, sodass das Meer nichts mehr ist, vor dem die Menschen Angst haben, sondern etwas, von dem sie verstehen, dass sie es respektieren und wertsch\u00e4tzen sollten.<\/p>\n<p style=\"text-align: justify;\"><img decoding=\"async\" class=\"fr-dib fr-draggable aligncenter\" style=\"width: auto;\" src=\"\/wp-content\/uploads\/imgimport\/918\/dan-jc-ka17-142-1500x.jpg\" \/><\/p>\n<h3>Wie wichtig ist Ihnen das Thema Sicherheit bei Ihren Entdeckungen in der Unterwasserwelt?<\/h3>\n<p style=\"text-align: justify;\">Sicherheit ist bei all meinen Projekten \u00e4u\u00dferst wichtig. Ich habe das gro\u00dfe Gl\u00fcck, dass ich mir oft aussuchen kann, wo ich meine Werke installieren will. So kann ich Orte aussuchen, die sehr sicher, leicht zug\u00e4nglich und in einer annehmbaren Tiefe sind. Das erlaubt es mir mehr Anf\u00e4nger dazu zu ermutigen, die Unterwasserwelt zu erkunden, und zwar in einer sehr kontrollierten Umgebung.<\/p>\n<p style=\"text-align: justify;\">Bei vielen meiner Museumsprojekte gibt es Meeresparkw\u00e4chter, die den Tauchplatz \u00fcberwachen, wir haben Bojen f\u00fcr den Abstieg und den Aufstieg und wir bilden au\u00dferdem Taucher aus, die F\u00fchrungen durch die Museen leiten. Die Taucher sind also immer sicher.<\/p>\n<p style=\"text-align: justify;\"><img decoding=\"async\" class=\"fr-dib fr-draggable aligncenter\" style=\"width: auto;\" src=\"\/wp-content\/uploads\/imgimport\/918\/dsc6083-1500x.jpg\" \/><\/p>\n<h3>Wie werden Sie von DAN als K\u00fcnstler und Taucher unterst\u00fctzt?<\/h3>\n<p style=\"text-align: justify;\">Die Arbeit im Meer hat ihre Gefahren, vor allem bei meiner ungew\u00f6hnlichen und herausfordernden Arbeit als Unterwasser-Bildhauer. Durch DAN abgesichert zu sein und zu wissen, dass mir in einem Notfall geholfen wird, ist unbezahlbar.<\/p>\n","protected":false},"excerpt":{"rendered":"<p>Jason deCaires Taylor ist Bildhauer, Umweltsch\u00fctzer und Profi-Unterwasserfotograf. Eines seiner neusten und bekanntesten Projekte ist das Museo Atl\u00e1ntico, eine Sammlung von \u00fcber 300 Skulpturen im&#8230;<\/p>\n","protected":false},"author":1,"featured_media":11375993,"comment_status":"closed","ping_status":"closed","sticky":false,"template":"","format":"standard","meta":{"_acf_changed":false,"footnotes":""},"categories":[389],"tags":[1891],"authors":[569],"class_list":["post-11387120","post","type-post","status-publish","format-standard","has-post-thumbnail","hentry","category-artikel","tag-dan-botschafter","authors-dan-staff"],"acf":[],"yoast_head":"<!-- This site is optimized with the Yoast SEO plugin v24.2 - https:\/\/yoast.com\/wordpress\/plugins\/seo\/ -->\n<title>Unterwasserkunst: Interview mit Jason deCaires Taylor - Alert Diver<\/title>\n<meta name=\"robots\" content=\"index, follow, max-snippet:-1, max-image-preview:large, max-video-preview:-1\" \/>\n<link rel=\"canonical\" href=\"https:\/\/alertdiver.eu\/de_DE\/artikel\/unterwasserkunst-interview-mit-jason-decaires-taylor\/\" \/>\n<meta property=\"og:locale\" content=\"de_DE\" \/>\n<meta property=\"og:type\" content=\"article\" \/>\n<meta property=\"og:title\" content=\"Unterwasserkunst: Interview mit Jason deCaires Taylor - Alert Diver\" \/>\n<meta property=\"og:description\" content=\"Jason deCaires Taylor ist Bildhauer, Umweltsch\u00fctzer und Profi-Unterwasserfotograf. Eines seiner neusten und bekanntesten Projekte ist das Museo Atl\u00e1ntico, eine Sammlung von \u00fcber 300 Skulpturen im...\" \/>\n<meta property=\"og:url\" content=\"https:\/\/alertdiver.eu\/de_DE\/artikel\/unterwasserkunst-interview-mit-jason-decaires-taylor\/\" \/>\n<meta property=\"og:site_name\" content=\"Alert Diver\" \/>\n<meta property=\"article:published_time\" content=\"2017-06-12T22:00:00+00:00\" \/>\n<meta property=\"article:modified_time\" content=\"2023-12-12T10:56:14+00:00\" \/>\n<meta property=\"og:image\" content=\"https:\/\/alertdiver.eu\/wp-content\/uploads\/2023\/06\/jason-decaires-taylor-bannerweb-250x1120-spec.jpg\" \/>\n\t<meta property=\"og:image:width\" content=\"2560\" \/>\n\t<meta property=\"og:image:height\" content=\"1120\" \/>\n\t<meta property=\"og:image:type\" content=\"image\/jpeg\" \/>\n<meta name=\"author\" content=\"microfilla\" \/>\n<meta name=\"twitter:card\" content=\"summary_large_image\" \/>\n<meta name=\"twitter:label1\" content=\"Verfasst von\" \/>\n\t<meta name=\"twitter:data1\" content=\"microfilla\" \/>\n\t<meta name=\"twitter:label2\" content=\"Gesch\u00e4tzte Lesezeit\" \/>\n\t<meta name=\"twitter:data2\" content=\"9\u00a0Minuten\" \/>\n<script type=\"application\/ld+json\" class=\"yoast-schema-graph\">{\"@context\":\"https:\/\/schema.org\",\"@graph\":[{\"@type\":\"Article\",\"@id\":\"https:\/\/alertdiver.eu\/de_DE\/artikel\/unterwasserkunst-interview-mit-jason-decaires-taylor\/#article\",\"isPartOf\":{\"@id\":\"https:\/\/alertdiver.eu\/de_DE\/artikel\/unterwasserkunst-interview-mit-jason-decaires-taylor\/\"},\"author\":{\"name\":\"microfilla\",\"@id\":\"https:\/\/alertdiver.eu\/de_DE\/#\/schema\/person\/9ba7cb3f05522d75bf215ab2cf40b01b\"},\"headline\":\"Unterwasserkunst: Interview mit Jason deCaires Taylor\",\"datePublished\":\"2017-06-12T22:00:00+00:00\",\"dateModified\":\"2023-12-12T10:56:14+00:00\",\"mainEntityOfPage\":{\"@id\":\"https:\/\/alertdiver.eu\/de_DE\/artikel\/unterwasserkunst-interview-mit-jason-decaires-taylor\/\"},\"wordCount\":1463,\"publisher\":{\"@id\":\"https:\/\/alertdiver.eu\/de_DE\/#organization\"},\"image\":{\"@id\":\"https:\/\/alertdiver.eu\/de_DE\/artikel\/unterwasserkunst-interview-mit-jason-decaires-taylor\/#primaryimage\"},\"thumbnailUrl\":\"https:\/\/alertdiver.eu\/wp-content\/uploads\/2023\/06\/jason-decaires-taylor-bannerweb-250x1120-spec.jpg\",\"keywords\":[\"DAN Botschafter\"],\"articleSection\":[\"Artikel\"],\"inLanguage\":\"de\"},{\"@type\":\"WebPage\",\"@id\":\"https:\/\/alertdiver.eu\/de_DE\/artikel\/unterwasserkunst-interview-mit-jason-decaires-taylor\/\",\"url\":\"https:\/\/alertdiver.eu\/de_DE\/artikel\/unterwasserkunst-interview-mit-jason-decaires-taylor\/\",\"name\":\"Unterwasserkunst: Interview mit Jason deCaires Taylor - Alert Diver\",\"isPartOf\":{\"@id\":\"https:\/\/alertdiver.eu\/de_DE\/#website\"},\"primaryImageOfPage\":{\"@id\":\"https:\/\/alertdiver.eu\/de_DE\/artikel\/unterwasserkunst-interview-mit-jason-decaires-taylor\/#primaryimage\"},\"image\":{\"@id\":\"https:\/\/alertdiver.eu\/de_DE\/artikel\/unterwasserkunst-interview-mit-jason-decaires-taylor\/#primaryimage\"},\"thumbnailUrl\":\"https:\/\/alertdiver.eu\/wp-content\/uploads\/2023\/06\/jason-decaires-taylor-bannerweb-250x1120-spec.jpg\",\"datePublished\":\"2017-06-12T22:00:00+00:00\",\"dateModified\":\"2023-12-12T10:56:14+00:00\",\"breadcrumb\":{\"@id\":\"https:\/\/alertdiver.eu\/de_DE\/artikel\/unterwasserkunst-interview-mit-jason-decaires-taylor\/#breadcrumb\"},\"inLanguage\":\"de\",\"potentialAction\":[{\"@type\":\"ReadAction\",\"target\":[\"https:\/\/alertdiver.eu\/de_DE\/artikel\/unterwasserkunst-interview-mit-jason-decaires-taylor\/\"]}]},{\"@type\":\"ImageObject\",\"inLanguage\":\"de\",\"@id\":\"https:\/\/alertdiver.eu\/de_DE\/artikel\/unterwasserkunst-interview-mit-jason-decaires-taylor\/#primaryimage\",\"url\":\"https:\/\/alertdiver.eu\/wp-content\/uploads\/2023\/06\/jason-decaires-taylor-bannerweb-250x1120-spec.jpg\",\"contentUrl\":\"https:\/\/alertdiver.eu\/wp-content\/uploads\/2023\/06\/jason-decaires-taylor-bannerweb-250x1120-spec.jpg\",\"width\":2560,\"height\":1120},{\"@type\":\"BreadcrumbList\",\"@id\":\"https:\/\/alertdiver.eu\/de_DE\/artikel\/unterwasserkunst-interview-mit-jason-decaires-taylor\/#breadcrumb\",\"itemListElement\":[{\"@type\":\"ListItem\",\"position\":1,\"name\":\"Home\",\"item\":\"https:\/\/alertdiver.eu\/de_DE\/\"},{\"@type\":\"ListItem\",\"position\":2,\"name\":\"Unterwasserkunst: Interview mit Jason deCaires Taylor\"}]},{\"@type\":\"WebSite\",\"@id\":\"https:\/\/alertdiver.eu\/de_DE\/#website\",\"url\":\"https:\/\/alertdiver.eu\/de_DE\/\",\"name\":\"Alert Diver Europe\",\"description\":\"Access, discover and share the latest diving safety content from DAN Europe.\",\"publisher\":{\"@id\":\"https:\/\/alertdiver.eu\/de_DE\/#organization\"},\"potentialAction\":[{\"@type\":\"SearchAction\",\"target\":{\"@type\":\"EntryPoint\",\"urlTemplate\":\"https:\/\/alertdiver.eu\/de_DE\/?s={search_term_string}\"},\"query-input\":{\"@type\":\"PropertyValueSpecification\",\"valueRequired\":true,\"valueName\":\"search_term_string\"}}],\"inLanguage\":\"de\"},{\"@type\":\"Organization\",\"@id\":\"https:\/\/alertdiver.eu\/de_DE\/#organization\",\"name\":\"Alert Diver Europe\",\"url\":\"https:\/\/alertdiver.eu\/de_DE\/\",\"logo\":{\"@type\":\"ImageObject\",\"inLanguage\":\"de\",\"@id\":\"https:\/\/alertdiver.eu\/de_DE\/#\/schema\/logo\/image\/\",\"url\":\"https:\/\/alertdiver.eu\/wp-content\/uploads\/2023\/02\/cropped-favicon.png\",\"contentUrl\":\"https:\/\/alertdiver.eu\/wp-content\/uploads\/2023\/02\/cropped-favicon.png\",\"width\":512,\"height\":512,\"caption\":\"Alert Diver Europe\"},\"image\":{\"@id\":\"https:\/\/alertdiver.eu\/de_DE\/#\/schema\/logo\/image\/\"}},{\"@type\":\"Person\",\"@id\":\"https:\/\/alertdiver.eu\/de_DE\/#\/schema\/person\/9ba7cb3f05522d75bf215ab2cf40b01b\",\"name\":\"microfilla\",\"image\":{\"@type\":\"ImageObject\",\"inLanguage\":\"de\",\"@id\":\"https:\/\/alertdiver.eu\/de_DE\/#\/schema\/person\/image\/\",\"url\":\"https:\/\/secure.gravatar.com\/avatar\/09f39449f14df8c3ad651888221bb907?s=96&d=mm&r=g\",\"contentUrl\":\"https:\/\/secure.gravatar.com\/avatar\/09f39449f14df8c3ad651888221bb907?s=96&d=mm&r=g\",\"caption\":\"microfilla\"},\"sameAs\":[\"https:\/\/microfilla.com\"],\"url\":\"https:\/\/alertdiver.eu\/de_DE\/author\/microfilla\/\"}]}<\/script>\n<!-- \/ Yoast SEO plugin. -->","yoast_head_json":{"title":"Unterwasserkunst: Interview mit Jason deCaires Taylor - Alert Diver","robots":{"index":"index","follow":"follow","max-snippet":"max-snippet:-1","max-image-preview":"max-image-preview:large","max-video-preview":"max-video-preview:-1"},"canonical":"https:\/\/alertdiver.eu\/de_DE\/artikel\/unterwasserkunst-interview-mit-jason-decaires-taylor\/","og_locale":"de_DE","og_type":"article","og_title":"Unterwasserkunst: Interview mit Jason deCaires Taylor - Alert Diver","og_description":"Jason deCaires Taylor ist Bildhauer, Umweltsch\u00fctzer und Profi-Unterwasserfotograf. Eines seiner neusten und bekanntesten Projekte ist das Museo Atl\u00e1ntico, eine Sammlung von \u00fcber 300 Skulpturen im...","og_url":"https:\/\/alertdiver.eu\/de_DE\/artikel\/unterwasserkunst-interview-mit-jason-decaires-taylor\/","og_site_name":"Alert Diver","article_published_time":"2017-06-12T22:00:00+00:00","article_modified_time":"2023-12-12T10:56:14+00:00","og_image":[{"width":2560,"height":1120,"url":"https:\/\/alertdiver.eu\/wp-content\/uploads\/2023\/06\/jason-decaires-taylor-bannerweb-250x1120-spec.jpg","type":"image\/jpeg"}],"author":"microfilla","twitter_card":"summary_large_image","twitter_misc":{"Verfasst von":"microfilla","Gesch\u00e4tzte Lesezeit":"9\u00a0Minuten"},"schema":{"@context":"https:\/\/schema.org","@graph":[{"@type":"Article","@id":"https:\/\/alertdiver.eu\/de_DE\/artikel\/unterwasserkunst-interview-mit-jason-decaires-taylor\/#article","isPartOf":{"@id":"https:\/\/alertdiver.eu\/de_DE\/artikel\/unterwasserkunst-interview-mit-jason-decaires-taylor\/"},"author":{"name":"microfilla","@id":"https:\/\/alertdiver.eu\/de_DE\/#\/schema\/person\/9ba7cb3f05522d75bf215ab2cf40b01b"},"headline":"Unterwasserkunst: Interview mit Jason deCaires Taylor","datePublished":"2017-06-12T22:00:00+00:00","dateModified":"2023-12-12T10:56:14+00:00","mainEntityOfPage":{"@id":"https:\/\/alertdiver.eu\/de_DE\/artikel\/unterwasserkunst-interview-mit-jason-decaires-taylor\/"},"wordCount":1463,"publisher":{"@id":"https:\/\/alertdiver.eu\/de_DE\/#organization"},"image":{"@id":"https:\/\/alertdiver.eu\/de_DE\/artikel\/unterwasserkunst-interview-mit-jason-decaires-taylor\/#primaryimage"},"thumbnailUrl":"https:\/\/alertdiver.eu\/wp-content\/uploads\/2023\/06\/jason-decaires-taylor-bannerweb-250x1120-spec.jpg","keywords":["DAN Botschafter"],"articleSection":["Artikel"],"inLanguage":"de"},{"@type":"WebPage","@id":"https:\/\/alertdiver.eu\/de_DE\/artikel\/unterwasserkunst-interview-mit-jason-decaires-taylor\/","url":"https:\/\/alertdiver.eu\/de_DE\/artikel\/unterwasserkunst-interview-mit-jason-decaires-taylor\/","name":"Unterwasserkunst: Interview mit Jason deCaires Taylor - Alert Diver","isPartOf":{"@id":"https:\/\/alertdiver.eu\/de_DE\/#website"},"primaryImageOfPage":{"@id":"https:\/\/alertdiver.eu\/de_DE\/artikel\/unterwasserkunst-interview-mit-jason-decaires-taylor\/#primaryimage"},"image":{"@id":"https:\/\/alertdiver.eu\/de_DE\/artikel\/unterwasserkunst-interview-mit-jason-decaires-taylor\/#primaryimage"},"thumbnailUrl":"https:\/\/alertdiver.eu\/wp-content\/uploads\/2023\/06\/jason-decaires-taylor-bannerweb-250x1120-spec.jpg","datePublished":"2017-06-12T22:00:00+00:00","dateModified":"2023-12-12T10:56:14+00:00","breadcrumb":{"@id":"https:\/\/alertdiver.eu\/de_DE\/artikel\/unterwasserkunst-interview-mit-jason-decaires-taylor\/#breadcrumb"},"inLanguage":"de","potentialAction":[{"@type":"ReadAction","target":["https:\/\/alertdiver.eu\/de_DE\/artikel\/unterwasserkunst-interview-mit-jason-decaires-taylor\/"]}]},{"@type":"ImageObject","inLanguage":"de","@id":"https:\/\/alertdiver.eu\/de_DE\/artikel\/unterwasserkunst-interview-mit-jason-decaires-taylor\/#primaryimage","url":"https:\/\/alertdiver.eu\/wp-content\/uploads\/2023\/06\/jason-decaires-taylor-bannerweb-250x1120-spec.jpg","contentUrl":"https:\/\/alertdiver.eu\/wp-content\/uploads\/2023\/06\/jason-decaires-taylor-bannerweb-250x1120-spec.jpg","width":2560,"height":1120},{"@type":"BreadcrumbList","@id":"https:\/\/alertdiver.eu\/de_DE\/artikel\/unterwasserkunst-interview-mit-jason-decaires-taylor\/#breadcrumb","itemListElement":[{"@type":"ListItem","position":1,"name":"Home","item":"https:\/\/alertdiver.eu\/de_DE\/"},{"@type":"ListItem","position":2,"name":"Unterwasserkunst: Interview mit Jason deCaires Taylor"}]},{"@type":"WebSite","@id":"https:\/\/alertdiver.eu\/de_DE\/#website","url":"https:\/\/alertdiver.eu\/de_DE\/","name":"Alert Diver Europe","description":"Access, discover and share the latest diving safety content from DAN Europe.","publisher":{"@id":"https:\/\/alertdiver.eu\/de_DE\/#organization"},"potentialAction":[{"@type":"SearchAction","target":{"@type":"EntryPoint","urlTemplate":"https:\/\/alertdiver.eu\/de_DE\/?s={search_term_string}"},"query-input":{"@type":"PropertyValueSpecification","valueRequired":true,"valueName":"search_term_string"}}],"inLanguage":"de"},{"@type":"Organization","@id":"https:\/\/alertdiver.eu\/de_DE\/#organization","name":"Alert Diver Europe","url":"https:\/\/alertdiver.eu\/de_DE\/","logo":{"@type":"ImageObject","inLanguage":"de","@id":"https:\/\/alertdiver.eu\/de_DE\/#\/schema\/logo\/image\/","url":"https:\/\/alertdiver.eu\/wp-content\/uploads\/2023\/02\/cropped-favicon.png","contentUrl":"https:\/\/alertdiver.eu\/wp-content\/uploads\/2023\/02\/cropped-favicon.png","width":512,"height":512,"caption":"Alert Diver Europe"},"image":{"@id":"https:\/\/alertdiver.eu\/de_DE\/#\/schema\/logo\/image\/"}},{"@type":"Person","@id":"https:\/\/alertdiver.eu\/de_DE\/#\/schema\/person\/9ba7cb3f05522d75bf215ab2cf40b01b","name":"microfilla","image":{"@type":"ImageObject","inLanguage":"de","@id":"https:\/\/alertdiver.eu\/de_DE\/#\/schema\/person\/image\/","url":"https:\/\/secure.gravatar.com\/avatar\/09f39449f14df8c3ad651888221bb907?s=96&d=mm&r=g","contentUrl":"https:\/\/secure.gravatar.com\/avatar\/09f39449f14df8c3ad651888221bb907?s=96&d=mm&r=g","caption":"microfilla"},"sameAs":["https:\/\/microfilla.com"],"url":"https:\/\/alertdiver.eu\/de_DE\/author\/microfilla\/"}]}},"_links":{"self":[{"href":"https:\/\/alertdiver.eu\/de_DE\/wp-json\/wp\/v2\/posts\/11387120","targetHints":{"allow":["GET"]}}],"collection":[{"href":"https:\/\/alertdiver.eu\/de_DE\/wp-json\/wp\/v2\/posts"}],"about":[{"href":"https:\/\/alertdiver.eu\/de_DE\/wp-json\/wp\/v2\/types\/post"}],"author":[{"embeddable":true,"href":"https:\/\/alertdiver.eu\/de_DE\/wp-json\/wp\/v2\/users\/1"}],"replies":[{"embeddable":true,"href":"https:\/\/alertdiver.eu\/de_DE\/wp-json\/wp\/v2\/comments?post=11387120"}],"version-history":[{"count":1,"href":"https:\/\/alertdiver.eu\/de_DE\/wp-json\/wp\/v2\/posts\/11387120\/revisions"}],"predecessor-version":[{"id":11388768,"href":"https:\/\/alertdiver.eu\/de_DE\/wp-json\/wp\/v2\/posts\/11387120\/revisions\/11388768"}],"wp:featuredmedia":[{"embeddable":true,"href":"https:\/\/alertdiver.eu\/de_DE\/wp-json\/wp\/v2\/media\/11375993"}],"wp:attachment":[{"href":"https:\/\/alertdiver.eu\/de_DE\/wp-json\/wp\/v2\/media?parent=11387120"}],"wp:term":[{"taxonomy":"category","embeddable":true,"href":"https:\/\/alertdiver.eu\/de_DE\/wp-json\/wp\/v2\/categories?post=11387120"},{"taxonomy":"post_tag","embeddable":true,"href":"https:\/\/alertdiver.eu\/de_DE\/wp-json\/wp\/v2\/tags?post=11387120"},{"taxonomy":"authors","embeddable":true,"href":"https:\/\/alertdiver.eu\/de_DE\/wp-json\/wp\/v2\/authors?post=11387120"}],"curies":[{"name":"wp","href":"https:\/\/api.w.org\/{rel}","templated":true}]}}