{"id":11385256,"date":"2013-05-15T00:00:00","date_gmt":"2013-05-14T22:00:00","guid":{"rendered":"https:\/\/alertdiver.eu\/sin-categorizar\/el-reflujo-gastrico-durante-la-inmersion-un-problema-emergente\/"},"modified":"2013-05-15T00:00:00","modified_gmt":"2013-05-14T22:00:00","slug":"el-reflujo-gastrico-durante-la-inmersion-un-problema-emergente","status":"publish","type":"post","link":"https:\/\/alertdiver.eu\/es_ES\/articulos\/el-reflujo-gastrico-durante-la-inmersion-un-problema-emergente\/","title":{"rendered":"El Reflujo G\u00e1strico durante la inmersi\u00f3n: \u00bfun problema emergente?"},"content":{"rendered":"<p style=\"text-align: justify;\">Durante la \u00faltima d\u00e9cada, conjuntamente con los cambios en nuestro estilo de vida, ha habido un aumento en el n\u00famero de personas afectadas por reflujo g\u00e1strico (la enfermedad por reflujo gastroesof\u00e1gico), una enfermedad com\u00fanmente muy conocida desde el punto de vista cl\u00ednico.<\/p>\n<p style=\"text-align: justify;\">Sin embargo, mucho menos conocido es el efecto que causa el \u00e1cido clorh\u00eddrico producido por el est\u00f3mago en los o\u00eddos, nariz, garganta y v\u00edas respiratorias.<\/p>\n<p style=\"text-align: justify;\">La primera correlaci\u00f3n entre el reflujo g\u00e1strico y ORL se remonta a 1903, cuando el Dr. L.A. Coffin lanz\u00f3 la hip\u00f3tesis de que la inhalaci\u00f3n de material \u00e1cido que sube desde el est\u00f3mago estaba relacionada con la sequedad de la garganta y posterior rinorrea* (goteo nasal) en pacientes con problemas cr\u00f3nicos nasales y de laringe.<\/p>\n<p style=\"text-align: justify;\">Un siglo despu\u00e9s, otros estudios han examinado esta correlaci\u00f3n, y hoy conocemos el efecto del reflujo laringofar\u00edngeo (RLF), como causa de alteraciones y de varias enfermedades de la laringe, faringe, cavidad bucal, dientes, bronquios, o\u00eddos, nariz y senos paranasales.<\/p>\n<p style=\"text-align: justify;\">En 2002, un investigador alem\u00e1n public\u00f3 un sorprendente descubrimiento en una revista especializada: en la cl\u00ednica d\u00f3nde \u00e9l trabajaba, el 80% de los ni\u00f1os operados de adenoides (vegetaciones) y que presentaban infecciones de o\u00eddo, tambi\u00e9n hab\u00eda una enzima digestiva g\u00e1strica presente en el o\u00eddo medio. Esta enzima s\u00f3lo podr\u00eda haber llegado al o\u00eddo a trav\u00e9s de &nbsp;la nasofaringe y la trompa de Eustaquio.<\/p>\n<p style=\"text-align: justify;\">En pocas palabras, se puede decir que el 80% de los ni\u00f1os que sufren infecciones del o\u00eddo presentan un mal funcionamiento en sus conductos auditivos,&nbsp; y que \u00e9sta es la causa del reflujo. Hay otros estudios cient\u00edficos que apoyan esta tesis y que demuestran c\u00f3mo el \u00e1cido clorh\u00eddrico y la pepsina, una enzima relacionada con el reflujo, causan inflamaci\u00f3n, hinchaz\u00f3n y &nbsp;ulceraci\u00f3n de las mucosas respiratorias.<\/p>\n<p style=\"text-align: justify;\">Como resultado de estas hip\u00f3tesis, nos preguntamos, &quot;&iquest;es posible que el reflujo g\u00e1strico pueda ser tambi\u00e9n la causa de problemas de compensaci\u00f3n de los o\u00eddos en los buceadores?&quot;<\/p>\n<p style=\"text-align: justify;\">Entre las revisiones m\u00e9dicas realizadas a buceadores con problemas de ecualizaci\u00f3n, se encontr\u00f3 que muchos de ellos que no mostraban signos de enfermedades ORL espec\u00edficas, o se hab\u00edan sometido a una cirug\u00eda para corregir problemas nasales (sin resultados significativos), se quejaban de &quot;ardor&quot; en el est\u00f3mago al inicio de las inmersiones y de un progresivo empeoramiento de la ecualizaci\u00f3n de los o\u00eddos<\/p>\n<p style=\"text-align: justify;\">As\u00ed, desde 2009 hemos empezado a asociar la inhalaci\u00f3n de \u00e1cido clorh\u00eddrico con problemas de compensaci\u00f3n durante el buceo, y ahora estamos en condiciones de responder a la pregunta con un &quot;s\u00ed&quot;, respaldado por numerosos estudios.<\/p>\n<p style=\"text-align: justify;\">Las posiciones que asume un buceador (especialmente en apnea, aunque tambi\u00e9n en las inmersiones con escafandra) se prestan a una acumulaci\u00f3n de material g\u00e1strico alrededor del esf\u00ednter esof\u00e1gico, as\u00ed como a la inhalaci\u00f3n de \u00e1cido, lo que conduce a la inflamaci\u00f3n de &nbsp;las v\u00edas a\u00e9reas digestivas y el bloqueo de la trompa de Eustaquio . Durante los descensos, la misma posici\u00f3n &quot;cabeza abajo&quot; condiciona el reflujo g\u00e1strico hacia el tracto respiratorio superior, afectando a las maniobras de compensaci\u00f3n en el o\u00eddo medio.<\/p>\n<p style=\"text-align: justify;\">La dificultad en lograr la igualaci\u00f3n de presiones en el o\u00eddo medio es todav\u00eda el problema m\u00e1s com\u00fan hoy en d\u00eda en el buceo y, sin duda, el m\u00e1s incapacitante. Por lo tanto, es importante continuar la investigaci\u00f3n en este sentido con el fin de mejorar la seguridad y disfrute del buceo.<\/p>\n<p style=\"text-align: justify;\">Como el reflujo no est\u00e1 reconocido entre las clasificaciones de los trastornos relacionados con la compensaci\u00f3n en el buceo, nuestro objetivo es mostrar la reducci\u00f3n del pH <em>(&ldquo;la acidificaci\u00f3n&rdquo;, N.d.T<\/em>.) &nbsp;en el tracto respiratorio superior de los buceadores, por medio de un sistema que mide el pH en la nasofaringe durante la inmersi\u00f3n, y luego compararlo con la medida tomada antes de la inmersi\u00f3n, estando el cuerpo en posici\u00f3n vertical (posici\u00f3n &ldquo;normal&rdquo;).<\/p>\n<p style=\"text-align: justify;\">Esperamos, y estamos seguros, que los datos que vamos a obtener confirmar\u00e1n nuestra teor\u00eda.<\/p>\n<p style=\"text-align: justify;\"><strong>Nota<\/strong><\/p>\n<p style=\"text-align: justify;\">* Rinorrea o goteo nasal, se refiere a una gran cantidad de l\u00edquido que sale de la cavidad nasal y senos paranasales. En el goteo nasal anterior, el l\u00edquido se acumula en las ventanas de la nariz, mientras que en el goteo nasal posterior, el l\u00edquido pasa a trav\u00e9s de la cavidad nasal y se ingiere o se expulsa a trav\u00e9s de la boca..<\/p>\n<p style=\"text-align: justify;\"><strong>BIBLIOGRAF\u00cdA<\/strong><\/p>\n<ol>\n<li style=\"text-align: justify;\">D&rsquo;Imporzano L. Bolognini A. <em>PATHOLOGY OF GASTRO-OESOPHAGEAL REFLUX HOW PROBLEM OF COMPENSATORY.<\/em> Jury award all&#8217;International Project Competition on Underwater Research, Cyprus International University. 18-20 March 2009.<\/li>\n<li style=\"text-align: justify;\">Bolognini A. D&rsquo;Imporzano L. <em>Rinopatia, disfunzione tubarica e reflusso gastroesofageo nelle attivit\u00e0 subacquee.<\/em> 2&deg; Raduno di otorinolaringoiatria subacquea, Isola d&rsquo;Elba 2-3 ottobre 2009.<\/li>\n<li style=\"text-align: justify;\">Bolognini A. <em>Reflusso gastroesofageo: effetti in immersione. IV Raduno di Otorinolaringoiatria subacquea.<\/em> Hotel Terme Z\u00ec Carmela, Forio d&rsquo;Ischia (NA), 28-30 ottobre 2011.<\/li>\n<li style=\"text-align: justify;\">Tasker A, Dettmar PW, Panetti M, Koufman JA, Birchall JP, Pearson JP. <em>Is gastric reflux a cause of otitis media with effusion in children? <\/em>Laryngoscope 2002;112:1930-4.<\/li>\n<li style=\"text-align: justify;\">G. Caruso, FM. Passali <em>ACTA OTORHINOLARYNGOL ITAL<\/em> 26, 252-255, 2006<\/li>\n<\/ol>\n","protected":false},"excerpt":{"rendered":"<p>Durante la \u00faltima d\u00e9cada, conjuntamente con los cambios en nuestro estilo de vida, ha habido un aumento en el n\u00famero de personas afectadas por reflujo&#8230;<\/p>\n","protected":false},"author":1,"featured_media":11374679,"comment_status":"closed","ping_status":"closed","sticky":false,"template":"","format":"standard","meta":{"_acf_changed":false,"footnotes":""},"categories":[383],"tags":[],"authors":[],"class_list":["post-11385256","post","type-post","status-publish","format-standard","has-post-thumbnail","hentry","category-articulos"],"acf":[],"yoast_head":"<!-- This site is optimized with the Yoast SEO plugin v24.2 - https:\/\/yoast.com\/wordpress\/plugins\/seo\/ -->\n<title>El Reflujo G\u00e1strico durante la inmersi\u00f3n: \u00bfun problema emergente? - Alert Diver<\/title>\n<meta name=\"robots\" content=\"index, follow, max-snippet:-1, max-image-preview:large, max-video-preview:-1\" \/>\n<link rel=\"canonical\" href=\"https:\/\/alertdiver.eu\/es_ES\/articulos\/el-reflujo-gastrico-durante-la-inmersion-un-problema-emergente\/\" \/>\n<meta property=\"og:locale\" content=\"es_ES\" \/>\n<meta property=\"og:type\" content=\"article\" \/>\n<meta property=\"og:title\" content=\"El Reflujo G\u00e1strico durante la inmersi\u00f3n: \u00bfun problema emergente? - Alert Diver\" \/>\n<meta property=\"og:description\" content=\"Durante la \u00faltima d\u00e9cada, conjuntamente con los cambios en nuestro estilo de vida, ha habido un aumento en el n\u00famero de personas afectadas por reflujo...\" \/>\n<meta property=\"og:url\" content=\"https:\/\/alertdiver.eu\/es_ES\/articulos\/el-reflujo-gastrico-durante-la-inmersion-un-problema-emergente\/\" \/>\n<meta property=\"og:site_name\" content=\"Alert Diver\" \/>\n<meta property=\"article:published_time\" content=\"2013-05-14T22:00:00+00:00\" \/>\n<meta property=\"og:image\" content=\"https:\/\/alertdiver.eu\/wp-content\/uploads\/2023\/06\/alert-diver-article-111-2.jpg\" \/>\n\t<meta property=\"og:image:width\" content=\"2000\" \/>\n\t<meta property=\"og:image:height\" content=\"2000\" \/>\n\t<meta property=\"og:image:type\" content=\"image\/jpeg\" \/>\n<meta name=\"author\" content=\"microfilla\" \/>\n<meta name=\"twitter:card\" content=\"summary_large_image\" \/>\n<meta name=\"twitter:label1\" content=\"Escrito por\" \/>\n\t<meta name=\"twitter:data1\" content=\"microfilla\" \/>\n\t<meta name=\"twitter:label2\" content=\"Tiempo de lectura\" \/>\n\t<meta name=\"twitter:data2\" content=\"5 minutos\" \/>\n<script type=\"application\/ld+json\" class=\"yoast-schema-graph\">{\"@context\":\"https:\/\/schema.org\",\"@graph\":[{\"@type\":\"Article\",\"@id\":\"https:\/\/alertdiver.eu\/es_ES\/articulos\/el-reflujo-gastrico-durante-la-inmersion-un-problema-emergente\/#article\",\"isPartOf\":{\"@id\":\"https:\/\/alertdiver.eu\/es_ES\/articulos\/el-reflujo-gastrico-durante-la-inmersion-un-problema-emergente\/\"},\"author\":{\"name\":\"microfilla\",\"@id\":\"https:\/\/alertdiver.eu\/es_ES\/#\/schema\/person\/9ba7cb3f05522d75bf215ab2cf40b01b\"},\"headline\":\"El Reflujo G\u00e1strico durante la inmersi\u00f3n: \u00bfun problema emergente?\",\"datePublished\":\"2013-05-14T22:00:00+00:00\",\"dateModified\":\"2013-05-14T22:00:00+00:00\",\"mainEntityOfPage\":{\"@id\":\"https:\/\/alertdiver.eu\/es_ES\/articulos\/el-reflujo-gastrico-durante-la-inmersion-un-problema-emergente\/\"},\"wordCount\":931,\"publisher\":{\"@id\":\"https:\/\/alertdiver.eu\/es_ES\/#organization\"},\"image\":{\"@id\":\"https:\/\/alertdiver.eu\/es_ES\/articulos\/el-reflujo-gastrico-durante-la-inmersion-un-problema-emergente\/#primaryimage\"},\"thumbnailUrl\":\"https:\/\/alertdiver.eu\/wp-content\/uploads\/2023\/06\/alert-diver-article-111-2.jpg\",\"articleSection\":[\"Articulos\"],\"inLanguage\":\"es\"},{\"@type\":\"WebPage\",\"@id\":\"https:\/\/alertdiver.eu\/es_ES\/articulos\/el-reflujo-gastrico-durante-la-inmersion-un-problema-emergente\/\",\"url\":\"https:\/\/alertdiver.eu\/es_ES\/articulos\/el-reflujo-gastrico-durante-la-inmersion-un-problema-emergente\/\",\"name\":\"El Reflujo G\u00e1strico durante la inmersi\u00f3n: \u00bfun problema emergente? - Alert Diver\",\"isPartOf\":{\"@id\":\"https:\/\/alertdiver.eu\/es_ES\/#website\"},\"primaryImageOfPage\":{\"@id\":\"https:\/\/alertdiver.eu\/es_ES\/articulos\/el-reflujo-gastrico-durante-la-inmersion-un-problema-emergente\/#primaryimage\"},\"image\":{\"@id\":\"https:\/\/alertdiver.eu\/es_ES\/articulos\/el-reflujo-gastrico-durante-la-inmersion-un-problema-emergente\/#primaryimage\"},\"thumbnailUrl\":\"https:\/\/alertdiver.eu\/wp-content\/uploads\/2023\/06\/alert-diver-article-111-2.jpg\",\"datePublished\":\"2013-05-14T22:00:00+00:00\",\"dateModified\":\"2013-05-14T22:00:00+00:00\",\"breadcrumb\":{\"@id\":\"https:\/\/alertdiver.eu\/es_ES\/articulos\/el-reflujo-gastrico-durante-la-inmersion-un-problema-emergente\/#breadcrumb\"},\"inLanguage\":\"es\",\"potentialAction\":[{\"@type\":\"ReadAction\",\"target\":[\"https:\/\/alertdiver.eu\/es_ES\/articulos\/el-reflujo-gastrico-durante-la-inmersion-un-problema-emergente\/\"]}]},{\"@type\":\"ImageObject\",\"inLanguage\":\"es\",\"@id\":\"https:\/\/alertdiver.eu\/es_ES\/articulos\/el-reflujo-gastrico-durante-la-inmersion-un-problema-emergente\/#primaryimage\",\"url\":\"https:\/\/alertdiver.eu\/wp-content\/uploads\/2023\/06\/alert-diver-article-111-2.jpg\",\"contentUrl\":\"https:\/\/alertdiver.eu\/wp-content\/uploads\/2023\/06\/alert-diver-article-111-2.jpg\",\"width\":2000,\"height\":2000},{\"@type\":\"BreadcrumbList\",\"@id\":\"https:\/\/alertdiver.eu\/es_ES\/articulos\/el-reflujo-gastrico-durante-la-inmersion-un-problema-emergente\/#breadcrumb\",\"itemListElement\":[{\"@type\":\"ListItem\",\"position\":1,\"name\":\"Home\",\"item\":\"https:\/\/alertdiver.eu\/es_ES\/\"},{\"@type\":\"ListItem\",\"position\":2,\"name\":\"El Reflujo G\u00e1strico durante la inmersi\u00f3n: \u00bfun problema emergente?\"}]},{\"@type\":\"WebSite\",\"@id\":\"https:\/\/alertdiver.eu\/es_ES\/#website\",\"url\":\"https:\/\/alertdiver.eu\/es_ES\/\",\"name\":\"Alert Diver Europe\",\"description\":\"Access, discover and share the latest diving safety content from DAN Europe.\",\"publisher\":{\"@id\":\"https:\/\/alertdiver.eu\/es_ES\/#organization\"},\"potentialAction\":[{\"@type\":\"SearchAction\",\"target\":{\"@type\":\"EntryPoint\",\"urlTemplate\":\"https:\/\/alertdiver.eu\/es_ES\/?s={search_term_string}\"},\"query-input\":{\"@type\":\"PropertyValueSpecification\",\"valueRequired\":true,\"valueName\":\"search_term_string\"}}],\"inLanguage\":\"es\"},{\"@type\":\"Organization\",\"@id\":\"https:\/\/alertdiver.eu\/es_ES\/#organization\",\"name\":\"Alert Diver Europe\",\"url\":\"https:\/\/alertdiver.eu\/es_ES\/\",\"logo\":{\"@type\":\"ImageObject\",\"inLanguage\":\"es\",\"@id\":\"https:\/\/alertdiver.eu\/es_ES\/#\/schema\/logo\/image\/\",\"url\":\"https:\/\/alertdiver.eu\/wp-content\/uploads\/2023\/02\/cropped-favicon.png\",\"contentUrl\":\"https:\/\/alertdiver.eu\/wp-content\/uploads\/2023\/02\/cropped-favicon.png\",\"width\":512,\"height\":512,\"caption\":\"Alert Diver Europe\"},\"image\":{\"@id\":\"https:\/\/alertdiver.eu\/es_ES\/#\/schema\/logo\/image\/\"}},{\"@type\":\"Person\",\"@id\":\"https:\/\/alertdiver.eu\/es_ES\/#\/schema\/person\/9ba7cb3f05522d75bf215ab2cf40b01b\",\"name\":\"microfilla\",\"image\":{\"@type\":\"ImageObject\",\"inLanguage\":\"es\",\"@id\":\"https:\/\/alertdiver.eu\/es_ES\/#\/schema\/person\/image\/\",\"url\":\"https:\/\/secure.gravatar.com\/avatar\/09f39449f14df8c3ad651888221bb907?s=96&d=mm&r=g\",\"contentUrl\":\"https:\/\/secure.gravatar.com\/avatar\/09f39449f14df8c3ad651888221bb907?s=96&d=mm&r=g\",\"caption\":\"microfilla\"},\"sameAs\":[\"https:\/\/microfilla.com\"],\"url\":\"https:\/\/alertdiver.eu\/es_ES\/author\/microfilla\/\"}]}<\/script>\n<!-- \/ Yoast SEO plugin. -->","yoast_head_json":{"title":"El Reflujo G\u00e1strico durante la inmersi\u00f3n: \u00bfun problema emergente? - Alert Diver","robots":{"index":"index","follow":"follow","max-snippet":"max-snippet:-1","max-image-preview":"max-image-preview:large","max-video-preview":"max-video-preview:-1"},"canonical":"https:\/\/alertdiver.eu\/es_ES\/articulos\/el-reflujo-gastrico-durante-la-inmersion-un-problema-emergente\/","og_locale":"es_ES","og_type":"article","og_title":"El Reflujo G\u00e1strico durante la inmersi\u00f3n: \u00bfun problema emergente? - Alert Diver","og_description":"Durante la \u00faltima d\u00e9cada, conjuntamente con los cambios en nuestro estilo de vida, ha habido un aumento en el n\u00famero de personas afectadas por reflujo...","og_url":"https:\/\/alertdiver.eu\/es_ES\/articulos\/el-reflujo-gastrico-durante-la-inmersion-un-problema-emergente\/","og_site_name":"Alert Diver","article_published_time":"2013-05-14T22:00:00+00:00","og_image":[{"width":2000,"height":2000,"url":"https:\/\/alertdiver.eu\/wp-content\/uploads\/2023\/06\/alert-diver-article-111-2.jpg","type":"image\/jpeg"}],"author":"microfilla","twitter_card":"summary_large_image","twitter_misc":{"Escrito por":"microfilla","Tiempo de lectura":"5 minutos"},"schema":{"@context":"https:\/\/schema.org","@graph":[{"@type":"Article","@id":"https:\/\/alertdiver.eu\/es_ES\/articulos\/el-reflujo-gastrico-durante-la-inmersion-un-problema-emergente\/#article","isPartOf":{"@id":"https:\/\/alertdiver.eu\/es_ES\/articulos\/el-reflujo-gastrico-durante-la-inmersion-un-problema-emergente\/"},"author":{"name":"microfilla","@id":"https:\/\/alertdiver.eu\/es_ES\/#\/schema\/person\/9ba7cb3f05522d75bf215ab2cf40b01b"},"headline":"El Reflujo G\u00e1strico durante la inmersi\u00f3n: \u00bfun problema emergente?","datePublished":"2013-05-14T22:00:00+00:00","dateModified":"2013-05-14T22:00:00+00:00","mainEntityOfPage":{"@id":"https:\/\/alertdiver.eu\/es_ES\/articulos\/el-reflujo-gastrico-durante-la-inmersion-un-problema-emergente\/"},"wordCount":931,"publisher":{"@id":"https:\/\/alertdiver.eu\/es_ES\/#organization"},"image":{"@id":"https:\/\/alertdiver.eu\/es_ES\/articulos\/el-reflujo-gastrico-durante-la-inmersion-un-problema-emergente\/#primaryimage"},"thumbnailUrl":"https:\/\/alertdiver.eu\/wp-content\/uploads\/2023\/06\/alert-diver-article-111-2.jpg","articleSection":["Articulos"],"inLanguage":"es"},{"@type":"WebPage","@id":"https:\/\/alertdiver.eu\/es_ES\/articulos\/el-reflujo-gastrico-durante-la-inmersion-un-problema-emergente\/","url":"https:\/\/alertdiver.eu\/es_ES\/articulos\/el-reflujo-gastrico-durante-la-inmersion-un-problema-emergente\/","name":"El Reflujo G\u00e1strico durante la inmersi\u00f3n: \u00bfun problema emergente? - Alert Diver","isPartOf":{"@id":"https:\/\/alertdiver.eu\/es_ES\/#website"},"primaryImageOfPage":{"@id":"https:\/\/alertdiver.eu\/es_ES\/articulos\/el-reflujo-gastrico-durante-la-inmersion-un-problema-emergente\/#primaryimage"},"image":{"@id":"https:\/\/alertdiver.eu\/es_ES\/articulos\/el-reflujo-gastrico-durante-la-inmersion-un-problema-emergente\/#primaryimage"},"thumbnailUrl":"https:\/\/alertdiver.eu\/wp-content\/uploads\/2023\/06\/alert-diver-article-111-2.jpg","datePublished":"2013-05-14T22:00:00+00:00","dateModified":"2013-05-14T22:00:00+00:00","breadcrumb":{"@id":"https:\/\/alertdiver.eu\/es_ES\/articulos\/el-reflujo-gastrico-durante-la-inmersion-un-problema-emergente\/#breadcrumb"},"inLanguage":"es","potentialAction":[{"@type":"ReadAction","target":["https:\/\/alertdiver.eu\/es_ES\/articulos\/el-reflujo-gastrico-durante-la-inmersion-un-problema-emergente\/"]}]},{"@type":"ImageObject","inLanguage":"es","@id":"https:\/\/alertdiver.eu\/es_ES\/articulos\/el-reflujo-gastrico-durante-la-inmersion-un-problema-emergente\/#primaryimage","url":"https:\/\/alertdiver.eu\/wp-content\/uploads\/2023\/06\/alert-diver-article-111-2.jpg","contentUrl":"https:\/\/alertdiver.eu\/wp-content\/uploads\/2023\/06\/alert-diver-article-111-2.jpg","width":2000,"height":2000},{"@type":"BreadcrumbList","@id":"https:\/\/alertdiver.eu\/es_ES\/articulos\/el-reflujo-gastrico-durante-la-inmersion-un-problema-emergente\/#breadcrumb","itemListElement":[{"@type":"ListItem","position":1,"name":"Home","item":"https:\/\/alertdiver.eu\/es_ES\/"},{"@type":"ListItem","position":2,"name":"El Reflujo G\u00e1strico durante la inmersi\u00f3n: \u00bfun problema emergente?"}]},{"@type":"WebSite","@id":"https:\/\/alertdiver.eu\/es_ES\/#website","url":"https:\/\/alertdiver.eu\/es_ES\/","name":"Alert Diver Europe","description":"Access, discover and share the latest diving safety content from DAN Europe.","publisher":{"@id":"https:\/\/alertdiver.eu\/es_ES\/#organization"},"potentialAction":[{"@type":"SearchAction","target":{"@type":"EntryPoint","urlTemplate":"https:\/\/alertdiver.eu\/es_ES\/?s={search_term_string}"},"query-input":{"@type":"PropertyValueSpecification","valueRequired":true,"valueName":"search_term_string"}}],"inLanguage":"es"},{"@type":"Organization","@id":"https:\/\/alertdiver.eu\/es_ES\/#organization","name":"Alert Diver Europe","url":"https:\/\/alertdiver.eu\/es_ES\/","logo":{"@type":"ImageObject","inLanguage":"es","@id":"https:\/\/alertdiver.eu\/es_ES\/#\/schema\/logo\/image\/","url":"https:\/\/alertdiver.eu\/wp-content\/uploads\/2023\/02\/cropped-favicon.png","contentUrl":"https:\/\/alertdiver.eu\/wp-content\/uploads\/2023\/02\/cropped-favicon.png","width":512,"height":512,"caption":"Alert Diver Europe"},"image":{"@id":"https:\/\/alertdiver.eu\/es_ES\/#\/schema\/logo\/image\/"}},{"@type":"Person","@id":"https:\/\/alertdiver.eu\/es_ES\/#\/schema\/person\/9ba7cb3f05522d75bf215ab2cf40b01b","name":"microfilla","image":{"@type":"ImageObject","inLanguage":"es","@id":"https:\/\/alertdiver.eu\/es_ES\/#\/schema\/person\/image\/","url":"https:\/\/secure.gravatar.com\/avatar\/09f39449f14df8c3ad651888221bb907?s=96&d=mm&r=g","contentUrl":"https:\/\/secure.gravatar.com\/avatar\/09f39449f14df8c3ad651888221bb907?s=96&d=mm&r=g","caption":"microfilla"},"sameAs":["https:\/\/microfilla.com"],"url":"https:\/\/alertdiver.eu\/es_ES\/author\/microfilla\/"}]}},"_links":{"self":[{"href":"https:\/\/alertdiver.eu\/es_ES\/wp-json\/wp\/v2\/posts\/11385256","targetHints":{"allow":["GET"]}}],"collection":[{"href":"https:\/\/alertdiver.eu\/es_ES\/wp-json\/wp\/v2\/posts"}],"about":[{"href":"https:\/\/alertdiver.eu\/es_ES\/wp-json\/wp\/v2\/types\/post"}],"author":[{"embeddable":true,"href":"https:\/\/alertdiver.eu\/es_ES\/wp-json\/wp\/v2\/users\/1"}],"replies":[{"embeddable":true,"href":"https:\/\/alertdiver.eu\/es_ES\/wp-json\/wp\/v2\/comments?post=11385256"}],"version-history":[{"count":0,"href":"https:\/\/alertdiver.eu\/es_ES\/wp-json\/wp\/v2\/posts\/11385256\/revisions"}],"wp:featuredmedia":[{"embeddable":true,"href":"https:\/\/alertdiver.eu\/es_ES\/wp-json\/wp\/v2\/media\/11374679"}],"wp:attachment":[{"href":"https:\/\/alertdiver.eu\/es_ES\/wp-json\/wp\/v2\/media?parent=11385256"}],"wp:term":[{"taxonomy":"category","embeddable":true,"href":"https:\/\/alertdiver.eu\/es_ES\/wp-json\/wp\/v2\/categories?post=11385256"},{"taxonomy":"post_tag","embeddable":true,"href":"https:\/\/alertdiver.eu\/es_ES\/wp-json\/wp\/v2\/tags?post=11385256"},{"taxonomy":"authors","embeddable":true,"href":"https:\/\/alertdiver.eu\/es_ES\/wp-json\/wp\/v2\/authors?post=11385256"}],"curies":[{"name":"wp","href":"https:\/\/api.w.org\/{rel}","templated":true}]}}