{"id":11385381,"date":"2017-06-13T00:00:00","date_gmt":"2017-06-12T22:00:00","guid":{"rendered":"https:\/\/alertdiver.eu\/sin-categorizar\/arte-subacuatico-entrevista-con-jason-decaires-taylor\/"},"modified":"2023-12-12T11:55:11","modified_gmt":"2023-12-12T10:55:11","slug":"arte-subacuatico-entrevista-con-jason-decaires-taylor","status":"publish","type":"post","link":"https:\/\/alertdiver.eu\/es_ES\/articulos\/arte-subacuatico-entrevista-con-jason-decaires-taylor\/","title":{"rendered":"Arte subacu\u00e1tico: entrevista con Jason deCaires Taylor"},"content":{"rendered":"<p style=\"text-align: justify;\">Jason deCaires Taylor es un escultor, ecologista y fot\u00f3grafo submarino profesional. Uno de sus proyectos m\u00e1s recientes y reconocidos es el <a href=\"http:\/\/www.cactlanzarote.com\/en\/cact\/the-underwater-museum-lanzarote-museo-atlantico\/\" target=\"_blank\" rel=\"noopener\">Museo Atl\u00e1ntico<\/a>, una colecci\u00f3n de m\u00e1s de 300 esculturas sumergidas, en la isla de Lanzarote, Espa\u00f1a, la primera de este tipo en Europa. El trabajo de Taylor se est\u00e1 exhibiendo actualmente en la <a href=\"http:\/\/www.labiennale.org\/it\/arte\/submission\/\" target=\"_blank\" rel=\"noopener\">Biennale Arte 2017<\/a>, en Venecia, Italia, hasta el 26 de noviembre. Como parte de la campa\u00f1a m\u00e1s reciente de DAN Europe,\u00a0<strong><a href=\"http:\/\/wwdi.daneurope.org\/\" target=\"_blank\" rel=\"noopener\">#WhyWeDoIt<\/a><\/strong>, Alert Diver intenta ahondar en el m\u00e1gico mundo submarino de Taylor.<\/p>\n<p style=\"text-align: justify;\"><span class=\"fr-video fr-dvb fr-draggable\" contenteditable=\"false\" draggable=\"true\"><iframe loading=\"lazy\" src=\"https:\/\/www.youtube.com\/embed\/52m5L1UxRAw\" width=\"100%\" height=\"360\" frameborder=\"0\" allowfullscreen=\"allowfullscreen\"><\/iframe><\/span><\/p>\n<h3>\u00bfC\u00f3mo te convertiste en buceador-escultor?<\/h3>\n<p style=\"text-align: justify;\">Empec\u00e9 mi formaci\u00f3n como escultor en Londres,\u00a0hace 20 a\u00f1os,cuando ya estaba buceando. As\u00ed que despu\u00e9s de dejar la universidad, hice multitud de trabajos diferentes, incluyendo el de instructor de buceo. A lo largo de los a\u00f1os, empec\u00e9 a pensar m\u00e1s sobre c\u00f3mo el mar podr\u00eda ser un incre\u00edble espacio creativo para el arte, y c\u00f3mo las obras de arte pueden exhibirse bajo el agua, convirti\u00e9ndose en arrecifes artificiales.<\/p>\n<p style=\"text-align: justify;\">Con esa idea en mente, hace una d\u00e9cada, decid\u00ed construir un parque de esculturas submarinas en el Caribe. Comenc\u00e9 poco a poco, en un \u00e1rea que hab\u00eda sido devastada por un hurac\u00e1n. Al construir el parque, quer\u00eda rejuvenecer la zona y llamar la atenci\u00f3n de la gente hacia las \u00e1reas naturales fr\u00e1giles. He creado alrededor de 800 esculturas submarinas desde entonces.<\/p>\n<p style=\"text-align: justify;\"><img decoding=\"async\" class=\"fr-dib fr-draggable aligncenter\" style=\"width: auto;\" src=\"\/wp-content\/uploads\/imgimport\/918\/dsc6215-1500x.jpg\" \/><\/p>\n<h3>\u00bfQu\u00e9 te atrajo hacia el oc\u00e9ano, y qu\u00e9 significa para ti?<\/h3>\n<p style=\"text-align: justify;\">De ni\u00f1o, viv\u00eda cerca de los arrecifes de coral. Mis padres alquilaban a menudo un barco durante el fin de semana y exploramos islas pr\u00edstinas en Tailandia y Malasia. Fui muy afortunado de estar expuesto a tan incre\u00edbles experiencias a la temprana edad de siete u ocho a\u00f1os. Dej\u00f3 una impresi\u00f3n indeleble en mi mente, y me hizo querer explorar ambos l\u00edmites: los art\u00edsticos y los del vasto mar<\/p>\n<p style=\"text-align: justify;\">El oc\u00e9ano es este incre\u00edble espacio donde puedo desconectarme, un mundo silencioso donde estoy completamente a solas con mis pensamientos. Es como cruzar una l\u00ednea hacia otro mundo, completamente separado del nuestro. Es un lugar muy especial.<\/p>\n<p style=\"text-align: justify;\"><img decoding=\"async\" class=\"fr-dib fr-draggable aligncenter\" style=\"width: auto;\" src=\"\/wp-content\/uploads\/imgimport\/918\/dan-jc-ka17-112-1500x.jpg\" \/><\/p>\n<h3>\u00bfCu\u00e1l es tu prop\u00f3sito creativo como artista?<\/h3>\n<p style=\"text-align: justify;\">Mis proyectos no son s\u00f3lo sobre su aspecto art\u00edstico, sino tambi\u00e9n sobre la conservaci\u00f3n del medio ambiente marino. As\u00ed que mis obras tienen varios objetivos diferentes. A nivel pr\u00e1ctico, crean arrecifes artificiales, proporcionando una superficie alternativa para vivir a\u00a0corales y diferentes criaturas, as\u00ed como espacios de un h\u00e1bitat donde las criaturas pueden refugiarse.<\/p>\n<p style=\"text-align: justify;\">En una visi\u00f3n m\u00e1s amplia de las cosas, el objetivo es alejar a la gente de los fr\u00e1giles h\u00e1bitats marinos y atraerlos hacia otras zonas marinas. Es un mundo oculto, a menudo olvidado. A trav\u00e9s de mi trabajo, quiero llamar la atenci\u00f3n sobre las muchas cuestiones que afectan a nuestros oc\u00e9anos, a la vez que destacan su incre\u00edble fragilidad y belleza.<\/p>\n<p><img decoding=\"async\" class=\"fr-dib fr-draggable aligncenter\" style=\"width: auto;\" src=\"\/wp-content\/uploads\/imgimport\/918\/dan-jc-ka17-106-1500x.jpg\" \/><\/p>\n<h4 style=\"text-align: center;\">\n<em>\u00abEl oc\u00e9ano es este incre\u00edble espacio donde puedo desconectarme, un mundo silencioso donde estoy completamente a solas con mis pensamientos.\u00bb<\/em><\/h4>\n<p>&nbsp;<\/p>\n<p><em><img decoding=\"async\" class=\"fr-dib fr-draggable aligncenter\" style=\"width: auto;\" src=\"\/wp-content\/uploads\/imgimport\/918\/dan-jc-ka17-097-1500x.jpg\" \/><\/em><\/p>\n<h3>\u00bfPor qu\u00e9 consideras tan importante crear conciencia a trav\u00e9s de tu arte sobre c\u00f3mo los oc\u00e9anos son descuidados por la raza humana?<\/h3>\n<p style=\"text-align: justify;\">He estado buceando durante m\u00e1s de 20 a\u00f1os. He visto \u00e1reas que alguna vez fueron pr\u00edstinas; arrecifes de coral incre\u00edblemente vibrantes, llenos de todo tipo de vida diversa. Ahora, cuando regreso a algunos de esos lugares, me da la impresi\u00f3n de que han sido completamente diezmados. Ahora, todo pron\u00f3stico cient\u00edfico para el futuro del oc\u00e9ano es extremadamente grave. Estoy muy preocupado por esto. Quiero que mis hijos sean capaces de experimentar lo que tengo que experimentar cuando ten\u00eda su edad.<\/p>\n<p style=\"text-align: justify;\"><img decoding=\"async\" class=\"fr-dib fr-draggable aligncenter\" style=\"width: auto;\" src=\"\/wp-content\/uploads\/imgimport\/918\/dsc6059-1500x.jpg\" \/><\/p>\n<h3>\u00bfEl arte tiene un lugar en la creciente sensibilizaci\u00f3n y respeto por nuestros oc\u00e9anos?<\/h3>\n<p style=\"text-align: justify;\">Creo que el arte es una herramienta crucial. Los cient\u00edficos pueden transmitir hechos e informaci\u00f3n, pero como todos sabemos, los seres humanos son criaturas muy impulsivas y emocionales. Siento que el arte tiene la capacidad de conectar realmente a la gente. Espero que a trav\u00e9s de este nivel de conexi\u00f3n, la gente estar\u00e1 motivada para ayudar a proteger nuestros mares.<\/p>\n<h3>Cu\u00e9ntanos sobre tu proyecto en Lanzarote; \u00bfqu\u00e9 te atrajo a su ubicaci\u00f3n?<\/h3>\n<p style=\"text-align: justify;\">El Museo Atl\u00e1ntico est\u00e1 a unos 400 metros de la costa de Las Coloradas, a unos 12-14 metros de profundidad. Consta de 12 instalaciones diferentes, con alrededor de 300 obras intercaladas dentro de las diferentes zonas del museo. Los visitantes descienden al museo con un gu\u00eda formado y son llevados a trav\u00e9s de un recorrido secuencial de cada exhibici\u00f3n. Despu\u00e9s de esto, son retornados al llevados al punto de salida y a la seguridad de su propia embarcaci\u00f3n.<\/p>\n<p style=\"text-align: justify;\">Ya hab\u00eda realizado varios proyectos en aguas tropicales, principalmente en el Caribe, y estaba muy interesado en trabajar en un nuevo ambiente. Esta isla es bastante especial, porque tiene una larga historia de arte relacionado con el medio ambiente, con muchas instalaciones terrestres que trabajan estrechamente con el medio ambiente. As\u00ed que Lanzarote era un lugar ideal para realizar este proyecto.<\/p>\n<p style=\"text-align: justify;\"><img decoding=\"async\" class=\"fr-dib fr-draggable aligncenter\" style=\"width: auto;\" src=\"\/wp-content\/uploads\/imgimport\/918\/dan-jc-ka17-145-1500x.jpg\" \/><\/p>\n<h3>\u00bfC\u00f3mo te sentiste una vez el proyecto acabado y la gente empezando a visitar el museo?<\/h3>\n<p style=\"text-align: justify;\">Fue una enorme tarea. Los permisos, las encuestas, la recaudaci\u00f3n de fondos, la pol\u00edtica &#8230; hab\u00eda tantos elementos clave diferentes a tener en cuenta al planificar este proyecto y alumbrarlo, sin mencionar la construcci\u00f3n real del museo, que fue una fase a\u00fan m\u00e1s grande.<\/p>\n<p style=\"text-align: justify;\">Ahora que ha terminado, me siento extremadamente aliviado. Me gusta ver m\u00e1s y m\u00e1s buceadores visitando y apreciando el museo, continuamente. Pero lo que m\u00e1s me gusta es ver que el lugar est\u00e1 siendo colonizado por la vida salvaje de la zona, integr\u00e1ndose con naturalidad en el ambiente marino.<\/p>\n<p style=\"text-align: justify;\"><img decoding=\"async\" class=\"fr-dib fr-draggable aligncenter\" style=\"width: auto;\" src=\"\/wp-content\/uploads\/imgimport\/918\/dan-jc-ka17-123-1500x.jpg\" \/><\/p>\n<p><img decoding=\"async\" class=\"fr-dib fr-draggable aligncenter\" style=\"width: auto;\" src=\"\/wp-content\/uploads\/imgimport\/918\/dan-jc-ka17-119-1500x.jpg\" \/><\/p>\n<h3>Todav\u00eda tienes muchos otros proyectos en mente. \u00bfQu\u00e9 te impulsa a seguir creando?<\/h3>\n<p style=\"text-align: justify;\">Siempre estoy buscando nuevos ambientes, nuevos conceptos y diferentes maneras de denunciar las amenazas que se ciernen sobre nuestros oc\u00e9anos. Esto, junto con el objetivo de superar siempre el siguiente desaf\u00edo que se presenta, tiende a ser mi principal fuerza impulsora.<\/p>\n<p><img decoding=\"async\" class=\"fr-dib fr-draggable aligncenter\" style=\"width: auto;\" src=\"\/wp-content\/uploads\/imgimport\/918\/dan-jc-ka17-117-1500x.jpg\" \/><\/p>\n<h3>\u00bfQu\u00e9 te gusta que la gente aprenda de tus creaciones?<\/h3>\n<p style=\"text-align: justify;\">Tendemos a olvidar que nosotros mismos somos una parte natural del medio ambiente. Y hay algo muy importante sobre ser cubierto por la vida marina y ser absorbido de nuevo en el planeta. As\u00ed que espero que la gente sea consciente que somos tan dependientes del medio ambiente como lo es el medio ambiente de nosotros. Desafortunadamente, esta relaci\u00f3n rara vez est\u00e1 equilibrada.<\/p>\n<p style=\"text-align: justify;\">Se trata de tener una perspectiva diferente sobre nuestras propias vidas. Creo que la incorporaci\u00f3n de conceptos modernos en este tipo de ambiente submarino din\u00e1mico, puede permitirnos el retroceder brevemente en nuestras propias vidas y mirarnos a nosotros mismos en un contexto diferente.<\/p>\n<div style=\"max-width: 640;\">\n<div style=\"position: relative; height: 0; padding-bottom: 56.25%;\"><iframe loading=\"lazy\" style=\"position: absolute; left: 0; top: 0; width: 100%; height: 100%;\" src=\"https:\/\/embed.ted.com\/talks\/jason_decaires_taylor_an_underwater_art_museum_teeming_with_life\" width=\"640\" height=\"360\" frameborder=\"0\" scrolling=\"no\" allowfullscreen=\"allowfullscreen\"><\/iframe><\/div>\n<\/div>\n<h3>En tu charla TED, declaraste que debemos tratar el oc\u00e9ano como un museo, y protegerlo en consecuencia. \u00bfPor qu\u00e9 crees que \u00e9ste es el caso?<\/h3>\n<p style=\"text-align: justify;\">Hemos denominado \u00abmuseos\u00bb a estos proyectos porque un museo tiene un valor muy espec\u00edfico, y quer\u00eda atribuir ese mismo valor a nuestros oc\u00e9anos. Cuando ponemos objetos en un museo, tendemos a pensar que son preciosos, que vale la pena conservar y apreciar. Quiero que la gente tenga esa misma relaci\u00f3n con nuestros mares. El oc\u00e9ano es una zona submarina incre\u00edblemente diversa y hermosa, que a menudo se olvida. Al asignarle el mismo valor que un museo, espero que la relaci\u00f3n de la gente con el oc\u00e9ano cambie. Quiero seguir cambiando esta relaci\u00f3n para que el oc\u00e9ano ya no sea algo que la gente tema, sino algo que se den cuenta de que deben respetar y apreciar.<\/p>\n<p style=\"text-align: justify;\"><img decoding=\"async\" class=\"fr-dib fr-draggable aligncenter\" style=\"width: auto;\" src=\"\/wp-content\/uploads\/imgimport\/918\/dan-jc-ka17-142-1500x.jpg\" \/><\/p>\n<h3>\u00bfCu\u00e1n importante es la seguridad para t\u00ed al explorar el mundo submarino?<\/h3>\n<p style=\"text-align: justify;\">La seguridad es una consideraci\u00f3n vital en todos mis proyectos. Tengo la suerte de que muchas veces puedo elegir donde quiero instalar mis obras, lo que me permite elegir lugares que sean muy seguros, de f\u00e1cil acceso y ubicados a una profundidad razonable. Esto me permite animar a m\u00e1s novatos a explorar el mundo submarino, y hacerlo en un ambiente muy controlado.<\/p>\n<p style=\"text-align: justify;\">Muchos de mis proyectos de museo cuentan con guardaparques marinos que vigilan la zona, tenemos boyas de descenso y boyas de ascenso, y tambi\u00e9n entrenamos a nuestros gu\u00edas para llevar a la gente a recorrer los museos, logrando que el buceo sea seguro en todo momento.<\/p>\n<p><img decoding=\"async\" class=\"fr-dib fr-draggable aligncenter\" style=\"width: auto;\" src=\"\/wp-content\/uploads\/imgimport\/918\/dsc6083-1500x.jpg\" \/><\/p>\n<h3>\u00bfDe qu\u00e9 modo te apoya DAN, tanto como artista como buceador?<\/h3>\n<p style=\"text-align: justify;\">Trabajar en un ambiente marino tiene sus peligros, especialmente en el caso de mi singular carrera y desaf\u00edo haciendo esculturas submarinas. Tener la seguridad de DAN, y saber que estoy cubierto en caso de una emergencia, no tiene precio.<\/p>\n","protected":false},"excerpt":{"rendered":"<p>Jason deCaires Taylor es un escultor, ecologista y fot\u00f3grafo submarino profesional. Uno de sus proyectos m\u00e1s recientes y reconocidos es el Museo Atl\u00e1ntico, una colecci\u00f3n&#8230;<\/p>\n","protected":false},"author":1,"featured_media":11375992,"comment_status":"closed","ping_status":"closed","sticky":false,"template":"","format":"standard","meta":{"_acf_changed":false,"footnotes":""},"categories":[383],"tags":[1842],"authors":[568],"class_list":["post-11385381","post","type-post","status-publish","format-standard","has-post-thumbnail","hentry","category-articulos","tag-perfil-del-afiliado-a-dan","authors-dan-staff-es_es"],"acf":[],"yoast_head":"<!-- This site is optimized with the Yoast SEO plugin v24.2 - https:\/\/yoast.com\/wordpress\/plugins\/seo\/ -->\n<title>Arte subacu\u00e1tico: entrevista con Jason deCaires Taylor - Alert Diver<\/title>\n<meta name=\"robots\" content=\"index, follow, max-snippet:-1, max-image-preview:large, max-video-preview:-1\" \/>\n<link rel=\"canonical\" href=\"https:\/\/alertdiver.eu\/es_ES\/articulos\/arte-subacuatico-entrevista-con-jason-decaires-taylor\/\" \/>\n<meta property=\"og:locale\" content=\"es_ES\" \/>\n<meta property=\"og:type\" content=\"article\" \/>\n<meta property=\"og:title\" content=\"Arte subacu\u00e1tico: entrevista con Jason deCaires Taylor - Alert Diver\" \/>\n<meta property=\"og:description\" content=\"Jason deCaires Taylor es un escultor, ecologista y fot\u00f3grafo submarino profesional. Uno de sus proyectos m\u00e1s recientes y reconocidos es el Museo Atl\u00e1ntico, una colecci\u00f3n...\" \/>\n<meta property=\"og:url\" content=\"https:\/\/alertdiver.eu\/es_ES\/articulos\/arte-subacuatico-entrevista-con-jason-decaires-taylor\/\" \/>\n<meta property=\"og:site_name\" content=\"Alert Diver\" \/>\n<meta property=\"article:published_time\" content=\"2017-06-12T22:00:00+00:00\" \/>\n<meta property=\"article:modified_time\" content=\"2023-12-12T10:55:11+00:00\" \/>\n<meta property=\"og:image\" content=\"https:\/\/alertdiver.eu\/wp-content\/uploads\/2023\/06\/jason-decaires-taylor-bannerweb-250x1120-spec.jpg\" \/>\n\t<meta property=\"og:image:width\" content=\"2560\" \/>\n\t<meta property=\"og:image:height\" content=\"1120\" \/>\n\t<meta property=\"og:image:type\" content=\"image\/jpeg\" \/>\n<meta name=\"author\" content=\"microfilla\" \/>\n<meta name=\"twitter:card\" content=\"summary_large_image\" \/>\n<meta name=\"twitter:label1\" content=\"Escrito por\" \/>\n\t<meta name=\"twitter:data1\" content=\"microfilla\" \/>\n\t<meta name=\"twitter:label2\" content=\"Tiempo de lectura\" \/>\n\t<meta name=\"twitter:data2\" content=\"9 minutos\" \/>\n<script type=\"application\/ld+json\" class=\"yoast-schema-graph\">{\"@context\":\"https:\/\/schema.org\",\"@graph\":[{\"@type\":\"Article\",\"@id\":\"https:\/\/alertdiver.eu\/es_ES\/articulos\/arte-subacuatico-entrevista-con-jason-decaires-taylor\/#article\",\"isPartOf\":{\"@id\":\"https:\/\/alertdiver.eu\/es_ES\/articulos\/arte-subacuatico-entrevista-con-jason-decaires-taylor\/\"},\"author\":{\"name\":\"microfilla\",\"@id\":\"https:\/\/alertdiver.eu\/es_ES\/#\/schema\/person\/9ba7cb3f05522d75bf215ab2cf40b01b\"},\"headline\":\"Arte subacu\u00e1tico: entrevista con Jason deCaires Taylor\",\"datePublished\":\"2017-06-12T22:00:00+00:00\",\"dateModified\":\"2023-12-12T10:55:11+00:00\",\"mainEntityOfPage\":{\"@id\":\"https:\/\/alertdiver.eu\/es_ES\/articulos\/arte-subacuatico-entrevista-con-jason-decaires-taylor\/\"},\"wordCount\":1516,\"publisher\":{\"@id\":\"https:\/\/alertdiver.eu\/es_ES\/#organization\"},\"image\":{\"@id\":\"https:\/\/alertdiver.eu\/es_ES\/articulos\/arte-subacuatico-entrevista-con-jason-decaires-taylor\/#primaryimage\"},\"thumbnailUrl\":\"https:\/\/alertdiver.eu\/wp-content\/uploads\/2023\/06\/jason-decaires-taylor-bannerweb-250x1120-spec.jpg\",\"keywords\":[\"Perfil del afiliado a DAN\"],\"articleSection\":[\"Articulos\"],\"inLanguage\":\"es\"},{\"@type\":\"WebPage\",\"@id\":\"https:\/\/alertdiver.eu\/es_ES\/articulos\/arte-subacuatico-entrevista-con-jason-decaires-taylor\/\",\"url\":\"https:\/\/alertdiver.eu\/es_ES\/articulos\/arte-subacuatico-entrevista-con-jason-decaires-taylor\/\",\"name\":\"Arte subacu\u00e1tico: entrevista con Jason deCaires Taylor - Alert Diver\",\"isPartOf\":{\"@id\":\"https:\/\/alertdiver.eu\/es_ES\/#website\"},\"primaryImageOfPage\":{\"@id\":\"https:\/\/alertdiver.eu\/es_ES\/articulos\/arte-subacuatico-entrevista-con-jason-decaires-taylor\/#primaryimage\"},\"image\":{\"@id\":\"https:\/\/alertdiver.eu\/es_ES\/articulos\/arte-subacuatico-entrevista-con-jason-decaires-taylor\/#primaryimage\"},\"thumbnailUrl\":\"https:\/\/alertdiver.eu\/wp-content\/uploads\/2023\/06\/jason-decaires-taylor-bannerweb-250x1120-spec.jpg\",\"datePublished\":\"2017-06-12T22:00:00+00:00\",\"dateModified\":\"2023-12-12T10:55:11+00:00\",\"breadcrumb\":{\"@id\":\"https:\/\/alertdiver.eu\/es_ES\/articulos\/arte-subacuatico-entrevista-con-jason-decaires-taylor\/#breadcrumb\"},\"inLanguage\":\"es\",\"potentialAction\":[{\"@type\":\"ReadAction\",\"target\":[\"https:\/\/alertdiver.eu\/es_ES\/articulos\/arte-subacuatico-entrevista-con-jason-decaires-taylor\/\"]}]},{\"@type\":\"ImageObject\",\"inLanguage\":\"es\",\"@id\":\"https:\/\/alertdiver.eu\/es_ES\/articulos\/arte-subacuatico-entrevista-con-jason-decaires-taylor\/#primaryimage\",\"url\":\"https:\/\/alertdiver.eu\/wp-content\/uploads\/2023\/06\/jason-decaires-taylor-bannerweb-250x1120-spec.jpg\",\"contentUrl\":\"https:\/\/alertdiver.eu\/wp-content\/uploads\/2023\/06\/jason-decaires-taylor-bannerweb-250x1120-spec.jpg\",\"width\":2560,\"height\":1120},{\"@type\":\"BreadcrumbList\",\"@id\":\"https:\/\/alertdiver.eu\/es_ES\/articulos\/arte-subacuatico-entrevista-con-jason-decaires-taylor\/#breadcrumb\",\"itemListElement\":[{\"@type\":\"ListItem\",\"position\":1,\"name\":\"Home\",\"item\":\"https:\/\/alertdiver.eu\/es_ES\/\"},{\"@type\":\"ListItem\",\"position\":2,\"name\":\"Arte subacu\u00e1tico: entrevista con Jason deCaires Taylor\"}]},{\"@type\":\"WebSite\",\"@id\":\"https:\/\/alertdiver.eu\/es_ES\/#website\",\"url\":\"https:\/\/alertdiver.eu\/es_ES\/\",\"name\":\"Alert Diver Europe\",\"description\":\"Access, discover and share the latest diving safety content from DAN Europe.\",\"publisher\":{\"@id\":\"https:\/\/alertdiver.eu\/es_ES\/#organization\"},\"potentialAction\":[{\"@type\":\"SearchAction\",\"target\":{\"@type\":\"EntryPoint\",\"urlTemplate\":\"https:\/\/alertdiver.eu\/es_ES\/?s={search_term_string}\"},\"query-input\":{\"@type\":\"PropertyValueSpecification\",\"valueRequired\":true,\"valueName\":\"search_term_string\"}}],\"inLanguage\":\"es\"},{\"@type\":\"Organization\",\"@id\":\"https:\/\/alertdiver.eu\/es_ES\/#organization\",\"name\":\"Alert Diver Europe\",\"url\":\"https:\/\/alertdiver.eu\/es_ES\/\",\"logo\":{\"@type\":\"ImageObject\",\"inLanguage\":\"es\",\"@id\":\"https:\/\/alertdiver.eu\/es_ES\/#\/schema\/logo\/image\/\",\"url\":\"https:\/\/alertdiver.eu\/wp-content\/uploads\/2023\/02\/cropped-favicon.png\",\"contentUrl\":\"https:\/\/alertdiver.eu\/wp-content\/uploads\/2023\/02\/cropped-favicon.png\",\"width\":512,\"height\":512,\"caption\":\"Alert Diver Europe\"},\"image\":{\"@id\":\"https:\/\/alertdiver.eu\/es_ES\/#\/schema\/logo\/image\/\"}},{\"@type\":\"Person\",\"@id\":\"https:\/\/alertdiver.eu\/es_ES\/#\/schema\/person\/9ba7cb3f05522d75bf215ab2cf40b01b\",\"name\":\"microfilla\",\"image\":{\"@type\":\"ImageObject\",\"inLanguage\":\"es\",\"@id\":\"https:\/\/alertdiver.eu\/es_ES\/#\/schema\/person\/image\/\",\"url\":\"https:\/\/secure.gravatar.com\/avatar\/09f39449f14df8c3ad651888221bb907?s=96&d=mm&r=g\",\"contentUrl\":\"https:\/\/secure.gravatar.com\/avatar\/09f39449f14df8c3ad651888221bb907?s=96&d=mm&r=g\",\"caption\":\"microfilla\"},\"sameAs\":[\"https:\/\/microfilla.com\"],\"url\":\"https:\/\/alertdiver.eu\/es_ES\/author\/microfilla\/\"}]}<\/script>\n<!-- \/ Yoast SEO plugin. -->","yoast_head_json":{"title":"Arte subacu\u00e1tico: entrevista con Jason deCaires Taylor - Alert Diver","robots":{"index":"index","follow":"follow","max-snippet":"max-snippet:-1","max-image-preview":"max-image-preview:large","max-video-preview":"max-video-preview:-1"},"canonical":"https:\/\/alertdiver.eu\/es_ES\/articulos\/arte-subacuatico-entrevista-con-jason-decaires-taylor\/","og_locale":"es_ES","og_type":"article","og_title":"Arte subacu\u00e1tico: entrevista con Jason deCaires Taylor - Alert Diver","og_description":"Jason deCaires Taylor es un escultor, ecologista y fot\u00f3grafo submarino profesional. Uno de sus proyectos m\u00e1s recientes y reconocidos es el Museo Atl\u00e1ntico, una colecci\u00f3n...","og_url":"https:\/\/alertdiver.eu\/es_ES\/articulos\/arte-subacuatico-entrevista-con-jason-decaires-taylor\/","og_site_name":"Alert Diver","article_published_time":"2017-06-12T22:00:00+00:00","article_modified_time":"2023-12-12T10:55:11+00:00","og_image":[{"width":2560,"height":1120,"url":"https:\/\/alertdiver.eu\/wp-content\/uploads\/2023\/06\/jason-decaires-taylor-bannerweb-250x1120-spec.jpg","type":"image\/jpeg"}],"author":"microfilla","twitter_card":"summary_large_image","twitter_misc":{"Escrito por":"microfilla","Tiempo de lectura":"9 minutos"},"schema":{"@context":"https:\/\/schema.org","@graph":[{"@type":"Article","@id":"https:\/\/alertdiver.eu\/es_ES\/articulos\/arte-subacuatico-entrevista-con-jason-decaires-taylor\/#article","isPartOf":{"@id":"https:\/\/alertdiver.eu\/es_ES\/articulos\/arte-subacuatico-entrevista-con-jason-decaires-taylor\/"},"author":{"name":"microfilla","@id":"https:\/\/alertdiver.eu\/es_ES\/#\/schema\/person\/9ba7cb3f05522d75bf215ab2cf40b01b"},"headline":"Arte subacu\u00e1tico: entrevista con Jason deCaires Taylor","datePublished":"2017-06-12T22:00:00+00:00","dateModified":"2023-12-12T10:55:11+00:00","mainEntityOfPage":{"@id":"https:\/\/alertdiver.eu\/es_ES\/articulos\/arte-subacuatico-entrevista-con-jason-decaires-taylor\/"},"wordCount":1516,"publisher":{"@id":"https:\/\/alertdiver.eu\/es_ES\/#organization"},"image":{"@id":"https:\/\/alertdiver.eu\/es_ES\/articulos\/arte-subacuatico-entrevista-con-jason-decaires-taylor\/#primaryimage"},"thumbnailUrl":"https:\/\/alertdiver.eu\/wp-content\/uploads\/2023\/06\/jason-decaires-taylor-bannerweb-250x1120-spec.jpg","keywords":["Perfil del afiliado a DAN"],"articleSection":["Articulos"],"inLanguage":"es"},{"@type":"WebPage","@id":"https:\/\/alertdiver.eu\/es_ES\/articulos\/arte-subacuatico-entrevista-con-jason-decaires-taylor\/","url":"https:\/\/alertdiver.eu\/es_ES\/articulos\/arte-subacuatico-entrevista-con-jason-decaires-taylor\/","name":"Arte subacu\u00e1tico: entrevista con Jason deCaires Taylor - Alert Diver","isPartOf":{"@id":"https:\/\/alertdiver.eu\/es_ES\/#website"},"primaryImageOfPage":{"@id":"https:\/\/alertdiver.eu\/es_ES\/articulos\/arte-subacuatico-entrevista-con-jason-decaires-taylor\/#primaryimage"},"image":{"@id":"https:\/\/alertdiver.eu\/es_ES\/articulos\/arte-subacuatico-entrevista-con-jason-decaires-taylor\/#primaryimage"},"thumbnailUrl":"https:\/\/alertdiver.eu\/wp-content\/uploads\/2023\/06\/jason-decaires-taylor-bannerweb-250x1120-spec.jpg","datePublished":"2017-06-12T22:00:00+00:00","dateModified":"2023-12-12T10:55:11+00:00","breadcrumb":{"@id":"https:\/\/alertdiver.eu\/es_ES\/articulos\/arte-subacuatico-entrevista-con-jason-decaires-taylor\/#breadcrumb"},"inLanguage":"es","potentialAction":[{"@type":"ReadAction","target":["https:\/\/alertdiver.eu\/es_ES\/articulos\/arte-subacuatico-entrevista-con-jason-decaires-taylor\/"]}]},{"@type":"ImageObject","inLanguage":"es","@id":"https:\/\/alertdiver.eu\/es_ES\/articulos\/arte-subacuatico-entrevista-con-jason-decaires-taylor\/#primaryimage","url":"https:\/\/alertdiver.eu\/wp-content\/uploads\/2023\/06\/jason-decaires-taylor-bannerweb-250x1120-spec.jpg","contentUrl":"https:\/\/alertdiver.eu\/wp-content\/uploads\/2023\/06\/jason-decaires-taylor-bannerweb-250x1120-spec.jpg","width":2560,"height":1120},{"@type":"BreadcrumbList","@id":"https:\/\/alertdiver.eu\/es_ES\/articulos\/arte-subacuatico-entrevista-con-jason-decaires-taylor\/#breadcrumb","itemListElement":[{"@type":"ListItem","position":1,"name":"Home","item":"https:\/\/alertdiver.eu\/es_ES\/"},{"@type":"ListItem","position":2,"name":"Arte subacu\u00e1tico: entrevista con Jason deCaires Taylor"}]},{"@type":"WebSite","@id":"https:\/\/alertdiver.eu\/es_ES\/#website","url":"https:\/\/alertdiver.eu\/es_ES\/","name":"Alert Diver Europe","description":"Access, discover and share the latest diving safety content from DAN Europe.","publisher":{"@id":"https:\/\/alertdiver.eu\/es_ES\/#organization"},"potentialAction":[{"@type":"SearchAction","target":{"@type":"EntryPoint","urlTemplate":"https:\/\/alertdiver.eu\/es_ES\/?s={search_term_string}"},"query-input":{"@type":"PropertyValueSpecification","valueRequired":true,"valueName":"search_term_string"}}],"inLanguage":"es"},{"@type":"Organization","@id":"https:\/\/alertdiver.eu\/es_ES\/#organization","name":"Alert Diver Europe","url":"https:\/\/alertdiver.eu\/es_ES\/","logo":{"@type":"ImageObject","inLanguage":"es","@id":"https:\/\/alertdiver.eu\/es_ES\/#\/schema\/logo\/image\/","url":"https:\/\/alertdiver.eu\/wp-content\/uploads\/2023\/02\/cropped-favicon.png","contentUrl":"https:\/\/alertdiver.eu\/wp-content\/uploads\/2023\/02\/cropped-favicon.png","width":512,"height":512,"caption":"Alert Diver Europe"},"image":{"@id":"https:\/\/alertdiver.eu\/es_ES\/#\/schema\/logo\/image\/"}},{"@type":"Person","@id":"https:\/\/alertdiver.eu\/es_ES\/#\/schema\/person\/9ba7cb3f05522d75bf215ab2cf40b01b","name":"microfilla","image":{"@type":"ImageObject","inLanguage":"es","@id":"https:\/\/alertdiver.eu\/es_ES\/#\/schema\/person\/image\/","url":"https:\/\/secure.gravatar.com\/avatar\/09f39449f14df8c3ad651888221bb907?s=96&d=mm&r=g","contentUrl":"https:\/\/secure.gravatar.com\/avatar\/09f39449f14df8c3ad651888221bb907?s=96&d=mm&r=g","caption":"microfilla"},"sameAs":["https:\/\/microfilla.com"],"url":"https:\/\/alertdiver.eu\/es_ES\/author\/microfilla\/"}]}},"_links":{"self":[{"href":"https:\/\/alertdiver.eu\/es_ES\/wp-json\/wp\/v2\/posts\/11385381","targetHints":{"allow":["GET"]}}],"collection":[{"href":"https:\/\/alertdiver.eu\/es_ES\/wp-json\/wp\/v2\/posts"}],"about":[{"href":"https:\/\/alertdiver.eu\/es_ES\/wp-json\/wp\/v2\/types\/post"}],"author":[{"embeddable":true,"href":"https:\/\/alertdiver.eu\/es_ES\/wp-json\/wp\/v2\/users\/1"}],"replies":[{"embeddable":true,"href":"https:\/\/alertdiver.eu\/es_ES\/wp-json\/wp\/v2\/comments?post=11385381"}],"version-history":[{"count":1,"href":"https:\/\/alertdiver.eu\/es_ES\/wp-json\/wp\/v2\/posts\/11385381\/revisions"}],"predecessor-version":[{"id":11388767,"href":"https:\/\/alertdiver.eu\/es_ES\/wp-json\/wp\/v2\/posts\/11385381\/revisions\/11388767"}],"wp:featuredmedia":[{"embeddable":true,"href":"https:\/\/alertdiver.eu\/es_ES\/wp-json\/wp\/v2\/media\/11375992"}],"wp:attachment":[{"href":"https:\/\/alertdiver.eu\/es_ES\/wp-json\/wp\/v2\/media?parent=11385381"}],"wp:term":[{"taxonomy":"category","embeddable":true,"href":"https:\/\/alertdiver.eu\/es_ES\/wp-json\/wp\/v2\/categories?post=11385381"},{"taxonomy":"post_tag","embeddable":true,"href":"https:\/\/alertdiver.eu\/es_ES\/wp-json\/wp\/v2\/tags?post=11385381"},{"taxonomy":"authors","embeddable":true,"href":"https:\/\/alertdiver.eu\/es_ES\/wp-json\/wp\/v2\/authors?post=11385381"}],"curies":[{"name":"wp","href":"https:\/\/api.w.org\/{rel}","templated":true}]}}