{"id":11385472,"date":"2023-06-06T00:00:00","date_gmt":"2023-06-05T22:00:00","guid":{"rendered":"https:\/\/alertdiver.eu\/sin-categorizar\/vfc-y-estres-fisiologico-inducido-por-la-descompresion\/"},"modified":"2023-08-28T12:55:04","modified_gmt":"2023-08-28T10:55:04","slug":"vfc-y-estres-fisiologico-inducido-por-la-descompresion","status":"publish","type":"post","link":"https:\/\/alertdiver.eu\/es_ES\/articulos\/vfc-y-estres-fisiologico-inducido-por-la-descompresion\/","title":{"rendered":"VFC  y estr\u00e9s fisiol\u00f3gico inducido por la descompresi\u00f3n"},"content":{"rendered":"<p data-pm-slice=\"1 1 [&quot;table&quot;,{&quot;isNumberColumnEnabled&quot;:false,&quot;layout&quot;:&quot;full-width&quot;,&quot;__autoSize&quot;:false,&quot;localId&quot;:&quot;249853c3-5a56-48c9-8b0d-3debb97bfb1b&quot;},&quot;tableRow&quot;,null,&quot;tableCell&quot;,{&quot;colspan&quot;:1,&quot;rowspan&quot;:1,&quot;colwidth&quot;:[529],&quot;background&quot;:null}]\"><em>Nota del editor: Presentamos aqu\u00ed el an\u00e1lisis de un colaborador sobre un tema reciente y muy debatido, que arroja luz sobre un estudio en el que tambi\u00e9n participan investigadores de DAN Europe. El art\u00edculo explora el intrincado v\u00ednculo entre la Variabilidad de la Frecuencia Card\u00edaca (VFC) y el estr\u00e9s de descompresi\u00f3n.<\/em><\/p>\n<hr \/>\n<p style=\"text-align: justify;\" data-renderer-start-pos=\"8803\">No hay nada que les guste m\u00e1s a los buceadores que encontrar una forma de recortar cinco minutos a su descompresi\u00f3n, independientemente de que la justificaci\u00f3n sea un tentempi\u00e9 especialmente sabroso que espera en la superficie o datos de una investigaci\u00f3n seria.<\/p>\n<p style=\"text-align: justify;\" data-renderer-start-pos=\"9067\">Gracias al trabajo reciente de un equipo de investigadores brasile\u00f1os e italianos, y a una comprensi\u00f3n cada vez mayor de la enfermedad de descompresi\u00f3n, es posible que pronto se pueda cambiar la forma de planificar tus inmersiones de descompresi\u00f3n, de una manera seria. Un proyecto reciente, cuyo objetivo es desarrollar una herramienta para cuantificar mejor el estr\u00e9s descompresivo en los buceadores, ha logrado correlacionar una m\u00e9trica utilizada hist\u00f3ricamente en medicina cardiovascular y los marcadores conocidos del estr\u00e9s descompresivo, combinando ambos con un enfoque que considera la enfermedad por descompresi\u00f3n, no como una enfermedad causada por unas pocas burbujas rebeldes, sino como una enfermedad multifac\u00e9tica desencadenada por los factores que conocemos e impulsada por las respuestas fisiol\u00f3gicas a esos desencadenantes.<\/p>\n<p style=\"text-align: justify;\" data-renderer-start-pos=\"9067\"><img decoding=\"async\" class=\"fr-dib fr-draggable\" style=\"width: auto;\" src=\"\/wp-content\/uploads\/imgimport\/1152\/diver-1500.jpg\" \/><\/p>\n<p style=\"text-align: justify;\" data-renderer-start-pos=\"9909\">No es que la enfermedad por descompresi\u00f3n ya no tenga que ver con las burbujas, sino que no s\u00f3lo tiene que ver con las burbujas. En la \u00faltima d\u00e9cada, un gran n\u00famero de nuevas investigaciones han ilustrado un modelo para la enfermedad descompresiva que se basa en un n\u00famero cada vez mayor de respuestas fisiol\u00f3gicas y mecanismos bioqu\u00edmicos, cada vez m\u00e1s complejos. El catalizador de este cambio en la comprensi\u00f3n ha sido principalmente la implicaci\u00f3n de la investigaci\u00f3n de la disfunci\u00f3n endotelial en la enfermedad por descompresi\u00f3n. Los procesos de se\u00f1alizaci\u00f3n y respuesta de las c\u00e9lulas endoteliales se han relacionado con numerosos procesos patol\u00f3gicos y se ha disparado el inter\u00e9s por estos procesos y por la contribuci\u00f3n de los procesos inflamatorios a las enfermedades conocidas. La disfunci\u00f3n endotelial es compleja y sigue evolucionando, pero lo que es importante entender es que la investigaci\u00f3n moderna ha demostrado que incluso enfermedades que cre\u00edamos bien comprendidas pueden no ser producto de un \u00fanico agente ofensivo, sino fruto de una combinaci\u00f3n de un desencadenante y las propias respuestas del organismo; en algunos casos, la enfermedad puede estar causada por la propia respuesta del organismo a ese desencadenante, en su totalidad.<\/p>\n<p style=\"text-align: justify;\" data-renderer-start-pos=\"11167\">Desgraciadamente, esto significa que ya no podemos pensar en la enfermedad por descompresi\u00f3n como una simple enfermedad causada por burbujas en el torrente sangu\u00edneo. En realidad, se ha demostrado que los \u00e9mbolos de gas venoso (burbujas reales en la sangre) son un <a href=\"https:\/\/scholar.google.com\/scholar_lookup?title=Venous+gas+emboli+detected+by+two-dimensional+echocardiography+are+an+imperfect+surrogate+endpoint+for+decompression+sickness%2E&amp;journal=Diving+Hyperb%2E+Med%2E&amp;author=Doolette+D.+J.&amp;publication_year=2016&amp;volume=46&amp;pages=4%E2%80%9310\" target=\"_blank\" rel=\"noopener\">mal indicador de la ED<\/a> y <a href=\"https:\/\/link.springer.com\/article\/10.1007\/s00421-018-3854-7\" target=\"_blank\" rel=\"noopener\">var\u00edan enormemente de un buceador a otro<\/a>. En cambio, la disfunci\u00f3n endotelial se ha correlacionado con la <a href=\"https:\/\/physoc.onlinelibrary.wiley.com\/doi\/full\/10.1113\/jphysiol.2005.089862\" target=\"_blank\" rel=\"noopener\">exposici\u00f3n hiperb\u00e1rica<\/a>, y con ello los investigadores han tenido que bucear profundamente en los procesos inflamatorios y lo que conlleva las inmersiones reales que hacemos y la enfermedad por descompresi\u00f3n que pueda resultar.<\/p>\n<h3 style=\"text-align: left;\" data-renderer-start-pos=\"11791\">El papel de la Variabilidad de la Frecuencia Cardiaca (VFC)<\/h3>\n<p style=\"text-align: justify;\" data-renderer-start-pos=\"11852\">La variabilidad de la frecuencia cardiaca (VFC), utilizada como posible abreviatura de una medida de respuestas inflamatorias espec\u00edficas, se ha correlacionado con una serie de afecciones, desde la <a href=\"https:\/\/linkinghub.elsevier.com\/retrieve\/pii\/0735109789904087\" target=\"_blank\" rel=\"noopener\">diabetes hasta las enfermedades cardiovasculaares<\/a>, y se ha demostrado que <a href=\"https:\/\/scholar.google.com\/scholar_lookup?title=Effect+of+shallow+and+deep+SCUBA+dives+on+heart+rate+variability%2E&amp;journal=Front%2E+Physiol%2E&amp;author=Noh+Y.&amp;author=Posada-Quintero+H.+F.&amp;author=Bai+Y.&amp;author=White+J.&amp;author=Florian+J.+P.&amp;author=Brink+P.+R.&amp;publication_year=2018&amp;volume=9&amp;issue=110\" target=\"_blank\" rel=\"noopener\">cambian con el buceo<\/a>. Aqu\u00ed es donde entra en juego este <a href=\"https:\/\/www.frontiersin.org\/articles\/10.3389\/fphys.2020.00743\/full\" target=\"_blank\" rel=\"noopener\">\u00faltimo estudio<\/a>. Se ha demostrado que las <a href=\"https:\/\/www.trasci.com\/article\/S1473-0502(15)00174-3\/fulltext\" target=\"_blank\" rel=\"noopener\">micropart\u00edculas<\/a> en la sangre est\u00e1n relacionadas con la inflamaci\u00f3n, que la VFC cambia con el buceo y est\u00e1 relacionada con la inflamaci\u00f3n, y que las micropart\u00edculas aumentan con la exposici\u00f3n a los <a href=\"https:\/\/doi.org\/10.1074\/jbc.M113.543702\" target=\"_blank\" rel=\"noopener\">gases hiperb\u00e1ricos inertes<\/a>, por lo que es posible que la VFC pueda utilizarse como una herramienta pr\u00e1ctica para medir las respuestas inflamatorias de los buceadores y estimar potencialmente el riesgo de sufrir enfermedad por descompresi\u00f3n. Si esto suena ambicioso, es porque lo es, pero si la correlaci\u00f3n entre la variabilidad de la frecuencia cardiaca y el estr\u00e9s fisiol\u00f3gico inducido por la descompresi\u00f3n pudiera validarse, resultar\u00eda como \u00a0una enormemente poderosa herramienta para comprender c\u00f3mo y por qu\u00e9 se lesionan los buceadores, cu\u00e1les son las respuestas fisiol\u00f3gicas al estr\u00e9s por descompresi\u00f3n y proporcionar\u00eda un m\u00e9todo para estimar el riesgo de descompresi\u00f3n sobre el terreno. A\u00fan no hemos llegado a ese punto, pero se trata de un primer paso emocionante, el tipo de cosas con las que sue\u00f1an los frikis de las burbujas.<\/p>\n<p style=\"text-align: justify;\" data-renderer-start-pos=\"11852\"><img decoding=\"async\" class=\"fr-dib fr-draggable\" style=\"width: auto;\" src=\"\/wp-content\/uploads\/imgimport\/1152\/diver2-1500.jpg\" \/><\/p>\n<p style=\"text-align: justify;\" data-renderer-start-pos=\"13255\">La investigaci\u00f3n b\u00e1sica es un poco compleja, pero el quid de este estudio es la idea de que la VFC puede correlacionarse con marcadores inflamatorios asociados a la enfermedad descompresiva y utilizarse directamente como medida del riesgo de enfermedad por descompresi\u00f3n. En concreto, este equipo analiz\u00f3 marcadores extra\u00eddos de muestras de sangre y resultados de ECG para empezar a correlacionar la VFC con estos marcadores inflamatorios. Se someti\u00f3 a 28 voluntarios a dos perfiles de inmersi\u00f3n distintos en una de las tres instalaciones. <span data-renderer-mark=\"true\" data-text-custom-color=\"#36b37e\">Todos los perfiles de inmersi\u00f3n ten\u00edan el mismo tiempo total de descompresi\u00f3n y la misma sobresaturaci\u00f3n de gas, aunque variaban en las profundidades de las paradas de descompresi\u00f3n, para incluir alguna variaci\u00f3n. Los intervalos entre inmersiones y los intervalos de recogida de datos fueron los mismos.<\/span><\/p>\n<p style=\"text-align: justify;\" data-renderer-start-pos=\"14100\"><span data-renderer-mark=\"true\" data-text-custom-color=\"#36b37e\">Los investigadores consolidaron los datos entre los dos perfiles para poder analizarlos como un \u00fanico conjunto de datos.<\/span> Dependiendo de la instalaci\u00f3n, los participantes utilizaron <em data-renderer-mark=\"true\">rebreathers<\/em> de circuito cerrado, gas respirable suministrado por c\u00e1mara hiperb\u00e1rica o equipos de buceo de circuito abierto. Se obtuvieron muestras de sangre y ECG antes y despu\u00e9s de cada inmersi\u00f3n, con un intervalo de 30 minutos antes y despu\u00e9s de cada inmersi\u00f3n, y se requiri\u00f3 un intervalo m\u00ednimo de 48 horas entre inmersiones para evitar que los datos se distorsionaran debido a los efectos persistentes de la exposici\u00f3n anterior.<\/p>\n<p style=\"text-align: justify;\" data-renderer-start-pos=\"14100\"><img decoding=\"async\" class=\"fr-dib fr-draggable\" style=\"width: auto;\" src=\"\/wp-content\/uploads\/imgimport\/1152\/image1-1500.jpg\" \/><\/p>\n<p style=\"text-align: center;\" data-renderer-start-pos=\"14100\"><em data-renderer-mark=\"true\">Imagen: Diagrama de flujo del procedimiento &#8211; Asociaci\u00f3n entre la variabilidad de la frecuencia cardiaca y el estr\u00e9s fisiol\u00f3gico inducido por la descompresi\u00f3n<\/em><\/p>\n<p style=\"text-align: justify;\" data-renderer-start-pos=\"14883\">Los resultados significativos acumulados se analizaron de la forma mejor descrita por los propios <a href=\"https:\/\/www.frontiersin.org\/articles\/10.3389\/fphys.2020.00743\/full\" target=\"_blank\" rel=\"noopener\">autores<\/a>, y luego se utilizaron para crear un modelo te\u00f3rico que extrapolara los resultados extra\u00eddos del grupo de muestra relativamente peque\u00f1o y los modelara en un conjunto de datos que inclu\u00eda aproximadamente 1000 inmersiones. <span data-renderer-mark=\"true\" data-text-custom-color=\"#00b8d9\">Hay varias v\u00edas interesantes que seguir entre los puntos de datos posteriores al an\u00e1lisis, pero el enfoque en la relaci\u00f3n entre la VFC y los marcadores inflamatorios mostr\u00f3 un cambio estad\u00edsticamente significativo que podr\u00eda ser muy prometedor.\u00a0<\/span><\/p>\n<p style=\"text-align: justify;\" data-renderer-start-pos=\"15457\"><span data-renderer-mark=\"true\" data-text-custom-color=\"#00b8d9\">Los datos pueden ser intimidantes, pero las tendencias clave pueden verse en la relaci\u00f3n entre la VFC y el SDNN (\u201c<\/span><em data-renderer-mark=\"true\"><span data-renderer-mark=\"true\" data-text-custom-color=\"#00b8d9\">Desviaci\u00f3n Est\u00e1ndar entre los valores normales\u201d, N. del T.\u201d<\/span><\/em><span data-renderer-mark=\"true\" data-text-custom-color=\"#00b8d9\">); la anexina y los MP (\u201c<\/span><em data-renderer-mark=\"true\"><span data-renderer-mark=\"true\" data-text-custom-color=\"#00b8d9\">Micro Part\u00edculas, N.del T<\/span><\/em><span data-renderer-mark=\"true\" data-text-custom-color=\"#00b8d9\">.\u201d), y la asociaci\u00f3n positiva entre la VFC y los MP CD66b+ y CD31+. Para los perdidos en el baile de siglas, todo eso significa esencialmente que las correlaciones de m\u00faltiples datos parecen converger de forma que aportan pruebas estad\u00edsticamente v\u00e1lidas para las hip\u00f3tesis de los investigadores<\/span>.<\/p>\n<p style=\"text-align: justify;\" data-renderer-start-pos=\"15457\"><img decoding=\"async\" class=\"fr-dib fr-draggable\" style=\"width: auto;\" src=\"\/wp-content\/uploads\/imgimport\/1152\/image2-1500.jpg\" \/><\/p>\n<p style=\"text-align: center;\" data-renderer-start-pos=\"15457\"><em data-renderer-mark=\"true\">Relaciones de postmodelaci\u00f3n entre los indicadores de la VFC, MPO y MP &#8211; Asociaci\u00f3n entre la variabilidad de la frecuencia cardiaca y la descompresi\u00f3n &#8211; Estr\u00e9s fisiol\u00f3gico inducido<\/em><\/p>\n<p style=\"text-align: justify;\" data-renderer-start-pos=\"16164\"><em data-renderer-mark=\"true\">Nota: LF y HF son filtros de baja y alta frecuencia utilizados durante los estudios de ECG; ambos representan facetas diferentes del an\u00e1lisis electrocardiogr\u00e1fico de la VFC. Las diferencias no son cr\u00edticas para la comprensi\u00f3n general de este estudio, pero hay\u00a0<\/em><a href=\"https:\/\/www.ncbi.nlm.nih.gov\/pmc\/articles\/PMC5624990\/\" target=\"_blank\" rel=\"noopener\"><em data-renderer-mark=\"true\">m\u00e1s informaci\u00f3n disponible para los interesados<\/em><\/a><em data-renderer-mark=\"true\">.<\/em><\/p>\n<h3 style=\"text-align: left;\" data-renderer-start-pos=\"16474\">En Conclusi\u00f3n<\/h3>\n<p style=\"text-align: justify;\" data-renderer-start-pos=\"16489\">Si todo esto te parece un poco denso para una lectura informal de tarde, es porque lo es. El n\u00famero de variables que afectan a los procesos inflamatorios, a la enfermedad por descompresi\u00f3n e incluso a los datos cotidianos de la VFC en un mismo sujeto, es casi inconmensurable, y tener en cuenta tantas como sea posible requiere una enorme cantidad de investigaci\u00f3n fundamental y planificaci\u00f3n experimental. Intenta comprender los modelos lo suficiente como para validar la investigaci\u00f3n, y luego c\u00e9ntrate en los resultados, que en este caso parecen indicar principalmente una correlaci\u00f3n entre la VFC tras la descompresi\u00f3n y los indicadores de inflamaci\u00f3n fisiol\u00f3gica y estr\u00e9s, elegidos por los investigadores. Esto no es en absoluto una raz\u00f3n para comprar un puls\u00f3metro y acortar la descompresi\u00f3n todo lo que puedas, pero es un resultado prometedor y un potencial emocionante para el futuro. <span data-renderer-mark=\"true\" data-text-custom-color=\"#ffc400\">Cabe se\u00f1alar que los datos de los modelos animales no se correspond\u00edan con los ensayos en humanos, pero no aportaban nada que contradijera directamente las conclusiones de los estudios en humanos. Adem\u00e1s<\/span>, los resultados pueden variar en casos de sujetos que experimenten la enfermedad por descompresi\u00f3n, pero las posibilidades de investigaci\u00f3n futura son enormes.<\/p>\n<p style=\"text-align: justify;\" data-renderer-start-pos=\"17747\">Si se consigue validar a\u00fan m\u00e1s esta relaci\u00f3n entre la VFC y el estr\u00e9s descompresivo, es posible que los modelos de descompresi\u00f3n puedan ser validados cualitativamente por buceadores en tiempo real, y que por fin sea posible una comprensi\u00f3n real de las inc\u00f3gnitas entre la sobresaturaci\u00f3n tisular y la enfermedad por descompresi\u00f3n. Si se valida este modelo, podr\u00edamos estar ante cambios fundamentales en la forma de planificar la descompresi\u00f3n y de comprender y tratar la enfermedad descompresiva. Con la capacidad de la tecnolog\u00eda de consumo popular para identificar arritmias cardiacas a trav\u00e9s de un reloj de pulsera, no es imposible que en el futuro podamos ver algo como este modelado de la VFC incorporado a los ordenadores de buceo. No es algo que deba cambiar tu forma de bucear ahora, pero este estudio y la investigaci\u00f3n de nuevos modelos de comprensi\u00f3n polifac\u00e9tica de la enfermedad de descompresi\u00f3n deber\u00edan entusiasmarte de cara al futuro.<\/p>\n<hr \/>\n<p data-renderer-start-pos=\"20324\"><strong data-renderer-mark=\"true\"><span style=\"font-size: 18px;\">Trabajos citados:\u00a0<\/span><\/strong><\/p>\n<ol>\n<li data-renderer-start-pos=\"20346\"><a href=\"https:\/\/physoc.onlinelibrary.wiley.com\/doi\/full\/10.1113\/jphysiol.2005.089862\" target=\"_blank\" rel=\"noopener\"><u data-renderer-mark=\"true\">Brubakk, A. O., Duplancic, D., Valic, Z., Palada, I., Obad, A., Bakovic, D., et al. (2005). A single air dive reduces arterial endothelial function in man.\u00a0<\/u><em data-renderer-mark=\"true\"><u data-renderer-mark=\"true\">J. Physiol.<\/u><\/em><u data-renderer-mark=\"true\">\u00a0566, 901\u2013906. doi: 10.1113\/jphysiol.089862<\/u><\/a><\/li>\n<li data-renderer-start-pos=\"20560\"><a href=\"https:\/\/link.springer.com\/article\/10.1007\/s00421-018-3854-7\" target=\"_blank\" rel=\"noopener\"><u data-renderer-mark=\"true\">Papadopoulou, V., Germonpr\u00e9, P., Cosgrove, D., Eckersley, R. J., Dayton, P. A., Obeid, G., et al. (2018). Variability in circulating gas emboli after a same scuba diving exposure.\u00a0<\/u><em data-renderer-mark=\"true\"><u data-renderer-mark=\"true\">Eur. J. Appl. Physiol.<\/u><\/em><u data-renderer-mark=\"true\">\u00a0118, 1255\u20131264. doi: 10.1007\/s00421-018-3854-7<\/u><\/a><\/li>\n<li data-renderer-start-pos=\"20813\"><a href=\"https:\/\/scholar.google.com\/scholar_lookup?title=Venous+gas+emboli+detected+by+two-dimensional+echocardiography+are+an+imperfect+surrogate+endpoint+for+decompression+sickness%2E&amp;journal=Diving+Hyperb%2E+Med%2E&amp;author=Doolette+D.+J.&amp;publication_year=2016&amp;volume=46&amp;pages=4%E2%80%9310\" target=\"_blank\" rel=\"noopener\"><u data-renderer-mark=\"true\">Doolette, D. J. (2016). Venous gas emboli detected by two-dimensional echocardiography are an imperfect surrogate endpoint for decompression sickness.\u00a0<\/u><em data-renderer-mark=\"true\"><u data-renderer-mark=\"true\">Diving Hyperb. Med.<\/u><\/em><u data-renderer-mark=\"true\">\u00a046, 4\u201310.<\/u><\/a><\/li>\n<li data-renderer-start-pos=\"20997\"><a href=\"https:\/\/www.trasci.com\/article\/S1473-0502(15)00174-3\/fulltext\" target=\"_blank\" rel=\"noopener\"><u data-renderer-mark=\"true\">Cognasse, F., Hamzeh-Cognasse, H., Laradi, S., Chou, M.-L., Seghatchian, J., Burnouf, T., et al. (2015). The role of microparticles in inflammation and transfusion: a concise review.\u00a0<\/u><em data-renderer-mark=\"true\"><u data-renderer-mark=\"true\">Transfus. Apher. Sci.<\/u><\/em><u data-renderer-mark=\"true\">\u00a053, 159\u2013167. doi: 10.1016\/j.transci.2015.10.013<\/u><\/a><\/li>\n<li data-renderer-start-pos=\"21253\"><a href=\"https:\/\/scholar.google.com\/scholar_lookup?title=Effect+of+shallow+and+deep+SCUBA+dives+on+heart+rate+variability%2E&amp;journal=Front%2E+Physiol%2E&amp;author=Noh+Y.&amp;author=Posada-Quintero+H.+F.&amp;author=Bai+Y.&amp;author=White+J.&amp;author=Florian+J.+P.&amp;author=Brink+P.+R.&amp;publication_year=2018&amp;volume=9&amp;issue=110\" target=\"_blank\" rel=\"noopener\"><u data-renderer-mark=\"true\">Noh, Y., Posada-Quintero, H. F., Bai, Y., White, J., Florian, J. P., Brink, P. R., et al. (2018). Effect of shallow and deep SCUBA dives on heart rate variability.\u00a0<\/u><em data-renderer-mark=\"true\"><u data-renderer-mark=\"true\">Front. Physiol.<\/u><\/em><u data-renderer-mark=\"true\">\u00a09:110. doi: 10.3389\/fphys.00110<\/u><\/a><\/li>\n<li data-renderer-start-pos=\"21468\"><a href=\"https:\/\/linkinghub.elsevier.com\/retrieve\/pii\/0735109789904087\" target=\"_blank\" rel=\"noopener\"><u data-renderer-mark=\"true\">Appel, M. L., Berger, R. D., Saul, J. P., Smith, J. M., and Cohen, R. J. (1989). Beat to beat variability in cardiovascular variables: noise or music?\u00a0<\/u><em data-renderer-mark=\"true\"><u data-renderer-mark=\"true\">J. Am. Coll. Cardiol.<\/u><\/em><u data-renderer-mark=\"true\">\u00a014, 1139\u20131148. doi: 10.1016\/0735-1097(89)90408-7<\/u><\/a><\/li>\n<li data-renderer-start-pos=\"21693\"><a href=\"https:\/\/www.sciencedirect.com\/science\/article\/pii\/S088915910700253X?casa_token=doTAPqxVSdYAAAAA:6ubziCMqKKdYx1YZZfNu46LbGCCz_YhJyBTxWdFQQak0w2Bk77AWiAz7rG4u7vOxM2JfZQI\" target=\"_blank\" rel=\"noopener\"><u data-renderer-mark=\"true\">von K\u00e4nel, R., Nelesen, R. A., Mills, P. J., Ziegler, M. G., and Dimsdale, J. E. (2008). Relationship between heart rate variability, interleukin-6, and soluble tissue factor in healthy subjects.\u00a0<\/u><em data-renderer-mark=\"true\"><u data-renderer-mark=\"true\">Bone<\/u><\/em><u data-renderer-mark=\"true\">\u00a023, 1\u20137. doi: 10.1038\/jid.2014.371<\/u><\/a><\/li>\n<li><a href=\"http:\/\/frontiersin.org\/articles\/10.3389\/fphys.2020.00743\/full\" target=\"_blank\" rel=\"noopener\">Schirato SR, El-Dash I, El-Dash V, Bizzarro B, Marroni A, Pieri M, Cialoni D and Chaui-Berlinck JG (2020) Association Between Heart Rate Variability and Decompression-Induced Physiological Stress. Front. Physiol. 11:743. doi: 10.3389\/fphys.2020.00743<\/a><\/li>\n<\/ol>\n<p>&nbsp;<\/p>\n<hr \/>\n<p data-renderer-start-pos=\"22488\"><strong data-renderer-mark=\"true\"><span style=\"font-size: 18px;\">Acerca del autor<\/span><\/strong><\/p>\n<p style=\"text-align: justify;\" data-renderer-start-pos=\"22506\">Reilly Fogarty es un instructor de rebreather afincado en Nueva Inglaterra y capit\u00e1n con licencia USCG. Su experiencia profesional incluye la medicina quir\u00fargica y de urgencias en zonas salvajes, la investigaci\u00f3n en medicina hiperb\u00e1rica y la mitigaci\u00f3n de riesgos de buceo a gran escala, as\u00ed como el dise\u00f1o y la gesti\u00f3n de programas de primeros auxilios. Anteriormente ha trabajado en ensayos humanos de fisiolog\u00eda en exposiciones extremas para el Centro Duke de Medicina Hiperb\u00e1rica y Fisiolog\u00eda Ambiental y como Jefe del Equipo de Mitigaci\u00f3n de Riesgos de la Red de Alerta de Buceadores, DAN.<\/p>\n<hr \/>\n<p data-renderer-start-pos=\"23157\"><strong data-renderer-mark=\"true\"><span style=\"font-size: 18px;\">Acerca del \u00a0traductor<\/span><\/strong><\/p>\n<p style=\"text-align: justify;\" data-renderer-start-pos=\"23180\">Ramon Verdaguer es ingeniero industrial, diplomado en medicina hiperb\u00e1rica y subacu\u00e1tica, operador de c\u00e1mara hiperb\u00e1rica, \u00a0buceador comercial, examinador y trainer de Instructores de buceo.<\/p>\n","protected":false},"excerpt":{"rendered":"<p>Nota del editor: Presentamos aqu\u00ed el an\u00e1lisis de un colaborador sobre un tema reciente y muy debatido, que arroja luz sobre un estudio en el&#8230;<\/p>\n","protected":false},"author":1,"featured_media":11376912,"comment_status":"closed","ping_status":"closed","sticky":false,"template":"","format":"standard","meta":{"_acf_changed":false,"footnotes":""},"categories":[383],"tags":[1832],"authors":[1606],"class_list":["post-11385472","post","type-post","status-publish","format-standard","has-post-thumbnail","hentry","category-articulos","tag-linea-medica-es_es","authors-reilly-fogarty"],"acf":[],"yoast_head":"<!-- This site is optimized with the Yoast SEO plugin v24.2 - https:\/\/yoast.com\/wordpress\/plugins\/seo\/ -->\n<title>VFC y estr\u00e9s fisiol\u00f3gico inducido por la descompresi\u00f3n - Alert Diver<\/title>\n<meta name=\"robots\" content=\"index, follow, max-snippet:-1, max-image-preview:large, max-video-preview:-1\" \/>\n<link rel=\"canonical\" href=\"https:\/\/alertdiver.eu\/es_ES\/articulos\/vfc-y-estres-fisiologico-inducido-por-la-descompresion\/\" \/>\n<meta property=\"og:locale\" content=\"es_ES\" \/>\n<meta property=\"og:type\" content=\"article\" \/>\n<meta property=\"og:title\" content=\"VFC y estr\u00e9s fisiol\u00f3gico inducido por la descompresi\u00f3n - Alert Diver\" \/>\n<meta property=\"og:description\" content=\"Nota del editor: Presentamos aqu\u00ed el an\u00e1lisis de un colaborador sobre un tema reciente y muy debatido, que arroja luz sobre un estudio en el...\" \/>\n<meta property=\"og:url\" content=\"https:\/\/alertdiver.eu\/es_ES\/articulos\/vfc-y-estres-fisiologico-inducido-por-la-descompresion\/\" \/>\n<meta property=\"og:site_name\" content=\"Alert Diver\" \/>\n<meta property=\"article:published_time\" content=\"2023-06-05T22:00:00+00:00\" \/>\n<meta property=\"article:modified_time\" content=\"2023-08-28T10:55:04+00:00\" \/>\n<meta property=\"og:image\" content=\"https:\/\/alertdiver.eu\/wp-content\/uploads\/2023\/06\/hrv-and-decompression-induced-physiological-stress-bannerweb-2560x1120-1.jpg\" \/>\n\t<meta property=\"og:image:width\" content=\"2560\" \/>\n\t<meta property=\"og:image:height\" content=\"1120\" \/>\n\t<meta property=\"og:image:type\" content=\"image\/jpeg\" \/>\n<meta name=\"author\" content=\"microfilla\" \/>\n<meta name=\"twitter:card\" content=\"summary_large_image\" \/>\n<meta name=\"twitter:label1\" content=\"Escrito por\" \/>\n\t<meta name=\"twitter:data1\" content=\"microfilla\" \/>\n\t<meta name=\"twitter:label2\" content=\"Tiempo de lectura\" \/>\n\t<meta name=\"twitter:data2\" content=\"10 minutos\" \/>\n<script type=\"application\/ld+json\" class=\"yoast-schema-graph\">{\"@context\":\"https:\/\/schema.org\",\"@graph\":[{\"@type\":\"Article\",\"@id\":\"https:\/\/alertdiver.eu\/es_ES\/articulos\/vfc-y-estres-fisiologico-inducido-por-la-descompresion\/#article\",\"isPartOf\":{\"@id\":\"https:\/\/alertdiver.eu\/es_ES\/articulos\/vfc-y-estres-fisiologico-inducido-por-la-descompresion\/\"},\"author\":{\"name\":\"microfilla\",\"@id\":\"https:\/\/alertdiver.eu\/es_ES\/#\/schema\/person\/9ba7cb3f05522d75bf215ab2cf40b01b\"},\"headline\":\"VFC y estr\u00e9s fisiol\u00f3gico inducido por la descompresi\u00f3n\",\"datePublished\":\"2023-06-05T22:00:00+00:00\",\"dateModified\":\"2023-08-28T10:55:04+00:00\",\"mainEntityOfPage\":{\"@id\":\"https:\/\/alertdiver.eu\/es_ES\/articulos\/vfc-y-estres-fisiologico-inducido-por-la-descompresion\/\"},\"wordCount\":2140,\"publisher\":{\"@id\":\"https:\/\/alertdiver.eu\/es_ES\/#organization\"},\"image\":{\"@id\":\"https:\/\/alertdiver.eu\/es_ES\/articulos\/vfc-y-estres-fisiologico-inducido-por-la-descompresion\/#primaryimage\"},\"thumbnailUrl\":\"https:\/\/alertdiver.eu\/wp-content\/uploads\/2023\/06\/hrv-and-decompression-induced-physiological-stress-bannerweb-2560x1120-1.jpg\",\"keywords\":[\"L\u00ednea m\u00e9dica\"],\"articleSection\":[\"Articulos\"],\"inLanguage\":\"es\"},{\"@type\":\"WebPage\",\"@id\":\"https:\/\/alertdiver.eu\/es_ES\/articulos\/vfc-y-estres-fisiologico-inducido-por-la-descompresion\/\",\"url\":\"https:\/\/alertdiver.eu\/es_ES\/articulos\/vfc-y-estres-fisiologico-inducido-por-la-descompresion\/\",\"name\":\"VFC y estr\u00e9s fisiol\u00f3gico inducido por la descompresi\u00f3n - Alert Diver\",\"isPartOf\":{\"@id\":\"https:\/\/alertdiver.eu\/es_ES\/#website\"},\"primaryImageOfPage\":{\"@id\":\"https:\/\/alertdiver.eu\/es_ES\/articulos\/vfc-y-estres-fisiologico-inducido-por-la-descompresion\/#primaryimage\"},\"image\":{\"@id\":\"https:\/\/alertdiver.eu\/es_ES\/articulos\/vfc-y-estres-fisiologico-inducido-por-la-descompresion\/#primaryimage\"},\"thumbnailUrl\":\"https:\/\/alertdiver.eu\/wp-content\/uploads\/2023\/06\/hrv-and-decompression-induced-physiological-stress-bannerweb-2560x1120-1.jpg\",\"datePublished\":\"2023-06-05T22:00:00+00:00\",\"dateModified\":\"2023-08-28T10:55:04+00:00\",\"breadcrumb\":{\"@id\":\"https:\/\/alertdiver.eu\/es_ES\/articulos\/vfc-y-estres-fisiologico-inducido-por-la-descompresion\/#breadcrumb\"},\"inLanguage\":\"es\",\"potentialAction\":[{\"@type\":\"ReadAction\",\"target\":[\"https:\/\/alertdiver.eu\/es_ES\/articulos\/vfc-y-estres-fisiologico-inducido-por-la-descompresion\/\"]}]},{\"@type\":\"ImageObject\",\"inLanguage\":\"es\",\"@id\":\"https:\/\/alertdiver.eu\/es_ES\/articulos\/vfc-y-estres-fisiologico-inducido-por-la-descompresion\/#primaryimage\",\"url\":\"https:\/\/alertdiver.eu\/wp-content\/uploads\/2023\/06\/hrv-and-decompression-induced-physiological-stress-bannerweb-2560x1120-1.jpg\",\"contentUrl\":\"https:\/\/alertdiver.eu\/wp-content\/uploads\/2023\/06\/hrv-and-decompression-induced-physiological-stress-bannerweb-2560x1120-1.jpg\",\"width\":2560,\"height\":1120},{\"@type\":\"BreadcrumbList\",\"@id\":\"https:\/\/alertdiver.eu\/es_ES\/articulos\/vfc-y-estres-fisiologico-inducido-por-la-descompresion\/#breadcrumb\",\"itemListElement\":[{\"@type\":\"ListItem\",\"position\":1,\"name\":\"Home\",\"item\":\"https:\/\/alertdiver.eu\/es_ES\/\"},{\"@type\":\"ListItem\",\"position\":2,\"name\":\"VFC y estr\u00e9s fisiol\u00f3gico inducido por la descompresi\u00f3n\"}]},{\"@type\":\"WebSite\",\"@id\":\"https:\/\/alertdiver.eu\/es_ES\/#website\",\"url\":\"https:\/\/alertdiver.eu\/es_ES\/\",\"name\":\"Alert Diver Europe\",\"description\":\"Access, discover and share the latest diving safety content from DAN Europe.\",\"publisher\":{\"@id\":\"https:\/\/alertdiver.eu\/es_ES\/#organization\"},\"potentialAction\":[{\"@type\":\"SearchAction\",\"target\":{\"@type\":\"EntryPoint\",\"urlTemplate\":\"https:\/\/alertdiver.eu\/es_ES\/?s={search_term_string}\"},\"query-input\":{\"@type\":\"PropertyValueSpecification\",\"valueRequired\":true,\"valueName\":\"search_term_string\"}}],\"inLanguage\":\"es\"},{\"@type\":\"Organization\",\"@id\":\"https:\/\/alertdiver.eu\/es_ES\/#organization\",\"name\":\"Alert Diver Europe\",\"url\":\"https:\/\/alertdiver.eu\/es_ES\/\",\"logo\":{\"@type\":\"ImageObject\",\"inLanguage\":\"es\",\"@id\":\"https:\/\/alertdiver.eu\/es_ES\/#\/schema\/logo\/image\/\",\"url\":\"https:\/\/alertdiver.eu\/wp-content\/uploads\/2023\/02\/cropped-favicon.png\",\"contentUrl\":\"https:\/\/alertdiver.eu\/wp-content\/uploads\/2023\/02\/cropped-favicon.png\",\"width\":512,\"height\":512,\"caption\":\"Alert Diver Europe\"},\"image\":{\"@id\":\"https:\/\/alertdiver.eu\/es_ES\/#\/schema\/logo\/image\/\"}},{\"@type\":\"Person\",\"@id\":\"https:\/\/alertdiver.eu\/es_ES\/#\/schema\/person\/9ba7cb3f05522d75bf215ab2cf40b01b\",\"name\":\"microfilla\",\"image\":{\"@type\":\"ImageObject\",\"inLanguage\":\"es\",\"@id\":\"https:\/\/alertdiver.eu\/es_ES\/#\/schema\/person\/image\/\",\"url\":\"https:\/\/secure.gravatar.com\/avatar\/09f39449f14df8c3ad651888221bb907?s=96&d=mm&r=g\",\"contentUrl\":\"https:\/\/secure.gravatar.com\/avatar\/09f39449f14df8c3ad651888221bb907?s=96&d=mm&r=g\",\"caption\":\"microfilla\"},\"sameAs\":[\"https:\/\/microfilla.com\"],\"url\":\"https:\/\/alertdiver.eu\/es_ES\/author\/microfilla\/\"}]}<\/script>\n<!-- \/ Yoast SEO plugin. -->","yoast_head_json":{"title":"VFC y estr\u00e9s fisiol\u00f3gico inducido por la descompresi\u00f3n - Alert Diver","robots":{"index":"index","follow":"follow","max-snippet":"max-snippet:-1","max-image-preview":"max-image-preview:large","max-video-preview":"max-video-preview:-1"},"canonical":"https:\/\/alertdiver.eu\/es_ES\/articulos\/vfc-y-estres-fisiologico-inducido-por-la-descompresion\/","og_locale":"es_ES","og_type":"article","og_title":"VFC y estr\u00e9s fisiol\u00f3gico inducido por la descompresi\u00f3n - Alert Diver","og_description":"Nota del editor: Presentamos aqu\u00ed el an\u00e1lisis de un colaborador sobre un tema reciente y muy debatido, que arroja luz sobre un estudio en el...","og_url":"https:\/\/alertdiver.eu\/es_ES\/articulos\/vfc-y-estres-fisiologico-inducido-por-la-descompresion\/","og_site_name":"Alert Diver","article_published_time":"2023-06-05T22:00:00+00:00","article_modified_time":"2023-08-28T10:55:04+00:00","og_image":[{"width":2560,"height":1120,"url":"https:\/\/alertdiver.eu\/wp-content\/uploads\/2023\/06\/hrv-and-decompression-induced-physiological-stress-bannerweb-2560x1120-1.jpg","type":"image\/jpeg"}],"author":"microfilla","twitter_card":"summary_large_image","twitter_misc":{"Escrito por":"microfilla","Tiempo de lectura":"10 minutos"},"schema":{"@context":"https:\/\/schema.org","@graph":[{"@type":"Article","@id":"https:\/\/alertdiver.eu\/es_ES\/articulos\/vfc-y-estres-fisiologico-inducido-por-la-descompresion\/#article","isPartOf":{"@id":"https:\/\/alertdiver.eu\/es_ES\/articulos\/vfc-y-estres-fisiologico-inducido-por-la-descompresion\/"},"author":{"name":"microfilla","@id":"https:\/\/alertdiver.eu\/es_ES\/#\/schema\/person\/9ba7cb3f05522d75bf215ab2cf40b01b"},"headline":"VFC y estr\u00e9s fisiol\u00f3gico inducido por la descompresi\u00f3n","datePublished":"2023-06-05T22:00:00+00:00","dateModified":"2023-08-28T10:55:04+00:00","mainEntityOfPage":{"@id":"https:\/\/alertdiver.eu\/es_ES\/articulos\/vfc-y-estres-fisiologico-inducido-por-la-descompresion\/"},"wordCount":2140,"publisher":{"@id":"https:\/\/alertdiver.eu\/es_ES\/#organization"},"image":{"@id":"https:\/\/alertdiver.eu\/es_ES\/articulos\/vfc-y-estres-fisiologico-inducido-por-la-descompresion\/#primaryimage"},"thumbnailUrl":"https:\/\/alertdiver.eu\/wp-content\/uploads\/2023\/06\/hrv-and-decompression-induced-physiological-stress-bannerweb-2560x1120-1.jpg","keywords":["L\u00ednea m\u00e9dica"],"articleSection":["Articulos"],"inLanguage":"es"},{"@type":"WebPage","@id":"https:\/\/alertdiver.eu\/es_ES\/articulos\/vfc-y-estres-fisiologico-inducido-por-la-descompresion\/","url":"https:\/\/alertdiver.eu\/es_ES\/articulos\/vfc-y-estres-fisiologico-inducido-por-la-descompresion\/","name":"VFC y estr\u00e9s fisiol\u00f3gico inducido por la descompresi\u00f3n - Alert Diver","isPartOf":{"@id":"https:\/\/alertdiver.eu\/es_ES\/#website"},"primaryImageOfPage":{"@id":"https:\/\/alertdiver.eu\/es_ES\/articulos\/vfc-y-estres-fisiologico-inducido-por-la-descompresion\/#primaryimage"},"image":{"@id":"https:\/\/alertdiver.eu\/es_ES\/articulos\/vfc-y-estres-fisiologico-inducido-por-la-descompresion\/#primaryimage"},"thumbnailUrl":"https:\/\/alertdiver.eu\/wp-content\/uploads\/2023\/06\/hrv-and-decompression-induced-physiological-stress-bannerweb-2560x1120-1.jpg","datePublished":"2023-06-05T22:00:00+00:00","dateModified":"2023-08-28T10:55:04+00:00","breadcrumb":{"@id":"https:\/\/alertdiver.eu\/es_ES\/articulos\/vfc-y-estres-fisiologico-inducido-por-la-descompresion\/#breadcrumb"},"inLanguage":"es","potentialAction":[{"@type":"ReadAction","target":["https:\/\/alertdiver.eu\/es_ES\/articulos\/vfc-y-estres-fisiologico-inducido-por-la-descompresion\/"]}]},{"@type":"ImageObject","inLanguage":"es","@id":"https:\/\/alertdiver.eu\/es_ES\/articulos\/vfc-y-estres-fisiologico-inducido-por-la-descompresion\/#primaryimage","url":"https:\/\/alertdiver.eu\/wp-content\/uploads\/2023\/06\/hrv-and-decompression-induced-physiological-stress-bannerweb-2560x1120-1.jpg","contentUrl":"https:\/\/alertdiver.eu\/wp-content\/uploads\/2023\/06\/hrv-and-decompression-induced-physiological-stress-bannerweb-2560x1120-1.jpg","width":2560,"height":1120},{"@type":"BreadcrumbList","@id":"https:\/\/alertdiver.eu\/es_ES\/articulos\/vfc-y-estres-fisiologico-inducido-por-la-descompresion\/#breadcrumb","itemListElement":[{"@type":"ListItem","position":1,"name":"Home","item":"https:\/\/alertdiver.eu\/es_ES\/"},{"@type":"ListItem","position":2,"name":"VFC y estr\u00e9s fisiol\u00f3gico inducido por la descompresi\u00f3n"}]},{"@type":"WebSite","@id":"https:\/\/alertdiver.eu\/es_ES\/#website","url":"https:\/\/alertdiver.eu\/es_ES\/","name":"Alert Diver Europe","description":"Access, discover and share the latest diving safety content from DAN Europe.","publisher":{"@id":"https:\/\/alertdiver.eu\/es_ES\/#organization"},"potentialAction":[{"@type":"SearchAction","target":{"@type":"EntryPoint","urlTemplate":"https:\/\/alertdiver.eu\/es_ES\/?s={search_term_string}"},"query-input":{"@type":"PropertyValueSpecification","valueRequired":true,"valueName":"search_term_string"}}],"inLanguage":"es"},{"@type":"Organization","@id":"https:\/\/alertdiver.eu\/es_ES\/#organization","name":"Alert Diver Europe","url":"https:\/\/alertdiver.eu\/es_ES\/","logo":{"@type":"ImageObject","inLanguage":"es","@id":"https:\/\/alertdiver.eu\/es_ES\/#\/schema\/logo\/image\/","url":"https:\/\/alertdiver.eu\/wp-content\/uploads\/2023\/02\/cropped-favicon.png","contentUrl":"https:\/\/alertdiver.eu\/wp-content\/uploads\/2023\/02\/cropped-favicon.png","width":512,"height":512,"caption":"Alert Diver Europe"},"image":{"@id":"https:\/\/alertdiver.eu\/es_ES\/#\/schema\/logo\/image\/"}},{"@type":"Person","@id":"https:\/\/alertdiver.eu\/es_ES\/#\/schema\/person\/9ba7cb3f05522d75bf215ab2cf40b01b","name":"microfilla","image":{"@type":"ImageObject","inLanguage":"es","@id":"https:\/\/alertdiver.eu\/es_ES\/#\/schema\/person\/image\/","url":"https:\/\/secure.gravatar.com\/avatar\/09f39449f14df8c3ad651888221bb907?s=96&d=mm&r=g","contentUrl":"https:\/\/secure.gravatar.com\/avatar\/09f39449f14df8c3ad651888221bb907?s=96&d=mm&r=g","caption":"microfilla"},"sameAs":["https:\/\/microfilla.com"],"url":"https:\/\/alertdiver.eu\/es_ES\/author\/microfilla\/"}]}},"_links":{"self":[{"href":"https:\/\/alertdiver.eu\/es_ES\/wp-json\/wp\/v2\/posts\/11385472","targetHints":{"allow":["GET"]}}],"collection":[{"href":"https:\/\/alertdiver.eu\/es_ES\/wp-json\/wp\/v2\/posts"}],"about":[{"href":"https:\/\/alertdiver.eu\/es_ES\/wp-json\/wp\/v2\/types\/post"}],"author":[{"embeddable":true,"href":"https:\/\/alertdiver.eu\/es_ES\/wp-json\/wp\/v2\/users\/1"}],"replies":[{"embeddable":true,"href":"https:\/\/alertdiver.eu\/es_ES\/wp-json\/wp\/v2\/comments?post=11385472"}],"version-history":[{"count":2,"href":"https:\/\/alertdiver.eu\/es_ES\/wp-json\/wp\/v2\/posts\/11385472\/revisions"}],"predecessor-version":[{"id":11388172,"href":"https:\/\/alertdiver.eu\/es_ES\/wp-json\/wp\/v2\/posts\/11385472\/revisions\/11388172"}],"wp:featuredmedia":[{"embeddable":true,"href":"https:\/\/alertdiver.eu\/es_ES\/wp-json\/wp\/v2\/media\/11376912"}],"wp:attachment":[{"href":"https:\/\/alertdiver.eu\/es_ES\/wp-json\/wp\/v2\/media?parent=11385472"}],"wp:term":[{"taxonomy":"category","embeddable":true,"href":"https:\/\/alertdiver.eu\/es_ES\/wp-json\/wp\/v2\/categories?post=11385472"},{"taxonomy":"post_tag","embeddable":true,"href":"https:\/\/alertdiver.eu\/es_ES\/wp-json\/wp\/v2\/tags?post=11385472"},{"taxonomy":"authors","embeddable":true,"href":"https:\/\/alertdiver.eu\/es_ES\/wp-json\/wp\/v2\/authors?post=11385472"}],"curies":[{"name":"wp","href":"https:\/\/api.w.org\/{rel}","templated":true}]}}