{"id":11409028,"date":"2024-02-01T09:53:06","date_gmt":"2024-02-01T08:53:06","guid":{"rendered":"https:\/\/alertdiver.eu\/?p=11409028"},"modified":"2024-02-01T16:32:00","modified_gmt":"2024-02-01T15:32:00","slug":"el-dioxido-de-carbono-el-enemigo-temido-1a-parte","status":"publish","type":"post","link":"https:\/\/alertdiver.eu\/es_ES\/articulos\/el-dioxido-de-carbono-el-enemigo-temido-1a-parte\/","title":{"rendered":"El Di\u00f3xido de Carbono: el Enemigo Temido (1\u00aa parte)"},"content":{"rendered":"<p><em data-renderer-mark=\"true\">Esta es la primera de una serie de tres partes sobre el di\u00f3xido de carbono, uno de los factores m\u00e1s comunes que contribuyen a las emergencias de buceo. La segunda y tercera parte se publicar\u00e1n en futuros n\u00fameros de Alert Diver.<\/em><\/p>\n<h3 id=\"Por-los-pelos\" data-renderer-start-pos=\"7066\">Por los pelos<\/h3>\n<p data-renderer-start-pos=\"7081\">Perm\u00edtanme comenzar con una historia personal: all\u00e1 por 2016, me un\u00ed a una inmersi\u00f3n bajo techo en el Cenote Regina, cerca de Tulum, en Quintana Roo, M\u00e9xico. Nuestro objetivo era visitar la secci\u00f3n de agua salada, que discurre a profundidades de alrededor de -30m, preveyendo un m\u00e1ximo de -34m para dicha inmersi\u00f3n. Entramos con cuatro botellas AL80 (dobles y dos etapas) de EAN32, m\u00e1s una AL40 de O<sub data-renderer-mark=\"true\">2<\/sub> para la deco, que ubicamos cerca de la entrada, a una profundidad de -6m. La duraci\u00f3n prevista de la inmersi\u00f3n era de 200 a 210 minutos.<\/p>\n<p data-renderer-start-pos=\"7620\">Debo a\u00f1adir que la noche anterior no dorm\u00ed m\u00e1s de tres horas, debido a compromisos laborales, lo cual no fue una buena idea. Sin embargo, cuando tom\u00e9 la decisi\u00f3n, no ten\u00eda la ventaja de la retrospectiva y s\u00ed muchas ganas de ir, as\u00ed que ah\u00ed queda eso.<\/p>\n<p data-renderer-start-pos=\"7872\">El cenote Regina es de una belleza impresionante, y al principio todo transcurri\u00f3 como la seda. Cuando llegamos a la presi\u00f3n acordada para regresar, despu\u00e9s de 90 minutos de buceo, dimos la vuelta y empezamos a regresar a la entrada, tras una inmersi\u00f3n muy agradable. Nos aguardaba una inmersi\u00f3n de regreso de aproximadamente la misma duraci\u00f3n, seguida de unos veinte minutos de descompresi\u00f3n, en aguas poco profundas.<\/p>\n<p data-renderer-start-pos=\"8292\">Unos diez minutos m\u00e1s tarde, alrededor del minuto 100, empec\u00e9 a experimentar una sensaci\u00f3n muy peculiar: mi diafragma empez\u00f3 a temblar y mi respiraci\u00f3n se convirti\u00f3 gradualmente en lo que s\u00f3lo puedo describir como un sollozo incontrolable, aunque sin el contenido emocional que suele acompa\u00f1ar a este tipo de manifestaci\u00f3n fisiol\u00f3gica. Intent\u00e9 concentrarme y volver a controlar los m\u00fasculos, pero los sollozos se acentuaron. Me di cuenta de que probablemente no respiraba con eficacia y de que hac\u00eda m\u00e1s burbujas de lo normal.<\/p>\n<p data-renderer-start-pos=\"1408\"><img loading=\"lazy\" decoding=\"async\" class=\"aligncenter size-full wp-image-11408977\" src=\"https:\/\/alertdiver.eu\/wp-content\/uploads\/2024\/02\/diver2_1500.jpg\" alt=\"\" width=\"1500\" height=\"1000\" srcset=\"https:\/\/alertdiver.eu\/wp-content\/uploads\/2024\/02\/diver2_1500.jpg 1500w, https:\/\/alertdiver.eu\/wp-content\/uploads\/2024\/02\/diver2_1500-300x200.jpg 300w, https:\/\/alertdiver.eu\/wp-content\/uploads\/2024\/02\/diver2_1500-768x512.jpg 768w, https:\/\/alertdiver.eu\/wp-content\/uploads\/2024\/02\/diver2_1500-700x467.jpg 700w\" sizes=\"auto, (max-width: 1500px) 100vw, 1500px\" \/><\/p>\n<p style=\"text-align: center;\" data-renderer-start-pos=\"1408\"><em>Foto: Joram Mennes<\/em><\/p>\n<p data-renderer-start-pos=\"8820\">Mi estado de \u00e1nimo tambi\u00e9n se resinti\u00f3 enseguida: la ansiedad empez\u00f3 a adue\u00f1arse de m\u00ed, junto con la sensaci\u00f3n de que mi segunda etapa no me daba suficiente aire. Por si acaso, pas\u00e9 a la de reserva, sin notar ning\u00fan cambio.<\/p>\n<p data-renderer-start-pos=\"9045\">Se\u00f1al\u00e9 al equipo que ten\u00eda un problema y nos detuvimos. Empec\u00e9 a sentir el impulso de salir disparado hacia la superficie, una demanda totalmente in\u00fatil que arrancaba desde las cotas m\u00e1s bajas de mi sistema nervioso central, dado que est\u00e1bamos a casi dos horas de la salida, con treinta metros de roca y tierra sobre nosotros.<\/p>\n<p data-renderer-start-pos=\"9373\">Pas\u00e9 los siguientes minutos -no s\u00e9 exactamente cu\u00e1nto tiempo, pero me parecieron una eternidad- debati\u00e9ndome mientras una voz en mi cabeza intentaba convencerme de que estar\u00eda bien rendirse all\u00ed mismo. La gente lo entender\u00eda. Volver a meter esa voz en el agujero del que hab\u00eda salido supuso un gran esfuerzo de voluntad, y admito que el resultado no estaba cantado.<\/p>\n<p data-renderer-start-pos=\"9740\">Finalmente, los sollozos se calmaron y continuamos el camino de vuelta a paso lento. La demora y mi elevada frecuencia respiratoria hab\u00edan mermado nuestras reservas. Aunque no est\u00e1bamos cerca de quedarnos sin gas, fue un alivio encontrar la botella de la primera etapa, con otros 110 bar de nitrox.<\/p>\n<p data-renderer-start-pos=\"10040\">Terminamos la inmersi\u00f3n con una demora de media hora, resultado de la pausa que tuve que hacer y el consiguiente aumento de parada de deco obligada. Pero est\u00e1bamos fuera. Volv\u00ed a bucear en cuevas al d\u00eda siguiente, con el prop\u00f3sito de dormir m\u00e1s y batallar contra molinos m\u00e1s peque\u00f1os; al menos en un futuro pr\u00f3ximo.<\/p>\n<p data-renderer-start-pos=\"10357\">Durante el <em data-renderer-mark=\"true\">debriefing<\/em>, determinamos que la causa principal de mi problema hab\u00eda sido, probablemente, la acumulaci\u00f3n de di\u00f3xido de carbono en mi torrente sangu\u00edneo, desencadenado por la fatiga motivada por la falta de sue\u00f1o. Lo que nos lleva al tema de este art\u00edculo.<\/p>\n<p data-renderer-start-pos=\"3466\"><img loading=\"lazy\" decoding=\"async\" class=\"aligncenter size-full wp-image-11408968\" src=\"https:\/\/alertdiver.eu\/wp-content\/uploads\/2024\/02\/diver_1500.jpg\" alt=\"\" width=\"1500\" height=\"1000\" srcset=\"https:\/\/alertdiver.eu\/wp-content\/uploads\/2024\/02\/diver_1500.jpg 1500w, https:\/\/alertdiver.eu\/wp-content\/uploads\/2024\/02\/diver_1500-300x200.jpg 300w, https:\/\/alertdiver.eu\/wp-content\/uploads\/2024\/02\/diver_1500-768x512.jpg 768w, https:\/\/alertdiver.eu\/wp-content\/uploads\/2024\/02\/diver_1500-700x467.jpg 700w\" sizes=\"auto, (max-width: 1500px) 100vw, 1500px\" \/><\/p>\n<p style=\"text-align: center;\" data-renderer-start-pos=\"3466\"><em>Foto: Joram Mennes<\/em><\/p>\n<h3 id=\"El-metabolismo-del-di\u00f3xido-de-carbono,-en-pocas-palabras.\" data-renderer-start-pos=\"10625\">El metabolismo del di\u00f3xido de carbono, en pocas palabras<\/h3>\n<p data-renderer-start-pos=\"10684\">El di\u00f3xido de carbono es un producto de desecho del metabolismo celular. Inhalamos gas que contiene ox\u00edgeno. Nuestros pulmones absorben una parte de ese ox\u00edgeno hacia el torrente sangu\u00edneo, donde es captado por los gl\u00f3bulos rojos (hemoglobina). La sangre rica en ox\u00edgeno pasa por el lado izquierdo del coraz\u00f3n, desde donde se bombea primero al cerebro y al sistema nervioso central, y luego al resto de nuestro cuerpo.<\/p>\n<p data-renderer-start-pos=\"11104\">En las distintas partes del cuerpo se producen una serie de reacciones bioqu\u00edmicas en las que el ox\u00edgeno se combina con el carbono (ingerido a trav\u00e9s de los alimentos) para formar di\u00f3xido de carbono. Como resultado de esa combinaci\u00f3n, se genera la energ\u00eda que nos mantiene activos.<\/p>\n<p data-renderer-start-pos=\"11387\">La sangre desoxigenada, que ahora transporta di\u00f3xido de carbono en diversas formas, vuelve al lado derecho del coraz\u00f3n, que la bombea a los pulmones, donde se elimina el di\u00f3xido de carbono mediante la exhalaci\u00f3n.<\/p>\n<p data-renderer-start-pos=\"11602\"><em data-renderer-mark=\"true\">Nota: La mec\u00e1nica real es bastante m\u00e1s compleja. El CO<sub data-renderer-mark=\"true\">2<\/sub> no es s\u00f3lo un producto de desecho. Desempe\u00f1a un papel importante en la regulaci\u00f3n de la acidez de la sangre, y menos del 10% del total del CO<sub data-renderer-mark=\"true\">2<\/sub> contenido en la sangre es eliminado en cada paso por los pulmones. Puedes encontrar m\u00e1s informaci\u00f3n en este <\/em><a class=\"cc-tgpl01\" title=\"https:\/\/www.britannica.com\/science\/human-respiratory-system\/Transport-of-carbon-dioxide\" href=\"https:\/\/www.britannica.com\/science\/human-respiratory-system\/Transport-of-carbon-dioxide\" target=\"_blank\" rel=\"noopener\" data-testid=\"link-with-safety\" data-renderer-mark=\"true\"><em data-renderer-mark=\"true\">enlace<\/em><\/a><em data-renderer-mark=\"true\">.<\/em><\/p>\n<h3 data-renderer-start-pos=\"4916\"><img loading=\"lazy\" decoding=\"async\" class=\"aligncenter size-full wp-image-11409010\" src=\"https:\/\/alertdiver.eu\/wp-content\/uploads\/2024\/02\/Co2_1500.jpg.jpg\" alt=\"\" width=\"1500\" height=\"1000\" srcset=\"https:\/\/alertdiver.eu\/wp-content\/uploads\/2024\/02\/Co2_1500.jpg.jpg 1500w, https:\/\/alertdiver.eu\/wp-content\/uploads\/2024\/02\/Co2_1500.jpg-300x200.jpg 300w, https:\/\/alertdiver.eu\/wp-content\/uploads\/2024\/02\/Co2_1500.jpg-768x512.jpg 768w, https:\/\/alertdiver.eu\/wp-content\/uploads\/2024\/02\/Co2_1500.jpg-700x467.jpg 700w\" sizes=\"auto, (max-width: 1500px) 100vw, 1500px\" \/><\/h3>\n<h3 id=\"C\u00f3mo-tomarle-la-medida-al-villano\" data-renderer-start-pos=\"11918\">C\u00f3mo tomarle la medida al villano<\/h3>\n<p data-renderer-start-pos=\"11953\">Hay una serie de magnitudes fisiol\u00f3gicas mensurables que describen este proceso. La capacidad de nuestros pulmones para absorber ox\u00edgeno se denomina VO<sub data-renderer-mark=\"true\">2<\/sub> m\u00e1x. El VO<sub data-renderer-mark=\"true\">2<\/sub> m\u00e1x describe el volumen m\u00e1ximo de ox\u00edgeno que nuestros pulmones son capaces de suministrar a nuestro cuerpo para la generaci\u00f3n de energ\u00eda, por unidad de tiempo, y en relaci\u00f3n con el peso corporal. Los participantes en deportes de resistencia lo conocen como una medida del rendimiento cardiovascular.<\/p>\n<p data-renderer-start-pos=\"12420\">Una segunda magnitud importante es la denominada relaci\u00f3n de intercambio respiratorio, normalmente abreviada como <em data-renderer-mark=\"true\">RER<\/em>. El <em data-renderer-mark=\"true\">RER<\/em> describe la relaci\u00f3n entre la eliminaci\u00f3n de di\u00f3xido de carbono y la absorci\u00f3n de ox\u00edgeno. Un <em data-renderer-mark=\"true\">RER<\/em> normal para un ser humano en reposo es de 0,8. Es decir, en reposo, exhalamos s\u00f3lo cuatro mol\u00e9culas de CO<sub data-renderer-mark=\"true\">2<\/sub> por cada cinco mol\u00e9culas de O<sub data-renderer-mark=\"true\">2 <\/sub>que consumimos. El resto del ox\u00edgeno permanece en el cuerpo. En caso de esfuerzo, el <em data-renderer-mark=\"true\">RER <\/em><a class=\"cc-tgpl01\" title=\"https:\/\/erj.ersjournals.com\/content\/56\/suppl_64\/3787\" href=\"https:\/\/erj.ersjournals.com\/content\/56\/suppl_64\/3787\" target=\"_blank\" rel=\"noopener\" data-testid=\"link-with-safety\" data-renderer-mark=\"true\">puede llegar a 1,2 o m\u00e1s<\/a>. Esto significa que nuestro metabolismo recurre a las reservas de ox\u00edgeno almacenadas en los m\u00fasculos (unidas qu\u00edmicamente a la mioglobina) durante el reposo. Un<em data-renderer-mark=\"true\"> RER<\/em> de 1,0 se conoce como umbral anaer\u00f3bico, otro t\u00e9rmino familiar para los atletas.<\/p>\n<p data-renderer-start-pos=\"13144\">Al realizar un esfuerzo, nuestro cuerpo tiene una mayor demanda de ox\u00edgeno y produce m\u00e1s di\u00f3xido de carbono. Cuando la cantidad de CO<sub data-renderer-mark=\"true\">2<\/sub> producido supera la capacidad de nuestro metabolismo respiratorio para eliminarlo del torrente sangu\u00edneo y exhalarlo, entonces el CO<sub data-renderer-mark=\"true\">2<\/sub> empieza a acumularse. Como sabe cualquier apne\u00edsta, la sensaci\u00f3n de falta de aire y la necesidad de respirar no se deben a la falta de ox\u00edgeno (en la mayor\u00eda de los casos hay suficiente y la falta de ox\u00edgeno provoca el desmayo), sino al exceso de CO<sub data-renderer-mark=\"true\">2<\/sub>, una situaci\u00f3n conocida como <em data-renderer-mark=\"true\">hipercapnia<\/em>.<\/p>\n<p data-renderer-start-pos=\"13144\"><em data-renderer-mark=\"true\">Aqu\u00ed finaliza la primera parte de nuestra peque\u00f1a serie. En la segunda parte, examinaremos m\u00e1s de cerca la fisiolog\u00eda del di\u00f3xido de carbono en el cuerpo humano, c\u00f3mo se ve afectado por el buceo y qu\u00e9 hace que la hipercapnia sea tan peligrosa. La tercera parte se centrar\u00e1 en las contramedidas &#8211; ejercicios y procedimientos para mantener nuestra carga de CO<sub data-renderer-mark=\"true\">2<\/sub> bajo control. Mantente conectado y en seguridad.<\/em><\/p>\n<hr \/>\n<p data-renderer-start-pos=\"5999\"><em>Las fotos submarinas de este art\u00edculo muestran el impresionante Cenote Regina. Fueron tomadas por <a href=\"https:\/\/www.instagram.com\/jorammennesphotography\/\">Joram Mennes<\/a>, con el modelo de buceo <a href=\"https:\/\/www.instagram.com\/stratiskas_adventures\/\">Stratis Kas<\/a>. Gracias a ambos por tomar estas magn\u00edficas instant\u00e1neas, expresamente para este contenido de Alert Diver.<\/em><\/p>\n<hr \/>\n<p data-renderer-start-pos=\"14518\"><strong data-renderer-mark=\"true\">Acerca del autor<\/strong><\/p>\n<p data-renderer-start-pos=\"14536\">Tim Bl\u00f6meke imparte formaci\u00f3n de buceo recreativo y t\u00e9cnico en Taiw\u00e1n y Filipinas. Es un \u00e1vido buceador de cuevas, pecios y CCR, as\u00ed como editor y traductor de Alert Diver. Vive en Taipei, Taiw\u00e1n. Puedes seguirle en Instagram en <a class=\"cc-tgpl01\" title=\"https:\/\/www.instagram.com\/timblmk\/\" href=\"https:\/\/www.instagram.com\/timblmk\/\" data-testid=\"link-with-safety\" data-renderer-mark=\"true\">@timblmk<\/a>.<\/p>\n<hr \/>\n<p data-renderer-start-pos=\"14777\"><strong data-renderer-mark=\"true\">Traductor:<\/strong>\u00a0<a class=\"cc-tgpl01\" title=\"https:\/\/facebook.com\/rverdaguer\" href=\"https:\/\/facebook.com\/rverdaguer\" data-testid=\"link-with-safety\" data-renderer-mark=\"true\">Ramon Verdaguer<\/a><\/p>\n","protected":false},"excerpt":{"rendered":"<p>Esta es la primera de una serie de tres partes sobre el di\u00f3xido de carbono, uno de los factores m\u00e1s comunes que contribuyen a las&#8230;<\/p>\n","protected":false},"author":9,"featured_media":11408993,"comment_status":"closed","ping_status":"closed","sticky":false,"template":"","format":"standard","meta":{"_acf_changed":false,"footnotes":""},"categories":[383],"tags":[1838],"authors":[1773],"class_list":["post-11409028","post","type-post","status-publish","format-standard","has-post-thumbnail","hentry","category-articulos","tag-buceador-preparado","authors-tim-blomeke"],"acf":[],"yoast_head":"<!-- This site is optimized with the Yoast SEO plugin v24.2 - https:\/\/yoast.com\/wordpress\/plugins\/seo\/ -->\n<title>El Di\u00f3xido de Carbono: el Enemigo Temido (1\u00aa parte) - Alert Diver<\/title>\n<meta name=\"description\" content=\"En esta primera parte de tres, el autor describe c\u00f3mo afect\u00f3 el di\u00f3xido de carbono a su inmersi\u00f3n y su rol en las emergencias de buceo.\" \/>\n<meta name=\"robots\" content=\"index, follow, max-snippet:-1, max-image-preview:large, max-video-preview:-1\" \/>\n<link rel=\"canonical\" href=\"https:\/\/alertdiver.eu\/es_ES\/articulos\/el-dioxido-de-carbono-el-enemigo-temido-1a-parte\/\" \/>\n<meta property=\"og:locale\" content=\"es_ES\" \/>\n<meta property=\"og:type\" content=\"article\" \/>\n<meta property=\"og:title\" content=\"El Di\u00f3xido de Carbono: el Enemigo Temido (1\u00aa parte) - Alert Diver\" \/>\n<meta property=\"og:description\" content=\"En esta primera parte de tres, el autor describe c\u00f3mo afect\u00f3 el di\u00f3xido de carbono a su inmersi\u00f3n y su rol en las emergencias de buceo.\" \/>\n<meta property=\"og:url\" content=\"https:\/\/alertdiver.eu\/es_ES\/articulos\/el-dioxido-de-carbono-el-enemigo-temido-1a-parte\/\" \/>\n<meta property=\"og:site_name\" content=\"Alert Diver\" \/>\n<meta property=\"article:published_time\" content=\"2024-02-01T08:53:06+00:00\" \/>\n<meta property=\"article:modified_time\" content=\"2024-02-01T15:32:00+00:00\" \/>\n<meta property=\"og:image\" content=\"https:\/\/alertdiver.eu\/wp-content\/uploads\/2024\/02\/CarbonDioxide1_BannerWeb_2560x1120.jpg\" \/>\n\t<meta property=\"og:image:width\" content=\"2560\" \/>\n\t<meta property=\"og:image:height\" content=\"1120\" \/>\n\t<meta property=\"og:image:type\" content=\"image\/jpeg\" \/>\n<meta name=\"author\" content=\"mtuccella@daneurope.org\" \/>\n<meta name=\"twitter:card\" content=\"summary_large_image\" \/>\n<meta name=\"twitter:label1\" content=\"Escrito por\" \/>\n\t<meta name=\"twitter:data1\" content=\"mtuccella@daneurope.org\" \/>\n\t<meta name=\"twitter:label2\" content=\"Tiempo de lectura\" \/>\n\t<meta name=\"twitter:data2\" content=\"7 minutos\" \/>\n<script type=\"application\/ld+json\" class=\"yoast-schema-graph\">{\"@context\":\"https:\/\/schema.org\",\"@graph\":[{\"@type\":\"Article\",\"@id\":\"https:\/\/alertdiver.eu\/es_ES\/articulos\/el-dioxido-de-carbono-el-enemigo-temido-1a-parte\/#article\",\"isPartOf\":{\"@id\":\"https:\/\/alertdiver.eu\/es_ES\/articulos\/el-dioxido-de-carbono-el-enemigo-temido-1a-parte\/\"},\"author\":{\"name\":\"mtuccella@daneurope.org\",\"@id\":\"https:\/\/alertdiver.eu\/es_ES\/#\/schema\/person\/e5aa4c80b09c73018c6d8b140482fe5a\"},\"headline\":\"El Di\u00f3xido de Carbono: el Enemigo Temido (1\u00aa parte)\",\"datePublished\":\"2024-02-01T08:53:06+00:00\",\"dateModified\":\"2024-02-01T15:32:00+00:00\",\"mainEntityOfPage\":{\"@id\":\"https:\/\/alertdiver.eu\/es_ES\/articulos\/el-dioxido-de-carbono-el-enemigo-temido-1a-parte\/\"},\"wordCount\":1442,\"publisher\":{\"@id\":\"https:\/\/alertdiver.eu\/es_ES\/#organization\"},\"image\":{\"@id\":\"https:\/\/alertdiver.eu\/es_ES\/articulos\/el-dioxido-de-carbono-el-enemigo-temido-1a-parte\/#primaryimage\"},\"thumbnailUrl\":\"https:\/\/alertdiver.eu\/wp-content\/uploads\/2024\/02\/CarbonDioxide1_BannerWeb_2560x1120.jpg\",\"keywords\":[\"Buceador preparado\"],\"articleSection\":[\"Articulos\"],\"inLanguage\":\"es\"},{\"@type\":\"WebPage\",\"@id\":\"https:\/\/alertdiver.eu\/es_ES\/articulos\/el-dioxido-de-carbono-el-enemigo-temido-1a-parte\/\",\"url\":\"https:\/\/alertdiver.eu\/es_ES\/articulos\/el-dioxido-de-carbono-el-enemigo-temido-1a-parte\/\",\"name\":\"El Di\u00f3xido de Carbono: el Enemigo Temido (1\u00aa parte) - Alert Diver\",\"isPartOf\":{\"@id\":\"https:\/\/alertdiver.eu\/es_ES\/#website\"},\"primaryImageOfPage\":{\"@id\":\"https:\/\/alertdiver.eu\/es_ES\/articulos\/el-dioxido-de-carbono-el-enemigo-temido-1a-parte\/#primaryimage\"},\"image\":{\"@id\":\"https:\/\/alertdiver.eu\/es_ES\/articulos\/el-dioxido-de-carbono-el-enemigo-temido-1a-parte\/#primaryimage\"},\"thumbnailUrl\":\"https:\/\/alertdiver.eu\/wp-content\/uploads\/2024\/02\/CarbonDioxide1_BannerWeb_2560x1120.jpg\",\"datePublished\":\"2024-02-01T08:53:06+00:00\",\"dateModified\":\"2024-02-01T15:32:00+00:00\",\"description\":\"En esta primera parte de tres, el autor describe c\u00f3mo afect\u00f3 el di\u00f3xido de carbono a su inmersi\u00f3n y su rol en las emergencias de buceo.\",\"breadcrumb\":{\"@id\":\"https:\/\/alertdiver.eu\/es_ES\/articulos\/el-dioxido-de-carbono-el-enemigo-temido-1a-parte\/#breadcrumb\"},\"inLanguage\":\"es\",\"potentialAction\":[{\"@type\":\"ReadAction\",\"target\":[\"https:\/\/alertdiver.eu\/es_ES\/articulos\/el-dioxido-de-carbono-el-enemigo-temido-1a-parte\/\"]}]},{\"@type\":\"ImageObject\",\"inLanguage\":\"es\",\"@id\":\"https:\/\/alertdiver.eu\/es_ES\/articulos\/el-dioxido-de-carbono-el-enemigo-temido-1a-parte\/#primaryimage\",\"url\":\"https:\/\/alertdiver.eu\/wp-content\/uploads\/2024\/02\/CarbonDioxide1_BannerWeb_2560x1120.jpg\",\"contentUrl\":\"https:\/\/alertdiver.eu\/wp-content\/uploads\/2024\/02\/CarbonDioxide1_BannerWeb_2560x1120.jpg\",\"width\":2560,\"height\":1120},{\"@type\":\"BreadcrumbList\",\"@id\":\"https:\/\/alertdiver.eu\/es_ES\/articulos\/el-dioxido-de-carbono-el-enemigo-temido-1a-parte\/#breadcrumb\",\"itemListElement\":[{\"@type\":\"ListItem\",\"position\":1,\"name\":\"Home\",\"item\":\"https:\/\/alertdiver.eu\/es_ES\/\"},{\"@type\":\"ListItem\",\"position\":2,\"name\":\"El Di\u00f3xido de Carbono: el Enemigo Temido (1\u00aa parte)\"}]},{\"@type\":\"WebSite\",\"@id\":\"https:\/\/alertdiver.eu\/es_ES\/#website\",\"url\":\"https:\/\/alertdiver.eu\/es_ES\/\",\"name\":\"Alert Diver Europe\",\"description\":\"Access, discover and share the latest diving safety content from DAN Europe.\",\"publisher\":{\"@id\":\"https:\/\/alertdiver.eu\/es_ES\/#organization\"},\"potentialAction\":[{\"@type\":\"SearchAction\",\"target\":{\"@type\":\"EntryPoint\",\"urlTemplate\":\"https:\/\/alertdiver.eu\/es_ES\/?s={search_term_string}\"},\"query-input\":{\"@type\":\"PropertyValueSpecification\",\"valueRequired\":true,\"valueName\":\"search_term_string\"}}],\"inLanguage\":\"es\"},{\"@type\":\"Organization\",\"@id\":\"https:\/\/alertdiver.eu\/es_ES\/#organization\",\"name\":\"Alert Diver Europe\",\"url\":\"https:\/\/alertdiver.eu\/es_ES\/\",\"logo\":{\"@type\":\"ImageObject\",\"inLanguage\":\"es\",\"@id\":\"https:\/\/alertdiver.eu\/es_ES\/#\/schema\/logo\/image\/\",\"url\":\"https:\/\/alertdiver.eu\/wp-content\/uploads\/2023\/02\/cropped-favicon.png\",\"contentUrl\":\"https:\/\/alertdiver.eu\/wp-content\/uploads\/2023\/02\/cropped-favicon.png\",\"width\":512,\"height\":512,\"caption\":\"Alert Diver Europe\"},\"image\":{\"@id\":\"https:\/\/alertdiver.eu\/es_ES\/#\/schema\/logo\/image\/\"}},{\"@type\":\"Person\",\"@id\":\"https:\/\/alertdiver.eu\/es_ES\/#\/schema\/person\/e5aa4c80b09c73018c6d8b140482fe5a\",\"name\":\"mtuccella@daneurope.org\",\"image\":{\"@type\":\"ImageObject\",\"inLanguage\":\"es\",\"@id\":\"https:\/\/alertdiver.eu\/es_ES\/#\/schema\/person\/image\/\",\"url\":\"https:\/\/secure.gravatar.com\/avatar\/d8b3afb8690f2a9b7aa9d36d7a3b1581?s=96&d=mm&r=g\",\"contentUrl\":\"https:\/\/secure.gravatar.com\/avatar\/d8b3afb8690f2a9b7aa9d36d7a3b1581?s=96&d=mm&r=g\",\"caption\":\"mtuccella@daneurope.org\"},\"url\":\"https:\/\/alertdiver.eu\/es_ES\/author\/mtuccelladaneurope-org\/\"}]}<\/script>\n<!-- \/ Yoast SEO plugin. -->","yoast_head_json":{"title":"El Di\u00f3xido de Carbono: el Enemigo Temido (1\u00aa parte) - Alert Diver","description":"En esta primera parte de tres, el autor describe c\u00f3mo afect\u00f3 el di\u00f3xido de carbono a su inmersi\u00f3n y su rol en las emergencias de buceo.","robots":{"index":"index","follow":"follow","max-snippet":"max-snippet:-1","max-image-preview":"max-image-preview:large","max-video-preview":"max-video-preview:-1"},"canonical":"https:\/\/alertdiver.eu\/es_ES\/articulos\/el-dioxido-de-carbono-el-enemigo-temido-1a-parte\/","og_locale":"es_ES","og_type":"article","og_title":"El Di\u00f3xido de Carbono: el Enemigo Temido (1\u00aa parte) - Alert Diver","og_description":"En esta primera parte de tres, el autor describe c\u00f3mo afect\u00f3 el di\u00f3xido de carbono a su inmersi\u00f3n y su rol en las emergencias de buceo.","og_url":"https:\/\/alertdiver.eu\/es_ES\/articulos\/el-dioxido-de-carbono-el-enemigo-temido-1a-parte\/","og_site_name":"Alert Diver","article_published_time":"2024-02-01T08:53:06+00:00","article_modified_time":"2024-02-01T15:32:00+00:00","og_image":[{"width":2560,"height":1120,"url":"https:\/\/alertdiver.eu\/wp-content\/uploads\/2024\/02\/CarbonDioxide1_BannerWeb_2560x1120.jpg","type":"image\/jpeg"}],"author":"mtuccella@daneurope.org","twitter_card":"summary_large_image","twitter_misc":{"Escrito por":"mtuccella@daneurope.org","Tiempo de lectura":"7 minutos"},"schema":{"@context":"https:\/\/schema.org","@graph":[{"@type":"Article","@id":"https:\/\/alertdiver.eu\/es_ES\/articulos\/el-dioxido-de-carbono-el-enemigo-temido-1a-parte\/#article","isPartOf":{"@id":"https:\/\/alertdiver.eu\/es_ES\/articulos\/el-dioxido-de-carbono-el-enemigo-temido-1a-parte\/"},"author":{"name":"mtuccella@daneurope.org","@id":"https:\/\/alertdiver.eu\/es_ES\/#\/schema\/person\/e5aa4c80b09c73018c6d8b140482fe5a"},"headline":"El Di\u00f3xido de Carbono: el Enemigo Temido (1\u00aa parte)","datePublished":"2024-02-01T08:53:06+00:00","dateModified":"2024-02-01T15:32:00+00:00","mainEntityOfPage":{"@id":"https:\/\/alertdiver.eu\/es_ES\/articulos\/el-dioxido-de-carbono-el-enemigo-temido-1a-parte\/"},"wordCount":1442,"publisher":{"@id":"https:\/\/alertdiver.eu\/es_ES\/#organization"},"image":{"@id":"https:\/\/alertdiver.eu\/es_ES\/articulos\/el-dioxido-de-carbono-el-enemigo-temido-1a-parte\/#primaryimage"},"thumbnailUrl":"https:\/\/alertdiver.eu\/wp-content\/uploads\/2024\/02\/CarbonDioxide1_BannerWeb_2560x1120.jpg","keywords":["Buceador preparado"],"articleSection":["Articulos"],"inLanguage":"es"},{"@type":"WebPage","@id":"https:\/\/alertdiver.eu\/es_ES\/articulos\/el-dioxido-de-carbono-el-enemigo-temido-1a-parte\/","url":"https:\/\/alertdiver.eu\/es_ES\/articulos\/el-dioxido-de-carbono-el-enemigo-temido-1a-parte\/","name":"El Di\u00f3xido de Carbono: el Enemigo Temido (1\u00aa parte) - Alert Diver","isPartOf":{"@id":"https:\/\/alertdiver.eu\/es_ES\/#website"},"primaryImageOfPage":{"@id":"https:\/\/alertdiver.eu\/es_ES\/articulos\/el-dioxido-de-carbono-el-enemigo-temido-1a-parte\/#primaryimage"},"image":{"@id":"https:\/\/alertdiver.eu\/es_ES\/articulos\/el-dioxido-de-carbono-el-enemigo-temido-1a-parte\/#primaryimage"},"thumbnailUrl":"https:\/\/alertdiver.eu\/wp-content\/uploads\/2024\/02\/CarbonDioxide1_BannerWeb_2560x1120.jpg","datePublished":"2024-02-01T08:53:06+00:00","dateModified":"2024-02-01T15:32:00+00:00","description":"En esta primera parte de tres, el autor describe c\u00f3mo afect\u00f3 el di\u00f3xido de carbono a su inmersi\u00f3n y su rol en las emergencias de buceo.","breadcrumb":{"@id":"https:\/\/alertdiver.eu\/es_ES\/articulos\/el-dioxido-de-carbono-el-enemigo-temido-1a-parte\/#breadcrumb"},"inLanguage":"es","potentialAction":[{"@type":"ReadAction","target":["https:\/\/alertdiver.eu\/es_ES\/articulos\/el-dioxido-de-carbono-el-enemigo-temido-1a-parte\/"]}]},{"@type":"ImageObject","inLanguage":"es","@id":"https:\/\/alertdiver.eu\/es_ES\/articulos\/el-dioxido-de-carbono-el-enemigo-temido-1a-parte\/#primaryimage","url":"https:\/\/alertdiver.eu\/wp-content\/uploads\/2024\/02\/CarbonDioxide1_BannerWeb_2560x1120.jpg","contentUrl":"https:\/\/alertdiver.eu\/wp-content\/uploads\/2024\/02\/CarbonDioxide1_BannerWeb_2560x1120.jpg","width":2560,"height":1120},{"@type":"BreadcrumbList","@id":"https:\/\/alertdiver.eu\/es_ES\/articulos\/el-dioxido-de-carbono-el-enemigo-temido-1a-parte\/#breadcrumb","itemListElement":[{"@type":"ListItem","position":1,"name":"Home","item":"https:\/\/alertdiver.eu\/es_ES\/"},{"@type":"ListItem","position":2,"name":"El Di\u00f3xido de Carbono: el Enemigo Temido (1\u00aa parte)"}]},{"@type":"WebSite","@id":"https:\/\/alertdiver.eu\/es_ES\/#website","url":"https:\/\/alertdiver.eu\/es_ES\/","name":"Alert Diver Europe","description":"Access, discover and share the latest diving safety content from DAN Europe.","publisher":{"@id":"https:\/\/alertdiver.eu\/es_ES\/#organization"},"potentialAction":[{"@type":"SearchAction","target":{"@type":"EntryPoint","urlTemplate":"https:\/\/alertdiver.eu\/es_ES\/?s={search_term_string}"},"query-input":{"@type":"PropertyValueSpecification","valueRequired":true,"valueName":"search_term_string"}}],"inLanguage":"es"},{"@type":"Organization","@id":"https:\/\/alertdiver.eu\/es_ES\/#organization","name":"Alert Diver Europe","url":"https:\/\/alertdiver.eu\/es_ES\/","logo":{"@type":"ImageObject","inLanguage":"es","@id":"https:\/\/alertdiver.eu\/es_ES\/#\/schema\/logo\/image\/","url":"https:\/\/alertdiver.eu\/wp-content\/uploads\/2023\/02\/cropped-favicon.png","contentUrl":"https:\/\/alertdiver.eu\/wp-content\/uploads\/2023\/02\/cropped-favicon.png","width":512,"height":512,"caption":"Alert Diver Europe"},"image":{"@id":"https:\/\/alertdiver.eu\/es_ES\/#\/schema\/logo\/image\/"}},{"@type":"Person","@id":"https:\/\/alertdiver.eu\/es_ES\/#\/schema\/person\/e5aa4c80b09c73018c6d8b140482fe5a","name":"mtuccella@daneurope.org","image":{"@type":"ImageObject","inLanguage":"es","@id":"https:\/\/alertdiver.eu\/es_ES\/#\/schema\/person\/image\/","url":"https:\/\/secure.gravatar.com\/avatar\/d8b3afb8690f2a9b7aa9d36d7a3b1581?s=96&d=mm&r=g","contentUrl":"https:\/\/secure.gravatar.com\/avatar\/d8b3afb8690f2a9b7aa9d36d7a3b1581?s=96&d=mm&r=g","caption":"mtuccella@daneurope.org"},"url":"https:\/\/alertdiver.eu\/es_ES\/author\/mtuccelladaneurope-org\/"}]}},"_links":{"self":[{"href":"https:\/\/alertdiver.eu\/es_ES\/wp-json\/wp\/v2\/posts\/11409028","targetHints":{"allow":["GET"]}}],"collection":[{"href":"https:\/\/alertdiver.eu\/es_ES\/wp-json\/wp\/v2\/posts"}],"about":[{"href":"https:\/\/alertdiver.eu\/es_ES\/wp-json\/wp\/v2\/types\/post"}],"author":[{"embeddable":true,"href":"https:\/\/alertdiver.eu\/es_ES\/wp-json\/wp\/v2\/users\/9"}],"replies":[{"embeddable":true,"href":"https:\/\/alertdiver.eu\/es_ES\/wp-json\/wp\/v2\/comments?post=11409028"}],"version-history":[{"count":3,"href":"https:\/\/alertdiver.eu\/es_ES\/wp-json\/wp\/v2\/posts\/11409028\/revisions"}],"predecessor-version":[{"id":11409055,"href":"https:\/\/alertdiver.eu\/es_ES\/wp-json\/wp\/v2\/posts\/11409028\/revisions\/11409055"}],"wp:featuredmedia":[{"embeddable":true,"href":"https:\/\/alertdiver.eu\/es_ES\/wp-json\/wp\/v2\/media\/11408993"}],"wp:attachment":[{"href":"https:\/\/alertdiver.eu\/es_ES\/wp-json\/wp\/v2\/media?parent=11409028"}],"wp:term":[{"taxonomy":"category","embeddable":true,"href":"https:\/\/alertdiver.eu\/es_ES\/wp-json\/wp\/v2\/categories?post=11409028"},{"taxonomy":"post_tag","embeddable":true,"href":"https:\/\/alertdiver.eu\/es_ES\/wp-json\/wp\/v2\/tags?post=11409028"},{"taxonomy":"authors","embeddable":true,"href":"https:\/\/alertdiver.eu\/es_ES\/wp-json\/wp\/v2\/authors?post=11409028"}],"curies":[{"name":"wp","href":"https:\/\/api.w.org\/{rel}","templated":true}]}}