{"id":11409891,"date":"2024-05-16T10:42:56","date_gmt":"2024-05-16T08:42:56","guid":{"rendered":"https:\/\/alertdiver.eu\/?p=11409891"},"modified":"2024-05-16T11:30:56","modified_gmt":"2024-05-16T09:30:56","slug":"miedo-y-aversion-a-bucear","status":"publish","type":"post","link":"https:\/\/alertdiver.eu\/es_ES\/articulos\/miedo-y-aversion-a-bucear\/","title":{"rendered":"Miedo y aversi\u00f3n a  bucear"},"content":{"rendered":"<p data-renderer-start-pos=\"7701\">El miedo es una emoci\u00f3n fundamental y \u00fatil en los humanos y en nuestros parientes mam\u00edferos. Se\u00f1ala a la mente la presencia de una situaci\u00f3n peligrosa. Como todas las emociones, el miedo desempe\u00f1a un papel importante en nuestro funcionamiento mental. En el buceo, por ejemplo, el miedo a entrar en una cueva oscura y estrecha indica correctamente al buceador que adentrarse en esa cueva es arriesgado, sobre todo sin la formaci\u00f3n adecuada.<\/p>\n<p data-renderer-start-pos=\"8142\">El miedo tambi\u00e9n puede ser contraproducente: Algunas personas no quieren bucear porque tienen un miedo excesivo a lo desconocido que pueden encontrarse durante la inmersi\u00f3n, como los tiburones. En otras situaciones, el miedo puede impedir el correcto desempe\u00f1o durante una inmersi\u00f3n, e incluso aumentar y desembocar en el p\u00e1nico. Podemos pensar en estos casos como un funcionamiento inadecuado de la respuesta del miedo, causado por exponer al ser humano a un entorno (nadar bajo el agua con escafandra aut\u00f3noma) para el que no evolucion\u00f3 y al que, con frecuencia, no est\u00e1 acostumbrado.<\/p>\n<p data-renderer-start-pos=\"8730\">En este art\u00edculo, analizaremos lo que la investigaci\u00f3n cerebral moderna ha descubierto sobre el miedo y c\u00f3mo estos descubrimientos se relacionan con el buceo.<\/p>\n<p><img loading=\"lazy\" decoding=\"async\" class=\"aligncenter wp-image-11409880 size-full\" src=\"https:\/\/alertdiver.eu\/wp-content\/uploads\/2024\/05\/shark_1500-2.jpg\" alt=\"\" width=\"1500\" height=\"1116\" srcset=\"https:\/\/alertdiver.eu\/wp-content\/uploads\/2024\/05\/shark_1500-2.jpg 1500w, https:\/\/alertdiver.eu\/wp-content\/uploads\/2024\/05\/shark_1500-2-300x223.jpg 300w, https:\/\/alertdiver.eu\/wp-content\/uploads\/2024\/05\/shark_1500-2-768x571.jpg 768w, https:\/\/alertdiver.eu\/wp-content\/uploads\/2024\/05\/shark_1500-2-700x521.jpg 700w\" sizes=\"auto, (max-width: 1500px) 100vw, 1500px\" \/><\/p>\n<p style=\"text-align: center;\" data-renderer-start-pos=\"1495\"><em data-renderer-mark=\"true\">Un tibur\u00f3n nodriza gris, visto en Maroubra, Australia. Este pez provoca miedo a muchos buceadores. De hecho, es un devorador de peces (como puede deducirse por sus dientes puntiagudos), y los encuentros hostiles con buceadores son extremadamente raros. En la mayor\u00eda de los casos, tener miedo a los tiburones es una funci\u00f3n inadecuada de la emoci\u00f3n del miedo.<\/em><\/p>\n<h3 id=\"La-fisiolog\u00eda-del-miedo\" data-renderer-start-pos=\"9261\">La fisiolog\u00eda del miedo<\/h3>\n<p data-renderer-start-pos=\"9286\">Cuando un individuo siente miedo, por ejemplo debido a un percance inesperado bajo el agua, se producen una serie de cambios fisiol\u00f3gicos en su cuerpo. La frecuencia respiratoria aumenta, el coraz\u00f3n late m\u00e1s deprisa y se eleva la tensi\u00f3n arterial. Muchos lectores habr\u00e1n observado estos cambios en sus propios cuerpos, pero no estamos pasivamente a merced de nuestro miedo. Concentrando la mente y controlando activamente nuestra respiraci\u00f3n, podemos controlar nuestro miedo.<\/p>\n<p data-renderer-start-pos=\"9763\">Esta es la primera idea que se desprende de la investigaci\u00f3n cerebral: el cerebro dialoga mucho consigo mismo. La mayor\u00eda de las conexiones entre \u00e1reas cerebrales no proceden de nuestros sentidos (el mundo exterior), sino de otras \u00e1reas cerebrales. Las regiones cerebrales que intervienen en la planificaci\u00f3n y el autocontrol pueden afectar a las que intervienen en el miedo. Pero, \u00bfde qu\u00e9 \u00e1reas cerebrales se trata?<\/p>\n<h3 id=\"El-miedo-en-el-cerebro\" data-renderer-start-pos=\"10181\">El miedo en el cerebro<\/h3>\n<p data-renderer-start-pos=\"10205\">El cerebro humano est\u00e1 dividido en m\u00faltiples \u00e1reas, cada una con funciones distintas en el control de nuestras emociones, sensaciones y comportamientos. La zona del cerebro m\u00e1s implicada en el procesamiento del miedo es la am\u00edgdala. La am\u00edgdala forma parte del llamado sistema l\u00edmbico, un sistema de \u00e1reas cerebrales implicadas en funciones emocionales e involuntarias. Hay una am\u00edgdala a cada lado del cerebro. La am\u00edgdala conecta la informaci\u00f3n de nuestros sentidos, como la vista y el o\u00eddo, con la informaci\u00f3n sobre acontecimientos desagradables. B\u00e1sicamente, es una centralita en nuestro cerebro que nos dice a qu\u00e9 debemos temer razonablemente.<\/p>\n<p data-renderer-start-pos=\"10855\">La am\u00edgdala tambi\u00e9n interviene en lo que se conoce como condicionamiento del miedo: experimentar dolor al o\u00edr un determinado sonido har\u00e1 que asociemos el sonido con el dolor. El sonido por s\u00ed solo puede hacernos estremecer en el futuro: Hemos aprendido a temer el sonido. Los instructores de submarinismo experimentados se habr\u00e1n encontrado con alumnos que sufrieron un episodio de casi ahogamiento en su infancia y, desde entonces, han tenido miedo de sumergirse en el agua. Este tipo de asociaci\u00f3n entre un acontecimiento traum\u00e1tico (estar a punto de ahogarse) y una sensaci\u00f3n (estar en el agua) se almacena en la am\u00edgdala. Borrar este tipo de condicionamiento del miedo requiere mucho esfuerzo y paciencia.<\/p>\n<p data-renderer-start-pos=\"11566\">La am\u00edgdala est\u00e1 muy interconectada con otra zona del cerebro llamada cortex medial prefrontal<sup data-renderer-mark=\"true\">1<\/sup>. El c\u00f3rtex prefrontal medial est\u00e1 implicado en las funciones ejecutivas, que es un t\u00e9rmino elegante para referirse a la planificaci\u00f3n y el autocontrol. Las conexiones entre el c\u00f3rtex prefrontal medial (autocontrol) y la am\u00edgdala (miedo) representan nuestra capacidad psicol\u00f3gica para regular el miedo.<\/p>\n<h3 id=\"Miedo-y-narcosis-por-gas-inerte\" data-renderer-start-pos=\"11965\">Miedo y narcosis por gas inerte<\/h3>\n<p data-renderer-start-pos=\"11998\">La mayor\u00eda de los buceadores experimentados estar\u00e1n de acuerdo en que la narcosis por gas inerte afecta a sus estados emocionales. Cuando se trata del miedo, los efectos de la narcosis pueden ir en cualquier direcci\u00f3n: estar \u00abnarcotizado\u00bb puede calmar o puede amplificar los miedos preexistentes.<\/p>\n<p data-renderer-start-pos=\"12296\">Existen algunos estudios cient\u00edficos de las \u00faltimas d\u00e9cadas que abordan directamente la conexi\u00f3n de la narcosis por gas inerte con el miedo y la ansiedad (dos conceptos relacionados pero no id\u00e9nticos).<sup data-renderer-mark=\"true\">2,3<\/sup> Un estudio de L\u00f6fdahl y sus colegas comprob\u00f3 c\u00f3mo los sujetos valoran el contenido emocional de las im\u00e1genes mientras est\u00e1n sentados en una c\u00e1mara de descompresi\u00f3n a una presi\u00f3n equivalente a una inmersi\u00f3n a -39 metros. A altas presiones, los sujetos juzgaban las im\u00e1genes emocionalmente desagradables como ligeramente menos impactantes, calificando las im\u00e1genes que induc\u00edan miedo como menos atemorizantes en profundidad, en comparaci\u00f3n con las mismas im\u00e1genes en la superficie. Este efecto calmante de la narcosis podr\u00eda estar relacionado con el nivel de experiencia del buceador, ya que los buceadores m\u00e1s experimentados se sienten m\u00e1s c\u00f3modos estando \u00abnarcotizados\u00bb.<\/p>\n<p data-renderer-start-pos=\"13173\">Un segundo estudio de Hobbs y Kneller demostr\u00f3 que los efectos de la narcosis por gas inerte se ven exacerbados por la ansiedad. En este estudio, los sujetos -en general, buceadores experimentados con una media de 300 inmersiones- se encontraban realmente bajo el agua, buceando a unos -40 metros. En profundidad, realizaron un tipo de prueba de cociente intelectual emparejando letras con n\u00fameros en una pizarra, con un tiempo limitado para completar la tarea. Todos los sujetos obtuvieron peores resultados en profundidad que en la superficie, pero los buceadores que declararon estar ansiosos fueron los que obtuvieron peores resultados. El miedo siempre interfiere con el pensamiento lineal, y parece que el efecto se amplifica cuando se experimenta narcosis por gas inerte. \u00bfPodr\u00eda ser que la am\u00edgdala est\u00e9 sobrecargada en estas condiciones?<\/p>\n<p><img loading=\"lazy\" decoding=\"async\" class=\"aligncenter wp-image-11409841 size-full\" src=\"https:\/\/alertdiver.eu\/wp-content\/uploads\/2024\/05\/divers_1500.jpg\" alt=\"\" width=\"1000\" height=\"1500\" srcset=\"https:\/\/alertdiver.eu\/wp-content\/uploads\/2024\/05\/divers_1500.jpg 1000w, https:\/\/alertdiver.eu\/wp-content\/uploads\/2024\/05\/divers_1500-200x300.jpg 200w, https:\/\/alertdiver.eu\/wp-content\/uploads\/2024\/05\/divers_1500-747x1120.jpg 747w, https:\/\/alertdiver.eu\/wp-content\/uploads\/2024\/05\/divers_1500-768x1152.jpg 768w, https:\/\/alertdiver.eu\/wp-content\/uploads\/2024\/05\/divers_1500-700x1050.jpg 700w\" sizes=\"auto, (max-width: 1000px) 100vw, 1000px\" \/><\/p>\n<p style=\"text-align: center;\" data-renderer-start-pos=\"5725\"><em data-renderer-mark=\"true\">El buceo profundo y en pecios son actividades que pueden provocar miedo a los buceadores. Mugami Maru, Malapascua, Filipinas, a -55 metros de profundidad<\/em>.<\/p>\n<h3 id=\"\u00bfAfecta-la-narcosis-por-gas-inerte-a-la-am\u00edgdala?\" data-renderer-start-pos=\"14187\">\u00bfAfecta la narcosis por gas inerte a la am\u00edgdala?<\/h3>\n<p data-renderer-start-pos=\"14238\">Una pregunta obvia en el contexto de este art\u00edculo es c\u00f3mo afecta exactamente la narcosis por gas inerte a la am\u00edgdala. La respuesta es que nadie lo sabe realmente. El efecto de las altas presiones de gas sobre la fisiolog\u00eda de las regiones cerebrales y las c\u00e9lulas nerviosas individuales, es un tema de gran complejidad en la ciencia del cerebro.<\/p>\n<p data-renderer-start-pos=\"14587\">Sin embargo, existe un conjunto peque\u00f1o pero valioso de investigaciones relativamente recientes sobre el efecto de las altas presiones en la funci\u00f3n de las c\u00e9lulas nerviosas, en general. Los cient\u00edficos han descubierto que el funcionamiento de las c\u00e9lulas nerviosas no s\u00f3lo se debe a cambios en la fluidez de las membranas celulares a altas presiones. Las altas presiones de gas tambi\u00e9n afectan a las funciones de los canales i\u00f3nicos, prote\u00ednas que act\u00faan como puertas en las membranas de las c\u00e9lulas nerviosas. Sin embargo, que yo sepa, nadie ha estudiado espec\u00edficamente la am\u00edgdala a altas presiones de gas ambiental.<\/p>\n<p data-renderer-start-pos=\"15209\">\u00bfEs posible extrapolar los estudios sobre los canales i\u00f3nicos a los cambios en el funcionamiento de nuestro centro del miedo, la am\u00edgdala? S\u00f3lo en un sentido muy general. Los canales i\u00f3nicos est\u00e1n presentes en todas las c\u00e9lulas nerviosas de la am\u00edgdala, en distintas combinaciones y densidades. A modo de analog\u00eda, imaginarse que alguien manipula varios componentes de una motocicleta al mismo tiempo: afina el motor, modifica los frenos y cambia el tama\u00f1o de las ruedas. \u00bfAfectar\u00e1 esta combinaci\u00f3n de cambios a la conducci\u00f3n de la moto? La respuesta es casi con toda seguridad que s\u00ed, pero nadie sabe exactamente c\u00f3mo. Esto es similar a lo que le ocurre a la am\u00edgdala y al sistema l\u00edmbico durante una inmersi\u00f3n profunda: podemos esperar efectos significativos, pero no podemos predecir en qu\u00e9 direcci\u00f3n ir\u00e1n.<\/p>\n<p data-renderer-start-pos=\"16020\">Todos somos individuos, especialmente en lo que respecta a nuestro cerebro. Las experiencias que acumulamos a lo largo de nuestra vida conectar\u00e1n las conexiones de nuestra am\u00edgdala de forma espec\u00edfica para cada persona (el condicionamiento del miedo del que habl\u00e1bamos antes). Cualquier reacci\u00f3n de miedo que podamos experimentar mientras buceamos ser\u00e1 el resultado de este proceso de este cableado tan espec\u00edfico.<\/p>\n<p data-renderer-start-pos=\"17090\"><strong data-renderer-mark=\"true\">Referencias:<\/strong><\/p>\n<ol>\n<li data-renderer-start-pos=\"17106\">Reppucci, C. J., &amp; Petrovich, G. D. (2016). Organization of connections between the amygdala, medial prefrontal cortex, and lateral hypothalamus: a single and double retrograde tracing study in rats. Brain Structure and Function, 221, 2937-2962.<\/li>\n<li data-renderer-start-pos=\"17355\">L\u00f6fdahl, P., Andersson, D., &amp; Bennett, M. (2013). Nitrogen narcosis and emotional processing during compressed air breathing. Aviation, space, and environmental medicine, 84(1), 17-21.<\/li>\n<li data-renderer-start-pos=\"17543\">Hobbs, M., &amp; Kneller, W. (2011). Anxiety and psychomotor performance in divers on the surface and underwater at 40 m. Aviation, space, and environmental medicine, 82(1), 20-25.<\/li>\n<\/ol>\n<hr \/>\n<p data-renderer-start-pos=\"18105\"><strong data-renderer-mark=\"true\">Acerca del autor<\/strong><\/p>\n<p data-renderer-start-pos=\"18105\">El Dr. Klaus M. Stiefel es bi\u00f3logo, instructor de buceo y escritor cient\u00edfico, afincado en Filipinas. Su \u00faltimo libro, con el Dr. James D. Reimer, \u00ab<a class=\"cc-1rn59kg\" title=\"https:\/\/shop.asiangeo.com\/product\/25-future-dives-klaus-m-stiefel-james-d-reimer\/\" href=\"https:\/\/shop.asiangeo.com\/product\/25-future-dives-klaus-m-stiefel-james-d-reimer\/\" data-testid=\"link-with-safety\" data-renderer-mark=\"true\">25 Future Dives<\/a>\u00bb se ha publicado en 2024, con Asian Geographic (Singapur). Las fotograf\u00edas y v\u00eddeos submarinos de Klaus se pueden encontrar en las redes sociales con el nombre \u00ab<a class=\"cc-1rn59kg\" title=\"https:\/\/www.youtube.com\/channel\/UCXpYfIHXf1L7s-V_LebJmCA\" href=\"https:\/\/www.youtube.com\/channel\/UCXpYfIHXf1L7s-V_LebJmCA\" data-testid=\"link-with-safety\" data-renderer-mark=\"true\">Pacificklaus<\/a>\u00ab.<\/p>\n<hr \/>\n<p data-renderer-start-pos=\"18466\"><strong data-renderer-mark=\"true\">Traductor:<\/strong>\u00a0<a class=\"cc-1rn59kg\" title=\"https:\/\/facebook.com\/rverdaguer\" href=\"https:\/\/facebook.com\/rverdaguer\" data-testid=\"link-with-safety\" data-renderer-mark=\"true\">Ramon Verdaguer<\/a><\/p>\n","protected":false},"excerpt":{"rendered":"<p>El miedo es una emoci\u00f3n fundamental y \u00fatil en los humanos y en nuestros parientes mam\u00edferos. Se\u00f1ala a la mente la presencia de una situaci\u00f3n&#8230;<\/p>\n","protected":false},"author":9,"featured_media":11409866,"comment_status":"closed","ping_status":"closed","sticky":false,"template":"","format":"standard","meta":{"_acf_changed":false,"footnotes":""},"categories":[383],"tags":[1843],"authors":[2008],"class_list":["post-11409891","post","type-post","status-publish","format-standard","has-post-thumbnail","hentry","category-articulos","tag-caracteristicas","authors-klaus-stiefel"],"acf":[],"yoast_head":"<!-- This site is optimized with the Yoast SEO plugin v24.2 - https:\/\/yoast.com\/wordpress\/plugins\/seo\/ -->\n<title>Miedo y aversi\u00f3n a bucear - Alert Diver<\/title>\n<meta name=\"description\" content=\"El art\u00edculo ofrece una visi\u00f3n general de la neurobiolog\u00eda del miedo y detalla su papel en el buceo con equipo aut\u00f3nomo.\" \/>\n<meta name=\"robots\" content=\"index, follow, max-snippet:-1, max-image-preview:large, max-video-preview:-1\" \/>\n<link rel=\"canonical\" href=\"https:\/\/alertdiver.eu\/es_ES\/articulos\/miedo-y-aversion-a-bucear\/\" \/>\n<meta property=\"og:locale\" content=\"es_ES\" \/>\n<meta property=\"og:type\" content=\"article\" \/>\n<meta property=\"og:title\" content=\"Miedo y aversi\u00f3n a bucear - Alert Diver\" \/>\n<meta property=\"og:description\" content=\"El art\u00edculo ofrece una visi\u00f3n general de la neurobiolog\u00eda del miedo y detalla su papel en el buceo con equipo aut\u00f3nomo.\" \/>\n<meta property=\"og:url\" content=\"https:\/\/alertdiver.eu\/es_ES\/articulos\/miedo-y-aversion-a-bucear\/\" \/>\n<meta property=\"og:site_name\" content=\"Alert Diver\" \/>\n<meta property=\"article:published_time\" content=\"2024-05-16T08:42:56+00:00\" \/>\n<meta property=\"article:modified_time\" content=\"2024-05-16T09:30:56+00:00\" \/>\n<meta property=\"og:image\" content=\"https:\/\/alertdiver.eu\/wp-content\/uploads\/2024\/05\/Fear-and-Loathing-in-Scuba-Diving_BannerWeb_2560x1120.jpg\" \/>\n\t<meta property=\"og:image:width\" content=\"2560\" \/>\n\t<meta property=\"og:image:height\" content=\"1120\" \/>\n\t<meta property=\"og:image:type\" content=\"image\/jpeg\" \/>\n<meta name=\"author\" content=\"mtuccella@daneurope.org\" \/>\n<meta name=\"twitter:card\" content=\"summary_large_image\" \/>\n<meta name=\"twitter:label1\" content=\"Escrito por\" \/>\n\t<meta name=\"twitter:data1\" content=\"mtuccella@daneurope.org\" \/>\n\t<meta name=\"twitter:label2\" content=\"Tiempo de lectura\" \/>\n\t<meta name=\"twitter:data2\" content=\"8 minutos\" \/>\n<script type=\"application\/ld+json\" class=\"yoast-schema-graph\">{\"@context\":\"https:\/\/schema.org\",\"@graph\":[{\"@type\":\"Article\",\"@id\":\"https:\/\/alertdiver.eu\/es_ES\/articulos\/miedo-y-aversion-a-bucear\/#article\",\"isPartOf\":{\"@id\":\"https:\/\/alertdiver.eu\/es_ES\/articulos\/miedo-y-aversion-a-bucear\/\"},\"author\":{\"name\":\"mtuccella@daneurope.org\",\"@id\":\"https:\/\/alertdiver.eu\/es_ES\/#\/schema\/person\/e5aa4c80b09c73018c6d8b140482fe5a\"},\"headline\":\"Miedo y aversi\u00f3n a bucear\",\"datePublished\":\"2024-05-16T08:42:56+00:00\",\"dateModified\":\"2024-05-16T09:30:56+00:00\",\"mainEntityOfPage\":{\"@id\":\"https:\/\/alertdiver.eu\/es_ES\/articulos\/miedo-y-aversion-a-bucear\/\"},\"wordCount\":1628,\"publisher\":{\"@id\":\"https:\/\/alertdiver.eu\/es_ES\/#organization\"},\"image\":{\"@id\":\"https:\/\/alertdiver.eu\/es_ES\/articulos\/miedo-y-aversion-a-bucear\/#primaryimage\"},\"thumbnailUrl\":\"https:\/\/alertdiver.eu\/wp-content\/uploads\/2024\/05\/Fear-and-Loathing-in-Scuba-Diving_BannerWeb_2560x1120.jpg\",\"keywords\":[\"Caracteristicas\"],\"articleSection\":[\"Articulos\"],\"inLanguage\":\"es\"},{\"@type\":\"WebPage\",\"@id\":\"https:\/\/alertdiver.eu\/es_ES\/articulos\/miedo-y-aversion-a-bucear\/\",\"url\":\"https:\/\/alertdiver.eu\/es_ES\/articulos\/miedo-y-aversion-a-bucear\/\",\"name\":\"Miedo y aversi\u00f3n a bucear - Alert Diver\",\"isPartOf\":{\"@id\":\"https:\/\/alertdiver.eu\/es_ES\/#website\"},\"primaryImageOfPage\":{\"@id\":\"https:\/\/alertdiver.eu\/es_ES\/articulos\/miedo-y-aversion-a-bucear\/#primaryimage\"},\"image\":{\"@id\":\"https:\/\/alertdiver.eu\/es_ES\/articulos\/miedo-y-aversion-a-bucear\/#primaryimage\"},\"thumbnailUrl\":\"https:\/\/alertdiver.eu\/wp-content\/uploads\/2024\/05\/Fear-and-Loathing-in-Scuba-Diving_BannerWeb_2560x1120.jpg\",\"datePublished\":\"2024-05-16T08:42:56+00:00\",\"dateModified\":\"2024-05-16T09:30:56+00:00\",\"description\":\"El art\u00edculo ofrece una visi\u00f3n general de la neurobiolog\u00eda del miedo y detalla su papel en el buceo con equipo aut\u00f3nomo.\",\"breadcrumb\":{\"@id\":\"https:\/\/alertdiver.eu\/es_ES\/articulos\/miedo-y-aversion-a-bucear\/#breadcrumb\"},\"inLanguage\":\"es\",\"potentialAction\":[{\"@type\":\"ReadAction\",\"target\":[\"https:\/\/alertdiver.eu\/es_ES\/articulos\/miedo-y-aversion-a-bucear\/\"]}]},{\"@type\":\"ImageObject\",\"inLanguage\":\"es\",\"@id\":\"https:\/\/alertdiver.eu\/es_ES\/articulos\/miedo-y-aversion-a-bucear\/#primaryimage\",\"url\":\"https:\/\/alertdiver.eu\/wp-content\/uploads\/2024\/05\/Fear-and-Loathing-in-Scuba-Diving_BannerWeb_2560x1120.jpg\",\"contentUrl\":\"https:\/\/alertdiver.eu\/wp-content\/uploads\/2024\/05\/Fear-and-Loathing-in-Scuba-Diving_BannerWeb_2560x1120.jpg\",\"width\":2560,\"height\":1120},{\"@type\":\"BreadcrumbList\",\"@id\":\"https:\/\/alertdiver.eu\/es_ES\/articulos\/miedo-y-aversion-a-bucear\/#breadcrumb\",\"itemListElement\":[{\"@type\":\"ListItem\",\"position\":1,\"name\":\"Home\",\"item\":\"https:\/\/alertdiver.eu\/es_ES\/\"},{\"@type\":\"ListItem\",\"position\":2,\"name\":\"Miedo y aversi\u00f3n a bucear\"}]},{\"@type\":\"WebSite\",\"@id\":\"https:\/\/alertdiver.eu\/es_ES\/#website\",\"url\":\"https:\/\/alertdiver.eu\/es_ES\/\",\"name\":\"Alert Diver Europe\",\"description\":\"Access, discover and share the latest diving safety content from DAN Europe.\",\"publisher\":{\"@id\":\"https:\/\/alertdiver.eu\/es_ES\/#organization\"},\"potentialAction\":[{\"@type\":\"SearchAction\",\"target\":{\"@type\":\"EntryPoint\",\"urlTemplate\":\"https:\/\/alertdiver.eu\/es_ES\/?s={search_term_string}\"},\"query-input\":{\"@type\":\"PropertyValueSpecification\",\"valueRequired\":true,\"valueName\":\"search_term_string\"}}],\"inLanguage\":\"es\"},{\"@type\":\"Organization\",\"@id\":\"https:\/\/alertdiver.eu\/es_ES\/#organization\",\"name\":\"Alert Diver Europe\",\"url\":\"https:\/\/alertdiver.eu\/es_ES\/\",\"logo\":{\"@type\":\"ImageObject\",\"inLanguage\":\"es\",\"@id\":\"https:\/\/alertdiver.eu\/es_ES\/#\/schema\/logo\/image\/\",\"url\":\"https:\/\/alertdiver.eu\/wp-content\/uploads\/2023\/02\/cropped-favicon.png\",\"contentUrl\":\"https:\/\/alertdiver.eu\/wp-content\/uploads\/2023\/02\/cropped-favicon.png\",\"width\":512,\"height\":512,\"caption\":\"Alert Diver Europe\"},\"image\":{\"@id\":\"https:\/\/alertdiver.eu\/es_ES\/#\/schema\/logo\/image\/\"}},{\"@type\":\"Person\",\"@id\":\"https:\/\/alertdiver.eu\/es_ES\/#\/schema\/person\/e5aa4c80b09c73018c6d8b140482fe5a\",\"name\":\"mtuccella@daneurope.org\",\"image\":{\"@type\":\"ImageObject\",\"inLanguage\":\"es\",\"@id\":\"https:\/\/alertdiver.eu\/es_ES\/#\/schema\/person\/image\/\",\"url\":\"https:\/\/secure.gravatar.com\/avatar\/d8b3afb8690f2a9b7aa9d36d7a3b1581?s=96&d=mm&r=g\",\"contentUrl\":\"https:\/\/secure.gravatar.com\/avatar\/d8b3afb8690f2a9b7aa9d36d7a3b1581?s=96&d=mm&r=g\",\"caption\":\"mtuccella@daneurope.org\"},\"url\":\"https:\/\/alertdiver.eu\/es_ES\/author\/mtuccelladaneurope-org\/\"}]}<\/script>\n<!-- \/ Yoast SEO plugin. -->","yoast_head_json":{"title":"Miedo y aversi\u00f3n a bucear - Alert Diver","description":"El art\u00edculo ofrece una visi\u00f3n general de la neurobiolog\u00eda del miedo y detalla su papel en el buceo con equipo aut\u00f3nomo.","robots":{"index":"index","follow":"follow","max-snippet":"max-snippet:-1","max-image-preview":"max-image-preview:large","max-video-preview":"max-video-preview:-1"},"canonical":"https:\/\/alertdiver.eu\/es_ES\/articulos\/miedo-y-aversion-a-bucear\/","og_locale":"es_ES","og_type":"article","og_title":"Miedo y aversi\u00f3n a bucear - Alert Diver","og_description":"El art\u00edculo ofrece una visi\u00f3n general de la neurobiolog\u00eda del miedo y detalla su papel en el buceo con equipo aut\u00f3nomo.","og_url":"https:\/\/alertdiver.eu\/es_ES\/articulos\/miedo-y-aversion-a-bucear\/","og_site_name":"Alert Diver","article_published_time":"2024-05-16T08:42:56+00:00","article_modified_time":"2024-05-16T09:30:56+00:00","og_image":[{"width":2560,"height":1120,"url":"https:\/\/alertdiver.eu\/wp-content\/uploads\/2024\/05\/Fear-and-Loathing-in-Scuba-Diving_BannerWeb_2560x1120.jpg","type":"image\/jpeg"}],"author":"mtuccella@daneurope.org","twitter_card":"summary_large_image","twitter_misc":{"Escrito por":"mtuccella@daneurope.org","Tiempo de lectura":"8 minutos"},"schema":{"@context":"https:\/\/schema.org","@graph":[{"@type":"Article","@id":"https:\/\/alertdiver.eu\/es_ES\/articulos\/miedo-y-aversion-a-bucear\/#article","isPartOf":{"@id":"https:\/\/alertdiver.eu\/es_ES\/articulos\/miedo-y-aversion-a-bucear\/"},"author":{"name":"mtuccella@daneurope.org","@id":"https:\/\/alertdiver.eu\/es_ES\/#\/schema\/person\/e5aa4c80b09c73018c6d8b140482fe5a"},"headline":"Miedo y aversi\u00f3n a bucear","datePublished":"2024-05-16T08:42:56+00:00","dateModified":"2024-05-16T09:30:56+00:00","mainEntityOfPage":{"@id":"https:\/\/alertdiver.eu\/es_ES\/articulos\/miedo-y-aversion-a-bucear\/"},"wordCount":1628,"publisher":{"@id":"https:\/\/alertdiver.eu\/es_ES\/#organization"},"image":{"@id":"https:\/\/alertdiver.eu\/es_ES\/articulos\/miedo-y-aversion-a-bucear\/#primaryimage"},"thumbnailUrl":"https:\/\/alertdiver.eu\/wp-content\/uploads\/2024\/05\/Fear-and-Loathing-in-Scuba-Diving_BannerWeb_2560x1120.jpg","keywords":["Caracteristicas"],"articleSection":["Articulos"],"inLanguage":"es"},{"@type":"WebPage","@id":"https:\/\/alertdiver.eu\/es_ES\/articulos\/miedo-y-aversion-a-bucear\/","url":"https:\/\/alertdiver.eu\/es_ES\/articulos\/miedo-y-aversion-a-bucear\/","name":"Miedo y aversi\u00f3n a bucear - Alert Diver","isPartOf":{"@id":"https:\/\/alertdiver.eu\/es_ES\/#website"},"primaryImageOfPage":{"@id":"https:\/\/alertdiver.eu\/es_ES\/articulos\/miedo-y-aversion-a-bucear\/#primaryimage"},"image":{"@id":"https:\/\/alertdiver.eu\/es_ES\/articulos\/miedo-y-aversion-a-bucear\/#primaryimage"},"thumbnailUrl":"https:\/\/alertdiver.eu\/wp-content\/uploads\/2024\/05\/Fear-and-Loathing-in-Scuba-Diving_BannerWeb_2560x1120.jpg","datePublished":"2024-05-16T08:42:56+00:00","dateModified":"2024-05-16T09:30:56+00:00","description":"El art\u00edculo ofrece una visi\u00f3n general de la neurobiolog\u00eda del miedo y detalla su papel en el buceo con equipo aut\u00f3nomo.","breadcrumb":{"@id":"https:\/\/alertdiver.eu\/es_ES\/articulos\/miedo-y-aversion-a-bucear\/#breadcrumb"},"inLanguage":"es","potentialAction":[{"@type":"ReadAction","target":["https:\/\/alertdiver.eu\/es_ES\/articulos\/miedo-y-aversion-a-bucear\/"]}]},{"@type":"ImageObject","inLanguage":"es","@id":"https:\/\/alertdiver.eu\/es_ES\/articulos\/miedo-y-aversion-a-bucear\/#primaryimage","url":"https:\/\/alertdiver.eu\/wp-content\/uploads\/2024\/05\/Fear-and-Loathing-in-Scuba-Diving_BannerWeb_2560x1120.jpg","contentUrl":"https:\/\/alertdiver.eu\/wp-content\/uploads\/2024\/05\/Fear-and-Loathing-in-Scuba-Diving_BannerWeb_2560x1120.jpg","width":2560,"height":1120},{"@type":"BreadcrumbList","@id":"https:\/\/alertdiver.eu\/es_ES\/articulos\/miedo-y-aversion-a-bucear\/#breadcrumb","itemListElement":[{"@type":"ListItem","position":1,"name":"Home","item":"https:\/\/alertdiver.eu\/es_ES\/"},{"@type":"ListItem","position":2,"name":"Miedo y aversi\u00f3n a bucear"}]},{"@type":"WebSite","@id":"https:\/\/alertdiver.eu\/es_ES\/#website","url":"https:\/\/alertdiver.eu\/es_ES\/","name":"Alert Diver Europe","description":"Access, discover and share the latest diving safety content from DAN Europe.","publisher":{"@id":"https:\/\/alertdiver.eu\/es_ES\/#organization"},"potentialAction":[{"@type":"SearchAction","target":{"@type":"EntryPoint","urlTemplate":"https:\/\/alertdiver.eu\/es_ES\/?s={search_term_string}"},"query-input":{"@type":"PropertyValueSpecification","valueRequired":true,"valueName":"search_term_string"}}],"inLanguage":"es"},{"@type":"Organization","@id":"https:\/\/alertdiver.eu\/es_ES\/#organization","name":"Alert Diver Europe","url":"https:\/\/alertdiver.eu\/es_ES\/","logo":{"@type":"ImageObject","inLanguage":"es","@id":"https:\/\/alertdiver.eu\/es_ES\/#\/schema\/logo\/image\/","url":"https:\/\/alertdiver.eu\/wp-content\/uploads\/2023\/02\/cropped-favicon.png","contentUrl":"https:\/\/alertdiver.eu\/wp-content\/uploads\/2023\/02\/cropped-favicon.png","width":512,"height":512,"caption":"Alert Diver Europe"},"image":{"@id":"https:\/\/alertdiver.eu\/es_ES\/#\/schema\/logo\/image\/"}},{"@type":"Person","@id":"https:\/\/alertdiver.eu\/es_ES\/#\/schema\/person\/e5aa4c80b09c73018c6d8b140482fe5a","name":"mtuccella@daneurope.org","image":{"@type":"ImageObject","inLanguage":"es","@id":"https:\/\/alertdiver.eu\/es_ES\/#\/schema\/person\/image\/","url":"https:\/\/secure.gravatar.com\/avatar\/d8b3afb8690f2a9b7aa9d36d7a3b1581?s=96&d=mm&r=g","contentUrl":"https:\/\/secure.gravatar.com\/avatar\/d8b3afb8690f2a9b7aa9d36d7a3b1581?s=96&d=mm&r=g","caption":"mtuccella@daneurope.org"},"url":"https:\/\/alertdiver.eu\/es_ES\/author\/mtuccelladaneurope-org\/"}]}},"_links":{"self":[{"href":"https:\/\/alertdiver.eu\/es_ES\/wp-json\/wp\/v2\/posts\/11409891","targetHints":{"allow":["GET"]}}],"collection":[{"href":"https:\/\/alertdiver.eu\/es_ES\/wp-json\/wp\/v2\/posts"}],"about":[{"href":"https:\/\/alertdiver.eu\/es_ES\/wp-json\/wp\/v2\/types\/post"}],"author":[{"embeddable":true,"href":"https:\/\/alertdiver.eu\/es_ES\/wp-json\/wp\/v2\/users\/9"}],"replies":[{"embeddable":true,"href":"https:\/\/alertdiver.eu\/es_ES\/wp-json\/wp\/v2\/comments?post=11409891"}],"version-history":[{"count":1,"href":"https:\/\/alertdiver.eu\/es_ES\/wp-json\/wp\/v2\/posts\/11409891\/revisions"}],"predecessor-version":[{"id":11409892,"href":"https:\/\/alertdiver.eu\/es_ES\/wp-json\/wp\/v2\/posts\/11409891\/revisions\/11409892"}],"wp:featuredmedia":[{"embeddable":true,"href":"https:\/\/alertdiver.eu\/es_ES\/wp-json\/wp\/v2\/media\/11409866"}],"wp:attachment":[{"href":"https:\/\/alertdiver.eu\/es_ES\/wp-json\/wp\/v2\/media?parent=11409891"}],"wp:term":[{"taxonomy":"category","embeddable":true,"href":"https:\/\/alertdiver.eu\/es_ES\/wp-json\/wp\/v2\/categories?post=11409891"},{"taxonomy":"post_tag","embeddable":true,"href":"https:\/\/alertdiver.eu\/es_ES\/wp-json\/wp\/v2\/tags?post=11409891"},{"taxonomy":"authors","embeddable":true,"href":"https:\/\/alertdiver.eu\/es_ES\/wp-json\/wp\/v2\/authors?post=11409891"}],"curies":[{"name":"wp","href":"https:\/\/api.w.org\/{rel}","templated":true}]}}