{"id":11386092,"date":"2021-04-27T00:00:00","date_gmt":"2021-04-26T22:00:00","guid":{"rendered":"https:\/\/alertdiver.eu\/uncategorized-fi_fi\/tutustu-dan-europen-lahettilaisiin-jotka-toteuttavat-kiertomatkan-valtamertemme-hyvaksi\/"},"modified":"2021-04-27T00:00:00","modified_gmt":"2021-04-26T22:00:00","slug":"tutustu-dan-europen-lahettilaisiin-jotka-toteuttavat-kiertomatkan-valtamertemme-hyvaksi","status":"publish","type":"post","link":"https:\/\/alertdiver.eu\/fi_FI\/artikkelit\/tutustu-dan-europen-lahettilaisiin-jotka-toteuttavat-kiertomatkan-valtamertemme-hyvaksi\/","title":{"rendered":"Tutustu DAN Europen l\u00e4hettil\u00e4isiin, jotka toteuttavat kiertomatkan valtamertemme hyv\u00e4ksi"},"content":{"rendered":"<p style=\"text-align: justify;\">Valtamerten, samoin kuin monien muiden vesist&ouml;jen, tila on aikamme suurimpia huolenaiheita. Muovi, liikakalastus, saasteet ja ilmastoh&auml;t&auml;tila muuttavat parhaillaan dramaattisesti sit&auml; ymp&auml;rist&ouml;&auml;, joka on meille sukeltajille eritt&auml;in rakas. Muutokset meriss&auml;, joissa ja j&auml;rviss&auml; tapahtuvat aivan silmiemme alla. Tohtori Sylvia Earlen sanoin me olemme n&auml;iden muutosten silminn&auml;kij&ouml;it&auml;.<\/p>\n<p style=\"text-align: justify;\">Kaksi DAN Europen l&auml;hettil&auml;st&auml; on valmiina matkustamaan Euroopan halki etel&auml;st&auml; pohjoiseen ja takaisin<span>&nbsp;<\/span><strong><a href=\"https:\/\/www.sustainabletour.eu\/\" target=\"_blank\" rel=\"noopener\">DAN Europen Kest&auml;v&auml;n kehityksen kiertueella.<span>&nbsp;<\/span><\/a><\/strong>He aikovat matkata yhteens&auml; noin 11 500 km, ja kulkuv&auml;lineen&auml; heill&auml; on tietysti s&auml;hk&ouml;inen ajoneuvo. N&auml;iden kahden l&auml;hettil&auml;&auml;n matkalle on asetettu tarkat tavoitteet, jotka heid&auml;n tulisi saavuttaa. Osa niist&auml; on melko kunnianhimoisiakin. Olemme kuitenkin luottavaisin mielin ja uskomme heid&auml;n onnistuvan erinomaisesti teht&auml;v&auml;ss&auml;&auml;n. Heh&auml;n ovat todella taitavia kaikin puolin. Pyysimme heit&auml; kertomaan lis&auml;&auml; itsest&auml;&auml;n sek&auml; heille annetusta teht&auml;v&auml;st&auml;. Saammeko esitell&auml;: Alana Alvarez ja Manuel (Manu) Bustelo.<\/p>\n<h4 style=\"text-align: left;\">Alana ja Manu, miten kuvailisitte muutamalla sanalla luonteitanne, taitojanne ja taustaanne?<\/h4>\n<p style=\"text-align: justify;\"><strong>ALANA<\/strong><span>&nbsp;<\/span>&#8211; Olen iloinen tyyppi, joka suhtautuu intohimoisesti ymp&auml;rist&ouml;&ouml;n, toisiin ihmisiin ja el&auml;m&auml;&auml;n ylip&auml;&auml;ns&auml;. Minulla on akateeminen koulutus farmasian alalta, ja suoritan parhaillaan kest&auml;v&auml;n kehityksen opintoja. N&auml;m&auml; opinnot antavat minulle hyv&auml;t valmiudet tulla toimeen yhteiskunnassamme meneill&auml;&auml;n olevien positiivisten muutosten kanssa, joiden tarkoituksena on edist&auml;&auml; sek&auml; ihmisten ett&auml; planeettamme hyvinvointia.<\/p>\n<p style=\"text-align: justify;\"><strong>MANU<\/strong><span>&nbsp;<\/span>&#8211; Olen asialleni omistautunut ja innokas yksil&ouml;. Erityisesti minua kiinnostavat ymp&auml;rist&ouml;&ouml;n liittyv&auml;t kysymykset ja yhteiskunta, jossa el&auml;mme. Innostumaan minut saavat seikkailut, maailmamme ja rakastamani ihmiset. Minulla on MBA-tutkinto (liikkeenjohdon maisteritutkinto) ja 22 vuoden kokemus ulkoilualalta. Olen omistautunut kest&auml;vien toimintatapojen kehitt&auml;miselle liiketoiminta-alalla.<\/p>\n<p style=\"text-align: justify;\"><img decoding=\"async\" class=\"fr-dib fr-draggable\" src=\"\/wp-content\/uploads\/imgimport\/1046\/manualana2-1500.jpg\" style=\"width: auto;\"><\/p>\n<h4 style=\"text-align: left;\">DAN Europen j&auml;senet ja monet muut sukeltajat tulevat iloitsemaan siit&auml;, ett&auml; DAN on niin vahvasti sitoutunut ymp&auml;rist&ouml;kysymyksiin. Mik&auml; on Kest&auml;v&auml;n kehityksen kiertueen tarkoitus?<\/h4>\n<p style=\"text-align: justify;\"><strong>ALANA<\/strong><span>&nbsp;<\/span>&#8211; Seuraavat kymmenen vuotta tulevat olemaan ratkaisevan t&auml;rkeit&auml; valtamerten suojelussa.<span>&nbsp;<\/span><a href=\"https:\/\/www.oceandecade.org\/\" target=\"_blank\" rel=\"noopener\"><strong>YK:n valtamerten vuosikymmenen<span>&nbsp;<\/span><\/strong><strong>(UN Ocean Decade)<\/strong><\/a><span>&nbsp;<\/span>puitteissa olemme l&ouml;yt&auml;neet oikeanlaisen mahdollisuuden toimia yksityisen sektorin ja julkisten instituutioiden kanssa samoin kuin Euroopan kansalaisten parissa, niin ett&auml; kaikki pyrkiv&auml;t yhdess&auml; luomaan kest&auml;v&auml;mpi&auml; elintapoja. &nbsp;Kaikki toimintamme maalla vaikuttaa viime k&auml;dess&auml; my&ouml;s valtameriin. Iso ongelma on se, ett&auml; 2000-luvun elintavoistamme johtuen ei ymp&auml;rist&ouml;yst&auml;v&auml;llisyys ole kovin helposti toteutettavissa. Yksi selke&auml; esimerkki t&auml;st&auml; on ruokaostosten tekeminen supermarketissa. Tied&auml;mme kaikki, millaisen m&auml;&auml;r&auml;n muovia kuljetamme kotiimme ostamamme ruoan mukana. Vain 9 % maailmassa roskiin heitetyst&auml; muovista on kierr&auml;tett&auml;v&auml;&auml;. J&auml;ljelle j&auml;&auml; siis 91 % muovia, jolla on suuri mahdollisuus p&auml;&auml;ty&auml; meriimme. Ensiksi kyse on poisheitetyist&auml; pulloista tai pakkauksista ja sitten monien vuosien kuluttua mikromuovihiukkasista. &nbsp;<\/p>\n<p style=\"text-align: justify;\"><strong>MANU<\/strong><span>&nbsp;<\/span>&#8211; Min&auml; tarjoan toisen esimerkin kysym&auml;ll&auml; yhden kysymyksen: mill&auml; tavoin sin&auml; liikut kaupungissasi, kotimaassasi tai jopa ulkomailla? Tuottaako k&auml;ytt&auml;m&auml;si kulkuv&auml;line CO<sub>2<\/sub>-p&auml;&auml;st&ouml;j&auml;? Hyvin suurella todenn&auml;k&ouml;isyydell&auml; p&auml;&auml;dyt k&auml;ytt&auml;m&auml;&auml;n kulkuneuvoa, joka lis&auml;&auml; hiilijalanj&auml;lke&auml;si. Polkupy&ouml;r&auml; voidaan t&auml;ss&auml; j&auml;tt&auml;&auml; laskuista pois. Viel&auml; todenn&auml;k&ouml;isemmin k&auml;ytt&auml;m&auml;&auml;si kulkuneuvoa kutsutaan autoksi. Useimmat meist&auml; k&auml;ytt&auml;v&auml;t autoa ty&ouml;matkoillaan, vapaa-ajallaan, matkustaessaan, menness&auml;&auml;n tapaamaan perhett&auml;&auml;n jne. Kaikki t&auml;m&auml; vaikuttaa siihen, ett&auml; valtamerten happamoituminen lis&auml;&auml;ntyy, ymp&auml;rist&ouml;nmuutos etenee, tulee &ouml;ljyvuotoja, melusaasteen m&auml;&auml;r&auml; kasvaa ja paljon muita vastaavia haittoja seuraa. S&auml;hk&ouml;isten ajoneuvojen k&auml;yt&ouml;n korostaminen on jo t&auml;t&auml; p&auml;iv&auml;&auml;, ja siihen on hyv&auml; syy. Olemme parhaillamme tekem&auml;ss&auml; t&ouml;it&auml; sen eteen, ett&auml; saisimme ratkaistua useimmat s&auml;hk&ouml;isiin ajoneuvoihin liittyv&auml;t ongelmat alkaen akkujen kierr&auml;tyslaitoksista aina uusiutuvan energian tuottamiseen. Uusiutuvan energian tuottaminen on v&auml;ltt&auml;m&auml;t&ouml;nt&auml;, jotta s&auml;hk&ouml;autot olisivat todella ymp&auml;rist&ouml;yst&auml;v&auml;llisi&auml;. Mill&auml; tavoin sin&auml; siis yksityisen&auml; yrityksen&auml; tai henkil&ouml;n&auml; tai vaihtoehtoisesti valtiovaltana voit olla mukana ratkaisemassa n&auml;it&auml; ongelmia? Tarkoituksenamme on yhdist&auml;&auml; eri osatekij&auml;t yhdeksi kokonaisuudeksi samoin kuin liitt&auml;&auml; mukaan monia muita kaikkien p&auml;ivitt&auml;in kohtaamia n&auml;k&ouml;kohtia vain el&auml;m&auml;ll&auml; t&auml;t&auml; el&auml;m&auml;&auml;mme!<\/p>\n<h4 style=\"text-align: left;\">Mill&auml; tavoin aiotte saavuttaa kiertueenne tavoitteet? Onko ennalta sovittu oppitunteja tai yleis&ouml;keskusteluja? Mit&auml; odotatte keskusteluilta yritysten kanssa? Kuinka ratkaisevaa on suurten toimijoiden mukanaolo, ja kuinka paljon yksitt&auml;isten henkil&ouml;iden sitoutuminen vaikuttaa?<\/h4>\n<p style=\"text-align: justify;\"><strong>MANU<\/strong><span>&nbsp;<\/span>&#8211; Meill&auml; tulee olemaan tapaamisia sellaisten yksityisyritysten kanssa, jotka ovat mukana kest&auml;v&auml;ss&auml; liiketoiminnassa. Samoin meill&auml; on tapaaminen kansalaisj&auml;rjest&ouml;n kanssa, joka toimii valtamerten suojelussa, sek&auml; tapaaminen Euroopan komission kanssa. Haluamme my&ouml;s vet&auml;&auml; toimintaan mukaan tavallisia kansalaisia, erityisesti nuoria. Haluamme opettaa ja edist&auml;&auml; kest&auml;v&auml;&auml; el&auml;m&auml;ntapaa. Yritysten kanssa k&auml;ydyilt&auml; keskusteluilta odotamme sit&auml;, ett&auml; voisimme paremmin ymm&auml;rt&auml;&auml; heid&auml;n tarjoamiaan kest&auml;vi&auml; tuotteita ja palveluja. Haluamme my&ouml;s perehty&auml; paremmin siihen, kuinka me kaikki voisimme hy&ouml;ty&auml; n&auml;iden yritysten liiketoiminnasta.<\/p>\n<p style=\"text-align: justify;\"><strong>ALANA<\/strong><span>&nbsp;<\/span>&#8211; Planeettamme k&auml;rsii t&auml;ll&auml; hetkell&auml; kauheasta p&auml;&auml;ns&auml;ryst&auml;, joka on meid&auml;n ihmisten aiheuttama. Voidaksemme pys&auml;ytt&auml;&auml; t&auml;m&auml;n kehityksen tarvitaan kaikkien ponnisteluja riippumatta siit&auml;, ovatko ne suuria vai pieni&auml;. Tiede ja teknologia ovat selv&auml;sti t&auml;rkeit&auml; tekij&ouml;it&auml; hoitokeinoja valittaessa. N&auml;iden avulla voimme vaikuttaa taustalla olevaan sairauteen ja hoitaa sit&auml;. Haluamme perehty&auml; kaikkiin vaihtoehtoihin, alkaen kansalaistieteest&auml; aina suurten yritysten kest&auml;v&auml;n kehityksen l&auml;pimurtotuotteisiin.<\/p>\n<p style=\"text-align: justify;\"><img decoding=\"async\" class=\"fr-dib fr-draggable\" src=\"\/wp-content\/uploads\/imgimport\/1046\/manualana.jpg\" style=\"width: auto;\"><\/p>\n<h4 style=\"text-align: left;\">Kuinka monessa maassa aiotte vierailla? Matka vie varmasti paljon aikaa!<\/h4>\n<p style=\"text-align: justify;\"><strong>ALANA &#8211;<\/strong><span>&nbsp;<\/span>Tarkoituksenamme on matkustaa 15 maan halki s&auml;hk&ouml;autolla. Arvioimme, ett&auml; kiertueen toteuttamiseen menee nelj&auml;st&auml; viiteen kuukautta. T&auml;h&auml;n matkaan liittyy kuitenkin my&ouml;s seikkailukomponentti, jonka olemme ottaneet huomioon, jos suunnitelmiimme sattuu tulemaan muutoksia. N&auml;inh&auml;n on loppujen lopuksi aina seikkailujen suhteen, eik&ouml; vain?<\/p>\n<p style=\"text-align: justify;\"><strong>MANU &#8211;<\/strong><span>&nbsp;<\/span>J&auml;&auml; n&auml;ht&auml;v&auml;ksi, kuinka helppoa on l&ouml;yt&auml;&auml; latauspaikkoja s&auml;hk&ouml;autolle kaikissa 15 maassa. T&auml;m&auml;nhetkisen s&auml;hk&ouml;autojen latausverkoston mukaan t&auml;m&auml; on mahdollista, mutta emme voi tiet&auml;&auml; tarkalleen, kuinka asiat tulevat sujumaan.<\/p>\n<h3 style=\"text-align: left;\">Voimmeko odottaa striimauksia ja l&auml;hetyksi&auml; matkanne varrelta?<\/h3>\n<p style=\"text-align: justify;\"><strong>ALANA<\/strong><span>&nbsp;<\/span>&#8211; Ehdottomasti! Olemme suunnitelleet striimauksia jokaiselta yksitt&auml;iselt&auml; merkitt&auml;v&auml;lt&auml; pys&auml;hdykselt&auml; kiertueen aikana. Aiomme julkaista materiaalia tapaamisista, havainnoista, kokemuksista ja keskusteluista ja laitamme jakeluun kaikkea mahdollista t&auml;rke&auml;&auml; tietoa k&auml;sill&auml; olevista aiheista. Kiertue on mahdollista kokea aivan samalla tavalla, kuin jos olisit istumassa automme takapenkill&auml;. Katso<span>&nbsp;<\/span><a href=\"http:\/\/www.sustainabletour.eu\/\" target=\"_blank\" rel=\"noopener\">www.sustainabletour.eu<\/a><\/p>\n<p style=\"text-align: left;\"><strong>MANU<\/strong><span>&nbsp;<\/span>&#8211; Voit seurata meit&auml; my&ouml;s henkil&ouml;kohtaisilla tileill&auml;mme: <a href=\"http:\/\/www.instagram.com\/manubustel\" target=\"_blank\" rel=\"noopener\">Manu<\/a> &amp; <a href=\"http:\/\/www.instagram.com\/alanagabriella\" target=\"_blank\" rel=\"noopener\">Alana<\/a><a href=\"https:\/\/www.instagram.com\/manubustelo\/\" target=\"_blank\" rel=\"noopener\"><\/a><\/p>\n<h4 style=\"text-align: left;\">Tiettyn&auml; hetken&auml; el&auml;m&auml;ss&auml;&auml;n ihmiset tuntevat, ett&auml; heid&auml;n pit&auml;&auml; tehd&auml; enemm&auml;n ymp&auml;rist&ouml;n suojelemiseksi. Milloin te tunsitte kohdallenne t&auml;m&auml; kutsun, ja miten silloin toimitte?<\/h4>\n<p style=\"text-align: justify;\"><strong>ALANA<\/strong><span>&nbsp;<\/span>&#8211; Minun vastaukseni on varsin selke&auml;: t&auml;m&auml; hetki oli silloin, kun ensimm&auml;isen kerran hypp&auml;sin veteen Open Water -kurssini aikana. Silloin oivalsin, ett&auml; vedenalainen maailma on hyvin ainutlaatuinen. Yhdell&auml; ensimm&auml;isist&auml; sukelluksistani vietin useita minuutteja meritursaan kanssa, joka oli piiloutunut kiven alle. Se ojensi yhden lonkeronsa ja tarttui sormeeni. Se hetki tuntui minusta ikuisuudelta. Tunsin yhteytt&auml;. Olemme valtamerille kiitollisuudenvelassa el&auml;m&auml;st&auml;mme ja olemassaolostamme maan p&auml;&auml;ll&auml;.<\/p>\n<p style=\"text-align: justify;\"><strong>MANU<\/strong><span>&nbsp;<\/span>&#8211; Minuun t&auml;m&auml; ajatus iski silloin, kun eri luennoilla puhuttiin yhteiskuntavastuusta (CSR) suorittaessani MBA-tutkintoa Solvay Business Schoolissa. Siihen menness&auml; olin kiivennyt monille vuorille, ajanut maastopy&ouml;rill&auml;ni l&auml;pi monien metsien ja tutustunut moniin meriin. Keskusteltaessa yhteiskuntavastuusta ja my&ouml;hemmin yhteisen arvon tuottamisesta (CSV) l&ouml;ysin oikeat liiketoiminnan ty&ouml;kalut, joiden avulla saatoin ymp&auml;rist&ouml;nsuojelussa yhdist&auml;&auml; osat toisiinsa.<\/p>\n<p style=\"text-align: justify;\"><img decoding=\"async\" class=\"fr-dib fr-draggable\" src=\"\/wp-content\/uploads\/imgimport\/1046\/manualana3-1500.jpg\" style=\"width: auto;\"><\/p>\n<h4 style=\"text-align: left;\">Onko teill&auml; jokin viesti kaikille DAN Europen j&auml;senille? Mik&auml; on teid&auml;n unelmanne?<\/h4>\n<p style=\"text-align: justify;\"><strong>MANU<\/strong><span>&nbsp;<\/span>&#8211; Jos olet intohimoinen sukeltaja, nyt sinun on aika ryhty&auml; toimimaan t&auml;m&auml;n hauraan ymp&auml;rist&ouml;mme suojelemiseksi. &Auml;l&auml; en&auml;&auml; ole vain sivustaseuraaja.<\/p>\n<p style=\"text-align: justify;\"><strong>ALANA<\/strong><span>&nbsp;<\/span>&#8211; Unelmanamme on el&auml;&auml; maailmassa, jossa kaikki luontokappaleet el&auml;v&auml;t sopusoinnussa luonnon kanssa. Viestimme DAN Europen j&auml;senille on seuraava: haluatko liitty&auml; meihin?<\/p>\n","protected":false},"excerpt":{"rendered":"<p>Valtamerten, samoin kuin monien muiden vesist&ouml;jen, tila on aikamme suurimpia huolenaiheita. Muovi, liikakalastus, saasteet ja ilmastoh&auml;t&auml;tila muuttavat parhaillaan dramaattisesti sit&auml; ymp&auml;rist&ouml;&auml;, joka on meille sukeltajille&#8230;<\/p>\n","protected":false},"author":1,"featured_media":11376527,"comment_status":"closed","ping_status":"closed","sticky":false,"template":"","format":"standard","meta":{"_acf_changed":false,"footnotes":""},"categories":[385],"tags":[1909],"authors":[794],"class_list":["post-11386092","post","type-post","status-publish","format-standard","has-post-thumbnail","hentry","category-artikkelit","tag-danin-jasenprofiili","authors-claudio-di-manao"],"acf":[],"yoast_head":"<!-- This site is optimized with the Yoast SEO plugin v24.2 - https:\/\/yoast.com\/wordpress\/plugins\/seo\/ -->\n<title>Tutustu DAN Europen l\u00e4hettil\u00e4isiin, jotka toteuttavat kiertomatkan valtamertemme hyv\u00e4ksi - Alert Diver<\/title>\n<meta name=\"robots\" content=\"index, follow, max-snippet:-1, max-image-preview:large, max-video-preview:-1\" \/>\n<link rel=\"canonical\" href=\"https:\/\/alertdiver.eu\/fi_FI\/artikkelit\/tutustu-dan-europen-lahettilaisiin-jotka-toteuttavat-kiertomatkan-valtamertemme-hyvaksi\/\" \/>\n<meta property=\"og:locale\" content=\"fi_FI\" \/>\n<meta property=\"og:type\" content=\"article\" \/>\n<meta property=\"og:title\" content=\"Tutustu DAN Europen l\u00e4hettil\u00e4isiin, jotka toteuttavat kiertomatkan valtamertemme hyv\u00e4ksi - Alert Diver\" \/>\n<meta property=\"og:description\" content=\"Valtamerten, samoin kuin monien muiden vesist&ouml;jen, tila on aikamme suurimpia huolenaiheita. Muovi, liikakalastus, saasteet ja ilmastoh&auml;t&auml;tila muuttavat parhaillaan dramaattisesti sit&auml; ymp&auml;rist&ouml;&auml;, joka on meille sukeltajille...\" \/>\n<meta property=\"og:url\" content=\"https:\/\/alertdiver.eu\/fi_FI\/artikkelit\/tutustu-dan-europen-lahettilaisiin-jotka-toteuttavat-kiertomatkan-valtamertemme-hyvaksi\/\" \/>\n<meta property=\"og:site_name\" content=\"Alert Diver\" \/>\n<meta property=\"article:published_time\" content=\"2021-04-26T22:00:00+00:00\" \/>\n<meta property=\"og:image\" content=\"https:\/\/alertdiver.eu\/wp-content\/uploads\/2023\/06\/meet-the-dan-europe-ambassadors-touring-to-save-our-oceans-bannerweb-2560x1120-1.jpg\" \/>\n\t<meta property=\"og:image:width\" content=\"2560\" \/>\n\t<meta property=\"og:image:height\" content=\"1120\" \/>\n\t<meta property=\"og:image:type\" content=\"image\/jpeg\" \/>\n<meta name=\"author\" content=\"microfilla\" \/>\n<meta name=\"twitter:card\" content=\"summary_large_image\" \/>\n<meta name=\"twitter:label1\" content=\"Kirjoittanut\" \/>\n\t<meta name=\"twitter:data1\" content=\"microfilla\" \/>\n\t<meta name=\"twitter:label2\" content=\"Arvioitu lukuaika\" \/>\n\t<meta name=\"twitter:data2\" content=\"8 minuuttia\" \/>\n<script type=\"application\/ld+json\" class=\"yoast-schema-graph\">{\"@context\":\"https:\/\/schema.org\",\"@graph\":[{\"@type\":\"Article\",\"@id\":\"https:\/\/alertdiver.eu\/fi_FI\/artikkelit\/tutustu-dan-europen-lahettilaisiin-jotka-toteuttavat-kiertomatkan-valtamertemme-hyvaksi\/#article\",\"isPartOf\":{\"@id\":\"https:\/\/alertdiver.eu\/fi_FI\/artikkelit\/tutustu-dan-europen-lahettilaisiin-jotka-toteuttavat-kiertomatkan-valtamertemme-hyvaksi\/\"},\"author\":{\"name\":\"microfilla\",\"@id\":\"https:\/\/alertdiver.eu\/fi_FI\/#\/schema\/person\/9ba7cb3f05522d75bf215ab2cf40b01b\"},\"headline\":\"Tutustu DAN Europen l\u00e4hettil\u00e4isiin, jotka toteuttavat kiertomatkan valtamertemme hyv\u00e4ksi\",\"datePublished\":\"2021-04-26T22:00:00+00:00\",\"dateModified\":\"2021-04-26T22:00:00+00:00\",\"mainEntityOfPage\":{\"@id\":\"https:\/\/alertdiver.eu\/fi_FI\/artikkelit\/tutustu-dan-europen-lahettilaisiin-jotka-toteuttavat-kiertomatkan-valtamertemme-hyvaksi\/\"},\"wordCount\":1702,\"publisher\":{\"@id\":\"https:\/\/alertdiver.eu\/fi_FI\/#organization\"},\"image\":{\"@id\":\"https:\/\/alertdiver.eu\/fi_FI\/artikkelit\/tutustu-dan-europen-lahettilaisiin-jotka-toteuttavat-kiertomatkan-valtamertemme-hyvaksi\/#primaryimage\"},\"thumbnailUrl\":\"https:\/\/alertdiver.eu\/wp-content\/uploads\/2023\/06\/meet-the-dan-europe-ambassadors-touring-to-save-our-oceans-bannerweb-2560x1120-1.jpg\",\"keywords\":[\"DANin j\u00e4senprofiili\"],\"articleSection\":[\"Artikkelit\"],\"inLanguage\":\"fi\"},{\"@type\":\"WebPage\",\"@id\":\"https:\/\/alertdiver.eu\/fi_FI\/artikkelit\/tutustu-dan-europen-lahettilaisiin-jotka-toteuttavat-kiertomatkan-valtamertemme-hyvaksi\/\",\"url\":\"https:\/\/alertdiver.eu\/fi_FI\/artikkelit\/tutustu-dan-europen-lahettilaisiin-jotka-toteuttavat-kiertomatkan-valtamertemme-hyvaksi\/\",\"name\":\"Tutustu DAN Europen l\u00e4hettil\u00e4isiin, jotka toteuttavat kiertomatkan valtamertemme hyv\u00e4ksi - Alert Diver\",\"isPartOf\":{\"@id\":\"https:\/\/alertdiver.eu\/fi_FI\/#website\"},\"primaryImageOfPage\":{\"@id\":\"https:\/\/alertdiver.eu\/fi_FI\/artikkelit\/tutustu-dan-europen-lahettilaisiin-jotka-toteuttavat-kiertomatkan-valtamertemme-hyvaksi\/#primaryimage\"},\"image\":{\"@id\":\"https:\/\/alertdiver.eu\/fi_FI\/artikkelit\/tutustu-dan-europen-lahettilaisiin-jotka-toteuttavat-kiertomatkan-valtamertemme-hyvaksi\/#primaryimage\"},\"thumbnailUrl\":\"https:\/\/alertdiver.eu\/wp-content\/uploads\/2023\/06\/meet-the-dan-europe-ambassadors-touring-to-save-our-oceans-bannerweb-2560x1120-1.jpg\",\"datePublished\":\"2021-04-26T22:00:00+00:00\",\"dateModified\":\"2021-04-26T22:00:00+00:00\",\"breadcrumb\":{\"@id\":\"https:\/\/alertdiver.eu\/fi_FI\/artikkelit\/tutustu-dan-europen-lahettilaisiin-jotka-toteuttavat-kiertomatkan-valtamertemme-hyvaksi\/#breadcrumb\"},\"inLanguage\":\"fi\",\"potentialAction\":[{\"@type\":\"ReadAction\",\"target\":[\"https:\/\/alertdiver.eu\/fi_FI\/artikkelit\/tutustu-dan-europen-lahettilaisiin-jotka-toteuttavat-kiertomatkan-valtamertemme-hyvaksi\/\"]}]},{\"@type\":\"ImageObject\",\"inLanguage\":\"fi\",\"@id\":\"https:\/\/alertdiver.eu\/fi_FI\/artikkelit\/tutustu-dan-europen-lahettilaisiin-jotka-toteuttavat-kiertomatkan-valtamertemme-hyvaksi\/#primaryimage\",\"url\":\"https:\/\/alertdiver.eu\/wp-content\/uploads\/2023\/06\/meet-the-dan-europe-ambassadors-touring-to-save-our-oceans-bannerweb-2560x1120-1.jpg\",\"contentUrl\":\"https:\/\/alertdiver.eu\/wp-content\/uploads\/2023\/06\/meet-the-dan-europe-ambassadors-touring-to-save-our-oceans-bannerweb-2560x1120-1.jpg\",\"width\":2560,\"height\":1120},{\"@type\":\"BreadcrumbList\",\"@id\":\"https:\/\/alertdiver.eu\/fi_FI\/artikkelit\/tutustu-dan-europen-lahettilaisiin-jotka-toteuttavat-kiertomatkan-valtamertemme-hyvaksi\/#breadcrumb\",\"itemListElement\":[{\"@type\":\"ListItem\",\"position\":1,\"name\":\"Home\",\"item\":\"https:\/\/alertdiver.eu\/fi_FI\/\"},{\"@type\":\"ListItem\",\"position\":2,\"name\":\"Tutustu DAN Europen l\u00e4hettil\u00e4isiin, jotka toteuttavat kiertomatkan valtamertemme hyv\u00e4ksi\"}]},{\"@type\":\"WebSite\",\"@id\":\"https:\/\/alertdiver.eu\/fi_FI\/#website\",\"url\":\"https:\/\/alertdiver.eu\/fi_FI\/\",\"name\":\"Alert Diver Europe\",\"description\":\"Access, discover and share the latest diving safety content from DAN Europe.\",\"publisher\":{\"@id\":\"https:\/\/alertdiver.eu\/fi_FI\/#organization\"},\"potentialAction\":[{\"@type\":\"SearchAction\",\"target\":{\"@type\":\"EntryPoint\",\"urlTemplate\":\"https:\/\/alertdiver.eu\/fi_FI\/?s={search_term_string}\"},\"query-input\":{\"@type\":\"PropertyValueSpecification\",\"valueRequired\":true,\"valueName\":\"search_term_string\"}}],\"inLanguage\":\"fi\"},{\"@type\":\"Organization\",\"@id\":\"https:\/\/alertdiver.eu\/fi_FI\/#organization\",\"name\":\"Alert Diver Europe\",\"url\":\"https:\/\/alertdiver.eu\/fi_FI\/\",\"logo\":{\"@type\":\"ImageObject\",\"inLanguage\":\"fi\",\"@id\":\"https:\/\/alertdiver.eu\/fi_FI\/#\/schema\/logo\/image\/\",\"url\":\"https:\/\/alertdiver.eu\/wp-content\/uploads\/2023\/02\/cropped-favicon.png\",\"contentUrl\":\"https:\/\/alertdiver.eu\/wp-content\/uploads\/2023\/02\/cropped-favicon.png\",\"width\":512,\"height\":512,\"caption\":\"Alert Diver Europe\"},\"image\":{\"@id\":\"https:\/\/alertdiver.eu\/fi_FI\/#\/schema\/logo\/image\/\"}},{\"@type\":\"Person\",\"@id\":\"https:\/\/alertdiver.eu\/fi_FI\/#\/schema\/person\/9ba7cb3f05522d75bf215ab2cf40b01b\",\"name\":\"microfilla\",\"image\":{\"@type\":\"ImageObject\",\"inLanguage\":\"fi\",\"@id\":\"https:\/\/alertdiver.eu\/fi_FI\/#\/schema\/person\/image\/\",\"url\":\"https:\/\/secure.gravatar.com\/avatar\/09f39449f14df8c3ad651888221bb907?s=96&d=mm&r=g\",\"contentUrl\":\"https:\/\/secure.gravatar.com\/avatar\/09f39449f14df8c3ad651888221bb907?s=96&d=mm&r=g\",\"caption\":\"microfilla\"},\"sameAs\":[\"https:\/\/microfilla.com\"],\"url\":\"https:\/\/alertdiver.eu\/fi_FI\/author\/microfilla\/\"}]}<\/script>\n<!-- \/ Yoast SEO plugin. -->","yoast_head_json":{"title":"Tutustu DAN Europen l\u00e4hettil\u00e4isiin, jotka toteuttavat kiertomatkan valtamertemme hyv\u00e4ksi - Alert Diver","robots":{"index":"index","follow":"follow","max-snippet":"max-snippet:-1","max-image-preview":"max-image-preview:large","max-video-preview":"max-video-preview:-1"},"canonical":"https:\/\/alertdiver.eu\/fi_FI\/artikkelit\/tutustu-dan-europen-lahettilaisiin-jotka-toteuttavat-kiertomatkan-valtamertemme-hyvaksi\/","og_locale":"fi_FI","og_type":"article","og_title":"Tutustu DAN Europen l\u00e4hettil\u00e4isiin, jotka toteuttavat kiertomatkan valtamertemme hyv\u00e4ksi - Alert Diver","og_description":"Valtamerten, samoin kuin monien muiden vesist&ouml;jen, tila on aikamme suurimpia huolenaiheita. Muovi, liikakalastus, saasteet ja ilmastoh&auml;t&auml;tila muuttavat parhaillaan dramaattisesti sit&auml; ymp&auml;rist&ouml;&auml;, joka on meille sukeltajille...","og_url":"https:\/\/alertdiver.eu\/fi_FI\/artikkelit\/tutustu-dan-europen-lahettilaisiin-jotka-toteuttavat-kiertomatkan-valtamertemme-hyvaksi\/","og_site_name":"Alert Diver","article_published_time":"2021-04-26T22:00:00+00:00","og_image":[{"width":2560,"height":1120,"url":"https:\/\/alertdiver.eu\/wp-content\/uploads\/2023\/06\/meet-the-dan-europe-ambassadors-touring-to-save-our-oceans-bannerweb-2560x1120-1.jpg","type":"image\/jpeg"}],"author":"microfilla","twitter_card":"summary_large_image","twitter_misc":{"Kirjoittanut":"microfilla","Arvioitu lukuaika":"8 minuuttia"},"schema":{"@context":"https:\/\/schema.org","@graph":[{"@type":"Article","@id":"https:\/\/alertdiver.eu\/fi_FI\/artikkelit\/tutustu-dan-europen-lahettilaisiin-jotka-toteuttavat-kiertomatkan-valtamertemme-hyvaksi\/#article","isPartOf":{"@id":"https:\/\/alertdiver.eu\/fi_FI\/artikkelit\/tutustu-dan-europen-lahettilaisiin-jotka-toteuttavat-kiertomatkan-valtamertemme-hyvaksi\/"},"author":{"name":"microfilla","@id":"https:\/\/alertdiver.eu\/fi_FI\/#\/schema\/person\/9ba7cb3f05522d75bf215ab2cf40b01b"},"headline":"Tutustu DAN Europen l\u00e4hettil\u00e4isiin, jotka toteuttavat kiertomatkan valtamertemme hyv\u00e4ksi","datePublished":"2021-04-26T22:00:00+00:00","dateModified":"2021-04-26T22:00:00+00:00","mainEntityOfPage":{"@id":"https:\/\/alertdiver.eu\/fi_FI\/artikkelit\/tutustu-dan-europen-lahettilaisiin-jotka-toteuttavat-kiertomatkan-valtamertemme-hyvaksi\/"},"wordCount":1702,"publisher":{"@id":"https:\/\/alertdiver.eu\/fi_FI\/#organization"},"image":{"@id":"https:\/\/alertdiver.eu\/fi_FI\/artikkelit\/tutustu-dan-europen-lahettilaisiin-jotka-toteuttavat-kiertomatkan-valtamertemme-hyvaksi\/#primaryimage"},"thumbnailUrl":"https:\/\/alertdiver.eu\/wp-content\/uploads\/2023\/06\/meet-the-dan-europe-ambassadors-touring-to-save-our-oceans-bannerweb-2560x1120-1.jpg","keywords":["DANin j\u00e4senprofiili"],"articleSection":["Artikkelit"],"inLanguage":"fi"},{"@type":"WebPage","@id":"https:\/\/alertdiver.eu\/fi_FI\/artikkelit\/tutustu-dan-europen-lahettilaisiin-jotka-toteuttavat-kiertomatkan-valtamertemme-hyvaksi\/","url":"https:\/\/alertdiver.eu\/fi_FI\/artikkelit\/tutustu-dan-europen-lahettilaisiin-jotka-toteuttavat-kiertomatkan-valtamertemme-hyvaksi\/","name":"Tutustu DAN Europen l\u00e4hettil\u00e4isiin, jotka toteuttavat kiertomatkan valtamertemme hyv\u00e4ksi - Alert Diver","isPartOf":{"@id":"https:\/\/alertdiver.eu\/fi_FI\/#website"},"primaryImageOfPage":{"@id":"https:\/\/alertdiver.eu\/fi_FI\/artikkelit\/tutustu-dan-europen-lahettilaisiin-jotka-toteuttavat-kiertomatkan-valtamertemme-hyvaksi\/#primaryimage"},"image":{"@id":"https:\/\/alertdiver.eu\/fi_FI\/artikkelit\/tutustu-dan-europen-lahettilaisiin-jotka-toteuttavat-kiertomatkan-valtamertemme-hyvaksi\/#primaryimage"},"thumbnailUrl":"https:\/\/alertdiver.eu\/wp-content\/uploads\/2023\/06\/meet-the-dan-europe-ambassadors-touring-to-save-our-oceans-bannerweb-2560x1120-1.jpg","datePublished":"2021-04-26T22:00:00+00:00","dateModified":"2021-04-26T22:00:00+00:00","breadcrumb":{"@id":"https:\/\/alertdiver.eu\/fi_FI\/artikkelit\/tutustu-dan-europen-lahettilaisiin-jotka-toteuttavat-kiertomatkan-valtamertemme-hyvaksi\/#breadcrumb"},"inLanguage":"fi","potentialAction":[{"@type":"ReadAction","target":["https:\/\/alertdiver.eu\/fi_FI\/artikkelit\/tutustu-dan-europen-lahettilaisiin-jotka-toteuttavat-kiertomatkan-valtamertemme-hyvaksi\/"]}]},{"@type":"ImageObject","inLanguage":"fi","@id":"https:\/\/alertdiver.eu\/fi_FI\/artikkelit\/tutustu-dan-europen-lahettilaisiin-jotka-toteuttavat-kiertomatkan-valtamertemme-hyvaksi\/#primaryimage","url":"https:\/\/alertdiver.eu\/wp-content\/uploads\/2023\/06\/meet-the-dan-europe-ambassadors-touring-to-save-our-oceans-bannerweb-2560x1120-1.jpg","contentUrl":"https:\/\/alertdiver.eu\/wp-content\/uploads\/2023\/06\/meet-the-dan-europe-ambassadors-touring-to-save-our-oceans-bannerweb-2560x1120-1.jpg","width":2560,"height":1120},{"@type":"BreadcrumbList","@id":"https:\/\/alertdiver.eu\/fi_FI\/artikkelit\/tutustu-dan-europen-lahettilaisiin-jotka-toteuttavat-kiertomatkan-valtamertemme-hyvaksi\/#breadcrumb","itemListElement":[{"@type":"ListItem","position":1,"name":"Home","item":"https:\/\/alertdiver.eu\/fi_FI\/"},{"@type":"ListItem","position":2,"name":"Tutustu DAN Europen l\u00e4hettil\u00e4isiin, jotka toteuttavat kiertomatkan valtamertemme hyv\u00e4ksi"}]},{"@type":"WebSite","@id":"https:\/\/alertdiver.eu\/fi_FI\/#website","url":"https:\/\/alertdiver.eu\/fi_FI\/","name":"Alert Diver Europe","description":"Access, discover and share the latest diving safety content from DAN Europe.","publisher":{"@id":"https:\/\/alertdiver.eu\/fi_FI\/#organization"},"potentialAction":[{"@type":"SearchAction","target":{"@type":"EntryPoint","urlTemplate":"https:\/\/alertdiver.eu\/fi_FI\/?s={search_term_string}"},"query-input":{"@type":"PropertyValueSpecification","valueRequired":true,"valueName":"search_term_string"}}],"inLanguage":"fi"},{"@type":"Organization","@id":"https:\/\/alertdiver.eu\/fi_FI\/#organization","name":"Alert Diver Europe","url":"https:\/\/alertdiver.eu\/fi_FI\/","logo":{"@type":"ImageObject","inLanguage":"fi","@id":"https:\/\/alertdiver.eu\/fi_FI\/#\/schema\/logo\/image\/","url":"https:\/\/alertdiver.eu\/wp-content\/uploads\/2023\/02\/cropped-favicon.png","contentUrl":"https:\/\/alertdiver.eu\/wp-content\/uploads\/2023\/02\/cropped-favicon.png","width":512,"height":512,"caption":"Alert Diver Europe"},"image":{"@id":"https:\/\/alertdiver.eu\/fi_FI\/#\/schema\/logo\/image\/"}},{"@type":"Person","@id":"https:\/\/alertdiver.eu\/fi_FI\/#\/schema\/person\/9ba7cb3f05522d75bf215ab2cf40b01b","name":"microfilla","image":{"@type":"ImageObject","inLanguage":"fi","@id":"https:\/\/alertdiver.eu\/fi_FI\/#\/schema\/person\/image\/","url":"https:\/\/secure.gravatar.com\/avatar\/09f39449f14df8c3ad651888221bb907?s=96&d=mm&r=g","contentUrl":"https:\/\/secure.gravatar.com\/avatar\/09f39449f14df8c3ad651888221bb907?s=96&d=mm&r=g","caption":"microfilla"},"sameAs":["https:\/\/microfilla.com"],"url":"https:\/\/alertdiver.eu\/fi_FI\/author\/microfilla\/"}]}},"_links":{"self":[{"href":"https:\/\/alertdiver.eu\/fi_FI\/wp-json\/wp\/v2\/posts\/11386092","targetHints":{"allow":["GET"]}}],"collection":[{"href":"https:\/\/alertdiver.eu\/fi_FI\/wp-json\/wp\/v2\/posts"}],"about":[{"href":"https:\/\/alertdiver.eu\/fi_FI\/wp-json\/wp\/v2\/types\/post"}],"author":[{"embeddable":true,"href":"https:\/\/alertdiver.eu\/fi_FI\/wp-json\/wp\/v2\/users\/1"}],"replies":[{"embeddable":true,"href":"https:\/\/alertdiver.eu\/fi_FI\/wp-json\/wp\/v2\/comments?post=11386092"}],"version-history":[{"count":0,"href":"https:\/\/alertdiver.eu\/fi_FI\/wp-json\/wp\/v2\/posts\/11386092\/revisions"}],"wp:featuredmedia":[{"embeddable":true,"href":"https:\/\/alertdiver.eu\/fi_FI\/wp-json\/wp\/v2\/media\/11376527"}],"wp:attachment":[{"href":"https:\/\/alertdiver.eu\/fi_FI\/wp-json\/wp\/v2\/media?parent=11386092"}],"wp:term":[{"taxonomy":"category","embeddable":true,"href":"https:\/\/alertdiver.eu\/fi_FI\/wp-json\/wp\/v2\/categories?post=11386092"},{"taxonomy":"post_tag","embeddable":true,"href":"https:\/\/alertdiver.eu\/fi_FI\/wp-json\/wp\/v2\/tags?post=11386092"},{"taxonomy":"authors","embeddable":true,"href":"https:\/\/alertdiver.eu\/fi_FI\/wp-json\/wp\/v2\/authors?post=11386092"}],"curies":[{"name":"wp","href":"https:\/\/api.w.org\/{rel}","templated":true}]}}