{"id":11383131,"date":"2012-07-15T00:00:00","date_gmt":"2012-07-14T22:00:00","guid":{"rendered":"https:\/\/alertdiver.eu\/non-classifiee\/la-maladie-de-decompression-chez-un-plongeur-vegetarien\/"},"modified":"2012-07-15T00:00:00","modified_gmt":"2012-07-14T22:00:00","slug":"la-maladie-de-decompression-chez-un-plongeur-vegetarien","status":"publish","type":"post","link":"https:\/\/alertdiver.eu\/fr_FR\/articles\/la-maladie-de-decompression-chez-un-plongeur-vegetarien\/","title":{"rendered":"La maladie de d\u00e9compression chez un plongeur v\u00e9g\u00e9tarien"},"content":{"rendered":"<p style=\"text-align: justify;\">(Note du r\u00e9dacteur : cet article est une version courte de l&rsquo;article Decompression illness in a vegetarian diver. Are vegetarian divers at risk? A case report publi\u00e9 dans le magazine &laquo; Caisson &raquo;, le 26 juillet 2011, n&deg; 2, pp. 24-27.)<\/p>\n<p style=\"text-align: justify;\">Un moniteur de plong\u00e9e de 36 ans, de sexe masculin, effectue une premi\u00e8re plong\u00e9e de 60 minutes \u00e0 18 m\u00e8tres et une deuxi\u00e8me plong\u00e9e de 52 minutes \u00e0 21 m\u00e8tres de profondeur, avec un intervalle de surface de 2 heures. Son ordinateur de plong\u00e9e lui indique un palier de d\u00e9compression de 8 minutes \u00e0 3 m\u00e8tres, qu&rsquo;il r\u00e9alise correctement.<\/p>\n<p style=\"text-align: justify;\">Environ 45 minutes apr\u00e8s la plong\u00e9e, il commence \u00e0 sentir des picotements dans ses pieds et sa main gauche, une faiblesse dans ses jambes, une douleur au coude gauche et une certaine fatigue. Pendant le transfert vers le caisson hyperbare, il respire de l&rsquo;oxyg\u00e8ne \u00e0 une concentration de 100 % et boit un demi-litre d&rsquo;eau pour se r\u00e9hydrater.<\/p>\n<p style=\"text-align: justify;\">\u00c0 son arriv\u00e9e au caisson hyperbare 6 heures plus tard, le plongeur affiche des r\u00e9sultats normaux en termes d&rsquo;orientation et d&rsquo;\u00e9locution, les r\u00e9actions pupillaires sont normales et l&rsquo;auscultation cardio-pulmonaire est normale. L&rsquo;examen neurologique affiche des r\u00e9sultats normaux pour les nerfs cr\u00e2niens, des r\u00e9flexes diminu\u00e9s dans les deux bras, des r\u00e9flexes abolis dans les jambes, une force normale dans les bras et les jambes, et une baisse de la sensibilit\u00e9 proprioceptive et aux vibrations dans les jambes. La coordination est normale.<\/p>\n<p style=\"text-align: justify;\">Le patient est trait\u00e9 selon la Table 6 de la Marine am\u00e9ricaine et est soumis \u00e0 quatre s\u00e9ances d&rsquo;oxyg\u00e9noth\u00e9rapie hyperbare (2,4 bars, 90 minutes). Ses sympt\u00f4mes s&rsquo;am\u00e9liorent progressivement pendant les traitements r\u00e9alis\u00e9s selon la Table 6, mais il pr\u00e9sente une recrudescence des sympt\u00f4mes sensoriels et une faiblesse dans la partie inf\u00e9rieure des jambes lors des intervalles entre les traitements. Le quatri\u00e8me jour du traitement, nous sommes inform\u00e9s du r\u00e9gime v\u00e9g\u00e9tarien du patient et effectuons des tests h\u00e9matologiques suppl\u00e9mentaires qui r\u00e9v\u00e8lent des valeurs anormales sugg\u00e9rant l&rsquo;existence d&rsquo;une an\u00e9mie macrocytaire avec une concentration de vitamine B12 de seulement 100 pmol\/l (le taux normal se situant entre 165 et 835), une concentration d&rsquo;acide folique de 10,9 nmol (taux normal : entre 9,2 et 38), un taux de saturation en fer de 7 % (taux normal : entre 25 et 50), un taux de fer s\u00e9rique de 4 &mu;mol\/l (taux normal : entre 12 et 30) et un taux de ferritine de 108 &mu;g\/l (taux normal : entre 50 et 300). Le test de Schilling effectu\u00e9 pour exclure une malabsorption est n\u00e9gatif. Nous administrons au patient 1 000 &mu;g de cyanocobalamine par voie intramusculaire pendant cinq jours, puis une fois par semaine pendant le premier mois, et enfin une fois par mois pendant trois mois.<\/p>\n<p style=\"text-align: justify;\">Le patient est compl\u00e8tement r\u00e9tabli au bout de quatre semaines et re\u00e7oit une prescription de comprim\u00e9s multivitamines (comprenant la B12) \u00e0 prendre quotidiennement. En raison de sa profession de moniteur sportif\/de plong\u00e9e, nous effectuons \u00e9galement un test de d\u00e9pistage du foramen ovale perm\u00e9able par \u00e9chographie transoesophagienne, qui confirme l&rsquo;absence de shunt. Ses taux sanguins reviennent \u00e0 la normale apr\u00e8s 4 mois et le patient est \u00e0 m\u00eame de reprendre la plong\u00e9e apr\u00e8s 6 mois.<\/p>\n<p style=\"text-align: justify;\"><strong>Discussion<\/strong><\/p>\n<p style=\"text-align: justify;\">Apr\u00e8s examen de la litt\u00e9rature m\u00e9dicale, nous pensons qu&rsquo;il s&rsquo;agit du premier cas publi\u00e9 d&rsquo;un plongeur v\u00e9g\u00e9tarien pr\u00e9sentant une carence en vitamine B12 en combinaison avec une MDD. La vitamine B12 (cyanocobalamine) est abondante dans la viande, le poisson et la plupart des sous-produits d&rsquo;origine animale. Toutefois, les v\u00e9g\u00e9tariens stricts d\u00e9veloppent rarement une carence clinique, car seuls 2.0 &#8211; 5.0 mcg de vitamine B12 sont n\u00e9cessaires par jour, une quantit\u00e9 facile \u00e0 trouver dans les l\u00e9gumes. La cause la plus commune de carence en B12 est la malabsorption due \u00e0 un d\u00e9ficit en facteur intrins\u00e8que.<\/p>\n<p style=\"text-align: justify;\">Une carence en B12 affecte la moelle \u00e9pini\u00e8re, le cerveau, les nerfs optiques et les nerfs p\u00e9riph\u00e9riques. L&rsquo;apparition des sympt\u00f4mes est progressive, et inclut une faiblesse g\u00e9n\u00e9ralis\u00e9e accompagn\u00e9e de paresth\u00e9sies (picotements, fourmillements, etc.). \u00c0 mesure que la maladie progresse, des sympt\u00f4mes tels qu&rsquo;une d\u00e9marche instable, des raideurs et une faiblesse dans les membres (principalement les jambes) se d\u00e9veloppent. Au d\u00e9part, il peut n&rsquo;y avoir aucun signe objectif, mais \u00e0 un stade ult\u00e9rieur, des examens m\u00e9dicaux peuvent r\u00e9v\u00e9ler un trouble des cordons post\u00e9rieurs et lat\u00e9raux de la moelle \u00e9pini\u00e8re. Une perte de la sensibilit\u00e9 aux vibrations est le signe le plus fr\u00e9quent. Elle est g\u00e9n\u00e9ralement constat\u00e9e au niveau des jambes et dans la partie sup\u00e9rieure du tronc. Le patient pr\u00e9sente habituellement une perte du sens de la position, une perte de la force, des alt\u00e9rations au niveau des r\u00e9flexes tendineux et un clonus (contractions spasmodiques) dans les jambes.<\/p>\n<p style=\"text-align: justify;\">Chez les plongeurs, une MDD m\u00e9dullaire se manifeste de fa\u00e7on aig\u00fce dans les deux heures qui suivent la sortie de l&rsquo;eau par un engourdissement et une faiblesse dans les jambes, suivis par des d\u00e9ficits sensoriels et moteurs. Ces sympt\u00f4mes sugg\u00e8rent une implication de la moelle \u00e9pini\u00e8re avec une pr\u00e9dominance des cordons dorsaux et lat\u00e9raux. Les \u00e9tudes histopathologiques indiquent que la MDD et la carence en vitamine B12 entra\u00eenent toutes deux des modifications des tissus spongieux ainsi que des zones de d\u00e9t\u00e9rioration de la my\u00e9line et des axones dans la substance blanche de la moelle \u00e9pini\u00e8re. Les zones les plus touch\u00e9es sont les cordons post\u00e9rieurs des r\u00e9gions thoracique et cervicale, mais il peut \u00e9galement y avoir des alt\u00e9rations dans les cordons lat\u00e9raux. Une d\u00e9g\u00e9n\u00e9rescence axonale et une d\u00e9my\u00e9linisation significative sont en outre observ\u00e9es au niveau du syst\u00e8me nerveux p\u00e9riph\u00e9rique. Dans le cas d&rsquo;une MDD s\u00e9v\u00e8re, des bulles peuvent provoquer une obstruction vasculaire dans les syst\u00e8mes veineux et art\u00e9riel et la&nbsp; lib\u00e9ration de bulles de gaz dans la substance blanche de la moelle \u00e9pini\u00e8re, entra\u00eenant une spongiose, un gonflement axonal et une d\u00e9g\u00e9n\u00e9rescence de la my\u00e9line.<\/p>\n<p style=\"text-align: justify;\">Des singes soumis \u00e0 un r\u00e9gime alimentaire caract\u00e9ris\u00e9 par une carence en vitamine B12 sur une longue p\u00e9riode ont d\u00e9velopp\u00e9 des alt\u00e9rations neuropathologiques indistinctives de celles observ\u00e9es chez les humains, apr\u00e8s une dur\u00e9e comparable \u00e0 celle n\u00e9cessaire pour vider les r\u00e9serves de vitamine B12 chez les patients souffrant d&rsquo;an\u00e9mie pernicieuse. Chez le plongeur en question, le test de Schilling a \u00e9cart\u00e9 l&rsquo;an\u00e9mie pernicieuse.<\/p>\n<p style=\"text-align: justify;\">L&rsquo;objectif le plus imm\u00e9diat du traitement d&rsquo;une carence en B12 consiste \u00e0 saturer les r\u00e9serves de l&rsquo;organisme et \u00e0 pr\u00e9venir une rechute sur la plus longue p\u00e9riode de temps possible. Il est recommand\u00e9 d&rsquo;administrer 12 doses d&rsquo;un milligramme de vitamine B12 par semaine en tant que th\u00e9rapie initiale, puis de poursuivre avec 1 mg de vitamine B12 tous les trois mois. Dans la plupart des cas, tous les signes et sympt\u00f4mes neurologiques s&rsquo;att\u00e9nuent dans les premiers trois \u00e0 six mos de la th\u00e9rapie, puis s&rsquo;estompent progressivement au cours de l&rsquo;ann\u00e9e qui suit (voire plus).<\/p>\n<p style=\"text-align: justify;\">Nous avons conclu que le plongeur dont il est question ici souffrait d&rsquo;une MDD au vu de l&rsquo;apparition rapide des sympt\u00f4mes apr\u00e8s une plong\u00e9e \u00e0 paliers relativement agressive. Le plongeur \u00e9tait plus susceptible de d\u00e9velopper une MDD en raison de la vuln\u00e9rabilit\u00e9 de sa moelle \u00e9pini\u00e8re suite \u00e0 une carence de longue date en vitamine B12. Nous avons \u00e9galement soup\u00e7onn\u00e9 que certains des sympt\u00f4mes qu&rsquo;il a pr\u00e9sent\u00e9s suivant le traitement \u00e9taient des manifestations d&rsquo;une carence en B12 accentu\u00e9es par la MDD. Toutefois, nous ne pensons pas que les v\u00e9g\u00e9tariens en g\u00e9n\u00e9ral soient plus propices \u00e0 d\u00e9velopper une MDD, m\u00eame s&rsquo;ils doivent \u00eatre conscients de leur \u00e9tat nutritionnel, en particulier en ce qui concerne le taux de vitamine B12.<\/p>\n<p><strong>Contacts<\/strong><\/p>\n<p>Robert A van Hulst, MD, PhD, Diving<br \/>Medical Center, Royal Netherlands<br \/>Navy, PO Box10.000, 1780 CA Den<br \/>Helder, The Netherlands &ndash;<br \/>Email: ra.v.hulst@mindef.nl<\/p>\n<p>Win van der Kamp, MD, PhD, Department<br \/>of Neurology, Medical Center<br \/>Leeuwarden, PO Box 888, 8901 BR<br \/>Leeuwarden, The Netherlands<\/p>\n","protected":false},"excerpt":{"rendered":"<p>(Note du r\u00e9dacteur : cet article est une version courte de l&rsquo;article Decompression illness in a vegetarian diver. Are vegetarian divers at risk? A case&#8230;<\/p>\n","protected":false},"author":1,"featured_media":11373662,"comment_status":"closed","ping_status":"closed","sticky":false,"template":"","format":"standard","meta":{"_acf_changed":false,"footnotes":""},"categories":[386],"tags":[],"authors":[1649],"class_list":["post-11383131","post","type-post","status-publish","format-standard","has-post-thumbnail","hentry","category-articles","authors-robert-a-van-hulst-fr_fr"],"acf":[],"yoast_head":"<!-- This site is optimized with the Yoast SEO plugin v24.2 - https:\/\/yoast.com\/wordpress\/plugins\/seo\/ -->\n<title>La maladie de d\u00e9compression chez un plongeur v\u00e9g\u00e9tarien - Alert Diver<\/title>\n<meta name=\"robots\" content=\"index, follow, max-snippet:-1, max-image-preview:large, max-video-preview:-1\" \/>\n<link rel=\"canonical\" href=\"https:\/\/alertdiver.eu\/fr_FR\/articles\/la-maladie-de-decompression-chez-un-plongeur-vegetarien\/\" \/>\n<meta property=\"og:locale\" content=\"fr_FR\" \/>\n<meta property=\"og:type\" content=\"article\" \/>\n<meta property=\"og:title\" content=\"La maladie de d\u00e9compression chez un plongeur v\u00e9g\u00e9tarien - Alert Diver\" \/>\n<meta property=\"og:description\" content=\"(Note du r\u00e9dacteur : cet article est une version courte de l&rsquo;article Decompression illness in a vegetarian diver. Are vegetarian divers at risk? A case...\" \/>\n<meta property=\"og:url\" content=\"https:\/\/alertdiver.eu\/fr_FR\/articles\/la-maladie-de-decompression-chez-un-plongeur-vegetarien\/\" \/>\n<meta property=\"og:site_name\" content=\"Alert Diver\" \/>\n<meta property=\"article:published_time\" content=\"2012-07-14T22:00:00+00:00\" \/>\n<meta property=\"og:image\" content=\"https:\/\/alertdiver.eu\/wp-content\/uploads\/2023\/06\/alert-diver-article-94.jpg\" \/>\n\t<meta property=\"og:image:width\" content=\"2000\" \/>\n\t<meta property=\"og:image:height\" content=\"1333\" \/>\n\t<meta property=\"og:image:type\" content=\"image\/jpeg\" \/>\n<meta name=\"author\" content=\"microfilla\" \/>\n<meta name=\"twitter:card\" content=\"summary_large_image\" \/>\n<meta name=\"twitter:label1\" content=\"\u00c9crit par\" \/>\n\t<meta name=\"twitter:data1\" content=\"microfilla\" \/>\n\t<meta name=\"twitter:label2\" content=\"Dur\u00e9e de lecture estim\u00e9e\" \/>\n\t<meta name=\"twitter:data2\" content=\"7 minutes\" \/>\n<script type=\"application\/ld+json\" class=\"yoast-schema-graph\">{\"@context\":\"https:\/\/schema.org\",\"@graph\":[{\"@type\":\"Article\",\"@id\":\"https:\/\/alertdiver.eu\/fr_FR\/articles\/la-maladie-de-decompression-chez-un-plongeur-vegetarien\/#article\",\"isPartOf\":{\"@id\":\"https:\/\/alertdiver.eu\/fr_FR\/articles\/la-maladie-de-decompression-chez-un-plongeur-vegetarien\/\"},\"author\":{\"name\":\"microfilla\",\"@id\":\"https:\/\/alertdiver.eu\/fr_FR\/#\/schema\/person\/9ba7cb3f05522d75bf215ab2cf40b01b\"},\"headline\":\"La maladie de d\u00e9compression chez un plongeur v\u00e9g\u00e9tarien\",\"datePublished\":\"2012-07-14T22:00:00+00:00\",\"dateModified\":\"2012-07-14T22:00:00+00:00\",\"mainEntityOfPage\":{\"@id\":\"https:\/\/alertdiver.eu\/fr_FR\/articles\/la-maladie-de-decompression-chez-un-plongeur-vegetarien\/\"},\"wordCount\":1467,\"publisher\":{\"@id\":\"https:\/\/alertdiver.eu\/fr_FR\/#organization\"},\"image\":{\"@id\":\"https:\/\/alertdiver.eu\/fr_FR\/articles\/la-maladie-de-decompression-chez-un-plongeur-vegetarien\/#primaryimage\"},\"thumbnailUrl\":\"https:\/\/alertdiver.eu\/wp-content\/uploads\/2023\/06\/alert-diver-article-94.jpg\",\"articleSection\":[\"Articles\"],\"inLanguage\":\"fr-FR\"},{\"@type\":\"WebPage\",\"@id\":\"https:\/\/alertdiver.eu\/fr_FR\/articles\/la-maladie-de-decompression-chez-un-plongeur-vegetarien\/\",\"url\":\"https:\/\/alertdiver.eu\/fr_FR\/articles\/la-maladie-de-decompression-chez-un-plongeur-vegetarien\/\",\"name\":\"La maladie de d\u00e9compression chez un plongeur v\u00e9g\u00e9tarien - Alert Diver\",\"isPartOf\":{\"@id\":\"https:\/\/alertdiver.eu\/fr_FR\/#website\"},\"primaryImageOfPage\":{\"@id\":\"https:\/\/alertdiver.eu\/fr_FR\/articles\/la-maladie-de-decompression-chez-un-plongeur-vegetarien\/#primaryimage\"},\"image\":{\"@id\":\"https:\/\/alertdiver.eu\/fr_FR\/articles\/la-maladie-de-decompression-chez-un-plongeur-vegetarien\/#primaryimage\"},\"thumbnailUrl\":\"https:\/\/alertdiver.eu\/wp-content\/uploads\/2023\/06\/alert-diver-article-94.jpg\",\"datePublished\":\"2012-07-14T22:00:00+00:00\",\"dateModified\":\"2012-07-14T22:00:00+00:00\",\"breadcrumb\":{\"@id\":\"https:\/\/alertdiver.eu\/fr_FR\/articles\/la-maladie-de-decompression-chez-un-plongeur-vegetarien\/#breadcrumb\"},\"inLanguage\":\"fr-FR\",\"potentialAction\":[{\"@type\":\"ReadAction\",\"target\":[\"https:\/\/alertdiver.eu\/fr_FR\/articles\/la-maladie-de-decompression-chez-un-plongeur-vegetarien\/\"]}]},{\"@type\":\"ImageObject\",\"inLanguage\":\"fr-FR\",\"@id\":\"https:\/\/alertdiver.eu\/fr_FR\/articles\/la-maladie-de-decompression-chez-un-plongeur-vegetarien\/#primaryimage\",\"url\":\"https:\/\/alertdiver.eu\/wp-content\/uploads\/2023\/06\/alert-diver-article-94.jpg\",\"contentUrl\":\"https:\/\/alertdiver.eu\/wp-content\/uploads\/2023\/06\/alert-diver-article-94.jpg\",\"width\":2000,\"height\":1333},{\"@type\":\"BreadcrumbList\",\"@id\":\"https:\/\/alertdiver.eu\/fr_FR\/articles\/la-maladie-de-decompression-chez-un-plongeur-vegetarien\/#breadcrumb\",\"itemListElement\":[{\"@type\":\"ListItem\",\"position\":1,\"name\":\"Home\",\"item\":\"https:\/\/alertdiver.eu\/fr_FR\/\"},{\"@type\":\"ListItem\",\"position\":2,\"name\":\"La maladie de d\u00e9compression chez un plongeur v\u00e9g\u00e9tarien\"}]},{\"@type\":\"WebSite\",\"@id\":\"https:\/\/alertdiver.eu\/fr_FR\/#website\",\"url\":\"https:\/\/alertdiver.eu\/fr_FR\/\",\"name\":\"Alert Diver Europe\",\"description\":\"Access, discover and share the latest diving safety content from DAN Europe.\",\"publisher\":{\"@id\":\"https:\/\/alertdiver.eu\/fr_FR\/#organization\"},\"potentialAction\":[{\"@type\":\"SearchAction\",\"target\":{\"@type\":\"EntryPoint\",\"urlTemplate\":\"https:\/\/alertdiver.eu\/fr_FR\/?s={search_term_string}\"},\"query-input\":{\"@type\":\"PropertyValueSpecification\",\"valueRequired\":true,\"valueName\":\"search_term_string\"}}],\"inLanguage\":\"fr-FR\"},{\"@type\":\"Organization\",\"@id\":\"https:\/\/alertdiver.eu\/fr_FR\/#organization\",\"name\":\"Alert Diver Europe\",\"url\":\"https:\/\/alertdiver.eu\/fr_FR\/\",\"logo\":{\"@type\":\"ImageObject\",\"inLanguage\":\"fr-FR\",\"@id\":\"https:\/\/alertdiver.eu\/fr_FR\/#\/schema\/logo\/image\/\",\"url\":\"https:\/\/alertdiver.eu\/wp-content\/uploads\/2023\/02\/cropped-favicon.png\",\"contentUrl\":\"https:\/\/alertdiver.eu\/wp-content\/uploads\/2023\/02\/cropped-favicon.png\",\"width\":512,\"height\":512,\"caption\":\"Alert Diver Europe\"},\"image\":{\"@id\":\"https:\/\/alertdiver.eu\/fr_FR\/#\/schema\/logo\/image\/\"}},{\"@type\":\"Person\",\"@id\":\"https:\/\/alertdiver.eu\/fr_FR\/#\/schema\/person\/9ba7cb3f05522d75bf215ab2cf40b01b\",\"name\":\"microfilla\",\"image\":{\"@type\":\"ImageObject\",\"inLanguage\":\"fr-FR\",\"@id\":\"https:\/\/alertdiver.eu\/fr_FR\/#\/schema\/person\/image\/\",\"url\":\"https:\/\/secure.gravatar.com\/avatar\/09f39449f14df8c3ad651888221bb907?s=96&d=mm&r=g\",\"contentUrl\":\"https:\/\/secure.gravatar.com\/avatar\/09f39449f14df8c3ad651888221bb907?s=96&d=mm&r=g\",\"caption\":\"microfilla\"},\"sameAs\":[\"https:\/\/microfilla.com\"],\"url\":\"https:\/\/alertdiver.eu\/fr_FR\/author\/microfilla\/\"}]}<\/script>\n<!-- \/ Yoast SEO plugin. -->","yoast_head_json":{"title":"La maladie de d\u00e9compression chez un plongeur v\u00e9g\u00e9tarien - Alert Diver","robots":{"index":"index","follow":"follow","max-snippet":"max-snippet:-1","max-image-preview":"max-image-preview:large","max-video-preview":"max-video-preview:-1"},"canonical":"https:\/\/alertdiver.eu\/fr_FR\/articles\/la-maladie-de-decompression-chez-un-plongeur-vegetarien\/","og_locale":"fr_FR","og_type":"article","og_title":"La maladie de d\u00e9compression chez un plongeur v\u00e9g\u00e9tarien - Alert Diver","og_description":"(Note du r\u00e9dacteur : cet article est une version courte de l&rsquo;article Decompression illness in a vegetarian diver. Are vegetarian divers at risk? A case...","og_url":"https:\/\/alertdiver.eu\/fr_FR\/articles\/la-maladie-de-decompression-chez-un-plongeur-vegetarien\/","og_site_name":"Alert Diver","article_published_time":"2012-07-14T22:00:00+00:00","og_image":[{"width":2000,"height":1333,"url":"https:\/\/alertdiver.eu\/wp-content\/uploads\/2023\/06\/alert-diver-article-94.jpg","type":"image\/jpeg"}],"author":"microfilla","twitter_card":"summary_large_image","twitter_misc":{"\u00c9crit par":"microfilla","Dur\u00e9e de lecture estim\u00e9e":"7 minutes"},"schema":{"@context":"https:\/\/schema.org","@graph":[{"@type":"Article","@id":"https:\/\/alertdiver.eu\/fr_FR\/articles\/la-maladie-de-decompression-chez-un-plongeur-vegetarien\/#article","isPartOf":{"@id":"https:\/\/alertdiver.eu\/fr_FR\/articles\/la-maladie-de-decompression-chez-un-plongeur-vegetarien\/"},"author":{"name":"microfilla","@id":"https:\/\/alertdiver.eu\/fr_FR\/#\/schema\/person\/9ba7cb3f05522d75bf215ab2cf40b01b"},"headline":"La maladie de d\u00e9compression chez un plongeur v\u00e9g\u00e9tarien","datePublished":"2012-07-14T22:00:00+00:00","dateModified":"2012-07-14T22:00:00+00:00","mainEntityOfPage":{"@id":"https:\/\/alertdiver.eu\/fr_FR\/articles\/la-maladie-de-decompression-chez-un-plongeur-vegetarien\/"},"wordCount":1467,"publisher":{"@id":"https:\/\/alertdiver.eu\/fr_FR\/#organization"},"image":{"@id":"https:\/\/alertdiver.eu\/fr_FR\/articles\/la-maladie-de-decompression-chez-un-plongeur-vegetarien\/#primaryimage"},"thumbnailUrl":"https:\/\/alertdiver.eu\/wp-content\/uploads\/2023\/06\/alert-diver-article-94.jpg","articleSection":["Articles"],"inLanguage":"fr-FR"},{"@type":"WebPage","@id":"https:\/\/alertdiver.eu\/fr_FR\/articles\/la-maladie-de-decompression-chez-un-plongeur-vegetarien\/","url":"https:\/\/alertdiver.eu\/fr_FR\/articles\/la-maladie-de-decompression-chez-un-plongeur-vegetarien\/","name":"La maladie de d\u00e9compression chez un plongeur v\u00e9g\u00e9tarien - Alert Diver","isPartOf":{"@id":"https:\/\/alertdiver.eu\/fr_FR\/#website"},"primaryImageOfPage":{"@id":"https:\/\/alertdiver.eu\/fr_FR\/articles\/la-maladie-de-decompression-chez-un-plongeur-vegetarien\/#primaryimage"},"image":{"@id":"https:\/\/alertdiver.eu\/fr_FR\/articles\/la-maladie-de-decompression-chez-un-plongeur-vegetarien\/#primaryimage"},"thumbnailUrl":"https:\/\/alertdiver.eu\/wp-content\/uploads\/2023\/06\/alert-diver-article-94.jpg","datePublished":"2012-07-14T22:00:00+00:00","dateModified":"2012-07-14T22:00:00+00:00","breadcrumb":{"@id":"https:\/\/alertdiver.eu\/fr_FR\/articles\/la-maladie-de-decompression-chez-un-plongeur-vegetarien\/#breadcrumb"},"inLanguage":"fr-FR","potentialAction":[{"@type":"ReadAction","target":["https:\/\/alertdiver.eu\/fr_FR\/articles\/la-maladie-de-decompression-chez-un-plongeur-vegetarien\/"]}]},{"@type":"ImageObject","inLanguage":"fr-FR","@id":"https:\/\/alertdiver.eu\/fr_FR\/articles\/la-maladie-de-decompression-chez-un-plongeur-vegetarien\/#primaryimage","url":"https:\/\/alertdiver.eu\/wp-content\/uploads\/2023\/06\/alert-diver-article-94.jpg","contentUrl":"https:\/\/alertdiver.eu\/wp-content\/uploads\/2023\/06\/alert-diver-article-94.jpg","width":2000,"height":1333},{"@type":"BreadcrumbList","@id":"https:\/\/alertdiver.eu\/fr_FR\/articles\/la-maladie-de-decompression-chez-un-plongeur-vegetarien\/#breadcrumb","itemListElement":[{"@type":"ListItem","position":1,"name":"Home","item":"https:\/\/alertdiver.eu\/fr_FR\/"},{"@type":"ListItem","position":2,"name":"La maladie de d\u00e9compression chez un plongeur v\u00e9g\u00e9tarien"}]},{"@type":"WebSite","@id":"https:\/\/alertdiver.eu\/fr_FR\/#website","url":"https:\/\/alertdiver.eu\/fr_FR\/","name":"Alert Diver Europe","description":"Access, discover and share the latest diving safety content from DAN Europe.","publisher":{"@id":"https:\/\/alertdiver.eu\/fr_FR\/#organization"},"potentialAction":[{"@type":"SearchAction","target":{"@type":"EntryPoint","urlTemplate":"https:\/\/alertdiver.eu\/fr_FR\/?s={search_term_string}"},"query-input":{"@type":"PropertyValueSpecification","valueRequired":true,"valueName":"search_term_string"}}],"inLanguage":"fr-FR"},{"@type":"Organization","@id":"https:\/\/alertdiver.eu\/fr_FR\/#organization","name":"Alert Diver Europe","url":"https:\/\/alertdiver.eu\/fr_FR\/","logo":{"@type":"ImageObject","inLanguage":"fr-FR","@id":"https:\/\/alertdiver.eu\/fr_FR\/#\/schema\/logo\/image\/","url":"https:\/\/alertdiver.eu\/wp-content\/uploads\/2023\/02\/cropped-favicon.png","contentUrl":"https:\/\/alertdiver.eu\/wp-content\/uploads\/2023\/02\/cropped-favicon.png","width":512,"height":512,"caption":"Alert Diver Europe"},"image":{"@id":"https:\/\/alertdiver.eu\/fr_FR\/#\/schema\/logo\/image\/"}},{"@type":"Person","@id":"https:\/\/alertdiver.eu\/fr_FR\/#\/schema\/person\/9ba7cb3f05522d75bf215ab2cf40b01b","name":"microfilla","image":{"@type":"ImageObject","inLanguage":"fr-FR","@id":"https:\/\/alertdiver.eu\/fr_FR\/#\/schema\/person\/image\/","url":"https:\/\/secure.gravatar.com\/avatar\/09f39449f14df8c3ad651888221bb907?s=96&d=mm&r=g","contentUrl":"https:\/\/secure.gravatar.com\/avatar\/09f39449f14df8c3ad651888221bb907?s=96&d=mm&r=g","caption":"microfilla"},"sameAs":["https:\/\/microfilla.com"],"url":"https:\/\/alertdiver.eu\/fr_FR\/author\/microfilla\/"}]}},"_links":{"self":[{"href":"https:\/\/alertdiver.eu\/fr_FR\/wp-json\/wp\/v2\/posts\/11383131","targetHints":{"allow":["GET"]}}],"collection":[{"href":"https:\/\/alertdiver.eu\/fr_FR\/wp-json\/wp\/v2\/posts"}],"about":[{"href":"https:\/\/alertdiver.eu\/fr_FR\/wp-json\/wp\/v2\/types\/post"}],"author":[{"embeddable":true,"href":"https:\/\/alertdiver.eu\/fr_FR\/wp-json\/wp\/v2\/users\/1"}],"replies":[{"embeddable":true,"href":"https:\/\/alertdiver.eu\/fr_FR\/wp-json\/wp\/v2\/comments?post=11383131"}],"version-history":[{"count":0,"href":"https:\/\/alertdiver.eu\/fr_FR\/wp-json\/wp\/v2\/posts\/11383131\/revisions"}],"wp:featuredmedia":[{"embeddable":true,"href":"https:\/\/alertdiver.eu\/fr_FR\/wp-json\/wp\/v2\/media\/11373662"}],"wp:attachment":[{"href":"https:\/\/alertdiver.eu\/fr_FR\/wp-json\/wp\/v2\/media?parent=11383131"}],"wp:term":[{"taxonomy":"category","embeddable":true,"href":"https:\/\/alertdiver.eu\/fr_FR\/wp-json\/wp\/v2\/categories?post=11383131"},{"taxonomy":"post_tag","embeddable":true,"href":"https:\/\/alertdiver.eu\/fr_FR\/wp-json\/wp\/v2\/tags?post=11383131"},{"taxonomy":"authors","embeddable":true,"href":"https:\/\/alertdiver.eu\/fr_FR\/wp-json\/wp\/v2\/authors?post=11383131"}],"curies":[{"name":"wp","href":"https:\/\/api.w.org\/{rel}","templated":true}]}}