{"id":11383410,"date":"2021-04-27T00:00:00","date_gmt":"2021-04-26T22:00:00","guid":{"rendered":"https:\/\/alertdiver.eu\/non-classifiee\/faites-la-rencontre-des-ambassadeurs-dan-europe-en-tournee-pour-sauvegarder-nos-oceans\/"},"modified":"2021-04-27T00:00:00","modified_gmt":"2021-04-26T22:00:00","slug":"faites-la-rencontre-des-ambassadeurs-dan-europe-en-tournee-pour-sauvegarder-nos-oceans","status":"publish","type":"post","link":"https:\/\/alertdiver.eu\/fr_FR\/articles\/faites-la-rencontre-des-ambassadeurs-dan-europe-en-tournee-pour-sauvegarder-nos-oceans\/","title":{"rendered":"Faites la rencontre des ambassadeurs DAN Europe en tourn\u00e9e pour sauvegarder nos oc\u00e9ans"},"content":{"rendered":"<p style=\"text-align: justify;\">La sant&eacute; de nos oc&eacute;ans, et de bien d&apos;autres &eacute;tendues d&apos;eau, est une des pr&eacute;occupations majeures de notre &eacute;poque. Le plastique, la surp&ecirc;che, les polluants et l&apos;urgence climatique modifient consid&eacute;rablement le milieu que nous, plongeurs, aimons tant. Les oc&eacute;ans, les rivi&egrave;res et les lacs changent &agrave; vue d&apos;&oelig;il. Comme l&apos;a soulign&eacute; le Dr Sylvia Earle, nous sommes les t&eacute;moins oculaires de ces bouleversements. En tant que plongeurs, nous sommes les meilleurs ambassadeurs des oc&eacute;ans.<\/p>\n<p style=\"text-align: justify;\">Deux ambassadeurs DAN Europe se tiennent pr&ecirc;ts &agrave; traverser toute l&apos;Europe, depuis le sud jusqu&apos;au nord et inversement, dans le cadre du<span>&nbsp;<\/span><strong><a href=\"https:\/\/www.sustainabletour.eu\/\" target=\"_blank\" rel=\"noopener\">DAN Europe Sustainable Tour<\/a><\/strong>. Ils vont parcourir 11 500 km en utilisant, de toute &eacute;vidence, un v&eacute;hicule &eacute;lectrique. Ces deux ambassadeurs ont des objectifs pr&eacute;cis &agrave; atteindre, dont certains sont tr&egrave;s ambitieux, mais nous sommes convaincus qu&apos;ils r&eacute;ussiront : ce sont vraiment des individus hors du commun. Nous leur avons demand&eacute; de nous en dire un peu plus sur eux et sur leur mission. Voici donc Alana Alvarez et Manuel (Manu) Bustelo.<\/p>\n<h4 style=\"text-align: left;\">Alana et Manu, comment d&eacute;cririez-vous votre personnalit&eacute;, vos talents et votre parcours en quelques mots ?<\/h4>\n<p style=\"text-align: justify;\"><strong>ALANA<\/strong><span>&nbsp;<\/span>&#8211; Je suis une personne de nature joyeuse, passionn&eacute;e par l&apos;environnement, les gens et la vie en elle-m&ecirc;me. J&apos;ai une formation universitaire en pharmacie et je poursuis actuellement des &eacute;tudes en d&eacute;veloppement durable ; ce qui me donne toutes les comp&eacute;tences n&eacute;cessaires pour impulser des changements positifs dans la soci&eacute;t&eacute;, dans le but de promouvoir la sant&eacute; des &ecirc;tres humains et de notre plan&egrave;te.<\/p>\n<p style=\"text-align: justify;\"><strong>MANU<\/strong><span>&nbsp;<\/span>&#8211; Je suis une personne engag&eacute;e et passionn&eacute;e. Je suis engag&eacute; envers l&apos;environnement et la soci&eacute;t&eacute; dans laquelle nous vivons, passionn&eacute; par l&apos;aventure, notre monde et les gens que j&apos;aime. Titulaire d&apos;un MBA et comptant 22 ans d&apos;exp&eacute;rience dans le secteur des activit&eacute;s outdoor, je me consacre au d&eacute;veloppement de pratiques durables du secteur &eacute;conomique.<\/p>\n<p style=\"text-align: justify;\"><img decoding=\"async\" class=\"fr-dib fr-draggable\" src=\"\/wp-content\/uploads\/imgimport\/1046\/manualana2-1500.jpg\" style=\"width: auto;\"><\/p>\n<h4 style=\"text-align: left;\">Les membres DAN Europe et de nombreux autres plongeurs se r&eacute;jouiront de l&apos;engagement fort de DAN en faveur des questions environnementales. Quel est l&apos;objectif cette tourn&eacute;e autour du d&eacute;veloppement durable ?<\/h4>\n<p style=\"text-align: justify;\"><strong>ALANA<\/strong> &#8211; Les 10 prochaines ann&eacute;es vont &ecirc;tre cruciales pour la pr&eacute;servation des oc&eacute;ans. Dans le cadre de la<span>&nbsp;<\/span><strong><a href=\"https:\/\/www.oceandecade.org\/\" target=\"_blank\" rel=\"noopener\">D&eacute;cennie des Nations Unies pour l&apos;oc&eacute;an<\/a><\/strong>, nous avons trouv&eacute; une occasion formidable de travailler avec le secteur priv&eacute;, les institutions publiques et les citoyens europ&eacute;ens, tous unis dans la poursuite de la cr&eacute;ation d&apos;un mode de vie plus durable. Tout ce que nous faisons sur la terre ferme a, &agrave; terme, un impact sur l&apos;oc&eacute;an. Le probl&egrave;me majeur est qu&apos;en raison de notre mode de vie au XXIe si&egrave;cle, il n&apos;est pas si facile de respecter l&apos;environnement. Un exemple flagrant est celui de faire ses courses au supermarch&eacute;. Nous sommes tous conscients de la quantit&eacute; de plastique que nous finissons par rapporter chez nous avec nos aliments. &Eacute;tant donn&eacute; que seuls 9 % des plastiques jet&eacute;s dans le monde sont recycl&eacute;s, 91 % ont de grandes chances de se retrouver dans nos oc&eacute;ans, d&apos;abord sous forme de bouteilles ou de sacs plastique jet&eacute;s, puis, plusieurs ann&eacute;es plus tard, sous forme de microplastiques.<\/p>\n<p style=\"text-align: justify;\"><strong>MANU<\/strong> &#8211; Je vais donner un autre exemple en posant une question : comment vous d&eacute;placez-vous dans votre commune, votre pays ou m&ecirc;me &agrave; l&apos;&eacute;tranger ? Quel que soit le v&eacute;hicule que vous utilisez, &eacute;met-il du CO2 ? Il est tr&egrave;s probable que vous finissiez par utiliser un v&eacute;hicule &#8211; outre votre v&eacute;lo &#8211; qui a une empreinte carbone. Plus probablement, ce &quot;quelque chose&quot; s&apos;appelle une voiture. La plupart d&apos;entre nous utilisent une voiture pour se rendre au travail, pour les loisirs, les voyages, les r&eacute;unions de famille, etc. Tout cela contribue &agrave; l&apos;acidification des oc&eacute;ans, au changement climatique, aux mar&eacute;es noires, &agrave; la pollution sonore, et &agrave; bien d&apos;autres choses encore. L&apos;essor des v&eacute;hicules &eacute;lectriques est d&eacute;j&agrave; l&agrave;, et il y a une bonne raison &agrave; cela. Nous allons couvrir la plupart des aspects li&eacute;s aux v&eacute;hicules &eacute;lectriques, des installations de recyclage des batteries &agrave; l&apos;&eacute;nergie renouvelable que nous devons produire pour qu&apos;ils soient vraiment respectueux de l&apos;environnement. Alors, comment pouvez-vous, en tant qu&apos;entreprise priv&eacute;e, individu ou gouvernement, vous impliquer dans la r&eacute;solution de ces probl&egrave;mes ? Nous allons faire le point sur ces questions et sur bien d&apos;autres aspects du quotidien auxquels nous sommes tous confront&eacute;s&#8230; en les exp&eacute;rimentant !<\/p>\n<h4 style=\"text-align: left;\">Comment allez-vous atteindre vos objectifs ? Avez-vous pr&eacute;vu des formations ou des conf&eacute;rences publiques ? Qu&apos;attendez-vous des discussions avec les entreprises ? Dans quelle mesure l&apos;implication des acteurs de premier plan est-elle cruciale, et dans quelle mesure peut-on invoquer l&apos;engagement individuel ?<\/h4>\n<p style=\"text-align: justify;\"><strong>MANU<\/strong> &#8211; Oui, nous allons avoir des r&eacute;unions avec des entreprises priv&eacute;es impliqu&eacute;es dans le d&eacute;veloppement durable, des ONG &oelig;uvrant pour la pr&eacute;servation des oc&eacute;ans, et la Commission Europ&eacute;enne. Nous nous engagerons &eacute;galement aupr&egrave;s de citoyens lambda, en particulier les jeunes, pour les sensibiliser et promouvoir un mode de vie durable. Ce que nous attendons des discussions avec les entreprises, c&apos;est de mieux comprendre leur offre de produits et services durables, et la mani&egrave;re dont nous pouvons tous b&eacute;n&eacute;ficier de leurs activit&eacute;s.<\/p>\n<p style=\"text-align: justify;\"><strong>ALANA<\/strong> &#8211; Notre plan&egrave;te souffre actuellement d&apos;un terrible mal de t&ecirc;te dont nous sommes la cause. Pour y rem&eacute;dier, tous les efforts &#8211; aussi petits soient-ils &#8211; comptent. De toute &eacute;vidence, la science et la technologie sont des &eacute;l&eacute;ments importants dans la panoplie des rem&egrave;des, afin de pouvoir agir et gu&eacute;rir le mal sous-jacent. Nous les explorerons tous, des programmes de science participative aux innovations des grandes entreprises en mati&egrave;re de produits durables.<\/p>\n<p style=\"text-align: justify;\"><img decoding=\"async\" class=\"fr-dib fr-draggable\" src=\"\/wp-content\/uploads\/imgimport\/1046\/manualana.jpg\" style=\"width: auto;\"><\/p>\n<h4 style=\"text-align: left;\">Combien de pays allez-vous visiter ? Cela va vous prendre beaucoup de temps !<\/h4>\n<p style=\"text-align: justify;\"><strong>ALANA<\/strong><strong>&nbsp;&#8211;<\/strong> Notre id&eacute;e est de traverser 15 pays &agrave; bord d&apos;un v&eacute;hicule &eacute;lectrique. Nous estimons que nous ferons le tour en 4 &agrave; 5 mois. Cela dit, ce voyage fait aussi la part belle &agrave; l&apos;aventure, ce que nous avons pris en compte en cas de modification de notre planning. Apr&egrave;s tout, c&apos;est le but de partir &agrave; l&apos;aventure, n&apos;est-ce pas ?<\/p>\n<p style=\"text-align: justify;\"><strong>MANU<\/strong><strong>&nbsp;&#8211;<\/strong> Il reste &agrave; savoir s&apos;il sera facile de recharger notre v&eacute;hicule &eacute;lectrique dans les 15 pays. Compte tenu de l&rsquo;&eacute;tat du r&eacute;seau de bornes de rechargement de v&eacute;hicules &eacute;lectriques, c&apos;est possible, mais nous ignorons comment cela va r&eacute;ellement se passer !<\/p>\n<h4 style=\"text-align: left;\">Peut-on s&apos;attendre &agrave; des streamings et des diffusions en direct de votre voyage ?<\/h4>\n<p style=\"text-align: justify;\"><strong>ALANA<\/strong> &#8211; Tout &agrave; fait ! Nous avons pr&eacute;vu des diffusions en direct depuis chacune des &eacute;tapes importantes de la tourn&eacute;e. Nous partagerons en direct les rencontres, les d&eacute;couvertes, les exp&eacute;riences, les discussions et toutes les informations importantes sur le sujet en question. Vous pourrez vivre cette exp&eacute;rience comme si vous &eacute;tiez sur les si&egrave;ges arri&egrave;re de notre voiture. Rendez-vous sur le site<span>&nbsp;<\/span><a href=\"http:\/\/www.sustainabletour.eu\/\" target=\"_blank\" rel=\"noopener\">www.sustainabletour.eu<\/a><\/p>\n<p style=\"text-align: left;\"><strong>MANU<\/strong> &ndash; Vous pouvez aussi nous suivre sur nos comptes personnels : <a href=\"http:\/\/www.instagram.com\/manubustelo\" target=\"_blank\" rel=\"noopener\">Manu<\/a> &amp; <a href=\"http:\/\/www.instagram.com\/alanagabriella\" target=\"_blank\" rel=\"noopener\">Alana<\/a>&nbsp;<\/p>\n<h4 style=\"text-align: left;\">Il arrive qu&apos;&agrave; un certain moment de la vie, les gens ressentent le besoin d&rsquo;en faire plus pour prot&eacute;ger l&apos;environnement. Quand avez-vous ressenti cette aspiration et qu&apos;avez-vous fait alors ?<\/h4>\n<p style=\"text-align: justify;\"><strong>ALANA<\/strong> &#8211; Ma r&eacute;ponse est assez simple : la premi&egrave;re fois que j&apos;ai saut&eacute; dans l&apos;eau lors de mon cours d&apos;Open Water. L&agrave;, j&apos;ai r&eacute;alis&eacute; que le monde sous-marin &eacute;tait vraiment sp&eacute;cial. Lors d&apos;une de mes premi&egrave;res plong&eacute;es, j&apos;ai pass&eacute; quelques bonnes minutes avec une pieuvre cach&eacute;e sous un rocher. Elle a tendu l&apos;une de ses tentacules et a agripp&eacute; mon doigt pendant ce qui m&apos;a sembl&eacute; une &eacute;ternit&eacute;. Je me suis sentie connect&eacute;e. Nous devons la vie et notre propre existence sur Terre &agrave; nos oc&eacute;ans.<\/p>\n<p style=\"text-align: justify;\"><strong>MANU<\/strong> &#8211; Cela m&apos;a frapp&eacute; lorsque j&apos;ai parl&eacute; de responsabilit&eacute; sociale des entreprises (RSE) lors de diff&eacute;rents cours pendant mon MBA &agrave; la Solvay Business School. Entre-temps, j&apos;avais escalad&eacute; de nombreuses montagnes, travers&eacute; de nombreuses for&ecirc;ts en VTT et explor&eacute; de nombreux oc&eacute;ans. C&apos;est en discutant de la RSE (et plus r&eacute;cemment de la cr&eacute;ation de valeurs partag&eacute;es (CSV ou Creating Shared Value en anglais) que j&apos;ai trouv&eacute; les bons outils &eacute;conomiques pour faire le lien avec la protection de l&apos;environnement.<\/p>\n<p style=\"text-align: justify;\"><img decoding=\"async\" class=\"fr-dib fr-draggable\" src=\"\/wp-content\/uploads\/imgimport\/1046\/manualana3-1500.jpg\" style=\"width: auto;\"><\/p>\n<h4 style=\"text-align: left;\">Avez-vous un message pour tous les membres DAN Europe ? Quel est votre souhait le plus cher ?<\/h4>\n<p style=\"text-align: justify;\"><strong>MANU<\/strong> &#8211; Si la plong&eacute;e est votre passion, il est temps d&apos;arr&ecirc;ter d&apos;&ecirc;tre un simple observateur et de commencer &agrave; agir pour prot&eacute;ger cet environnement si fragile.<\/p>\n<p style=\"text-align: justify;\"><strong>ALANA<\/strong> &#8211; Notre r&ecirc;ve est de vivre dans un monde o&ugrave; toutes les cr&eacute;atures vivent en harmonie avec la nature. Notre message aux membres DAN Europe est le suivant : Vous vous joignez &agrave; nous ?<\/p>\n","protected":false},"excerpt":{"rendered":"<p>La sant&eacute; de nos oc&eacute;ans, et de bien d&apos;autres &eacute;tendues d&apos;eau, est une des pr&eacute;occupations majeures de notre &eacute;poque. Le plastique, la surp&ecirc;che, les polluants&#8230;<\/p>\n","protected":false},"author":1,"featured_media":11376528,"comment_status":"closed","ping_status":"closed","sticky":false,"template":"","format":"standard","meta":{"_acf_changed":false,"footnotes":""},"categories":[386],"tags":[1855],"authors":[795],"class_list":["post-11383410","post","type-post","status-publish","format-standard","has-post-thumbnail","hentry","category-articles","tag-profil-des-membres-dan","authors-claudio-di-manao"],"acf":[],"yoast_head":"<!-- This site is optimized with the Yoast SEO plugin v24.2 - https:\/\/yoast.com\/wordpress\/plugins\/seo\/ -->\n<title>Faites la rencontre des ambassadeurs DAN Europe en tourn\u00e9e pour sauvegarder nos oc\u00e9ans - Alert Diver<\/title>\n<meta name=\"robots\" content=\"index, follow, max-snippet:-1, max-image-preview:large, max-video-preview:-1\" \/>\n<link rel=\"canonical\" href=\"https:\/\/alertdiver.eu\/fr_FR\/articles\/faites-la-rencontre-des-ambassadeurs-dan-europe-en-tournee-pour-sauvegarder-nos-oceans\/\" \/>\n<meta property=\"og:locale\" content=\"fr_FR\" \/>\n<meta property=\"og:type\" content=\"article\" \/>\n<meta property=\"og:title\" content=\"Faites la rencontre des ambassadeurs DAN Europe en tourn\u00e9e pour sauvegarder nos oc\u00e9ans - Alert Diver\" \/>\n<meta property=\"og:description\" content=\"La sant&eacute; de nos oc&eacute;ans, et de bien d&amp;apos;autres &eacute;tendues d&amp;apos;eau, est une des pr&eacute;occupations majeures de notre &eacute;poque. Le plastique, la surp&ecirc;che, les polluants...\" \/>\n<meta property=\"og:url\" content=\"https:\/\/alertdiver.eu\/fr_FR\/articles\/faites-la-rencontre-des-ambassadeurs-dan-europe-en-tournee-pour-sauvegarder-nos-oceans\/\" \/>\n<meta property=\"og:site_name\" content=\"Alert Diver\" \/>\n<meta property=\"article:published_time\" content=\"2021-04-26T22:00:00+00:00\" \/>\n<meta property=\"og:image\" content=\"https:\/\/alertdiver.eu\/wp-content\/uploads\/2023\/06\/meet-the-dan-europe-ambassadors-touring-to-save-our-oceans-bannerweb-2560x1120-1.jpg\" \/>\n\t<meta property=\"og:image:width\" content=\"2560\" \/>\n\t<meta property=\"og:image:height\" content=\"1120\" \/>\n\t<meta property=\"og:image:type\" content=\"image\/jpeg\" \/>\n<meta name=\"author\" content=\"microfilla\" \/>\n<meta name=\"twitter:card\" content=\"summary_large_image\" \/>\n<meta name=\"twitter:label1\" content=\"\u00c9crit par\" \/>\n\t<meta name=\"twitter:data1\" content=\"microfilla\" \/>\n\t<meta name=\"twitter:label2\" content=\"Dur\u00e9e de lecture estim\u00e9e\" \/>\n\t<meta name=\"twitter:data2\" content=\"9 minutes\" \/>\n<script type=\"application\/ld+json\" class=\"yoast-schema-graph\">{\"@context\":\"https:\/\/schema.org\",\"@graph\":[{\"@type\":\"Article\",\"@id\":\"https:\/\/alertdiver.eu\/fr_FR\/articles\/faites-la-rencontre-des-ambassadeurs-dan-europe-en-tournee-pour-sauvegarder-nos-oceans\/#article\",\"isPartOf\":{\"@id\":\"https:\/\/alertdiver.eu\/fr_FR\/articles\/faites-la-rencontre-des-ambassadeurs-dan-europe-en-tournee-pour-sauvegarder-nos-oceans\/\"},\"author\":{\"name\":\"microfilla\",\"@id\":\"https:\/\/alertdiver.eu\/fr_FR\/#\/schema\/person\/9ba7cb3f05522d75bf215ab2cf40b01b\"},\"headline\":\"Faites la rencontre des ambassadeurs DAN Europe en tourn\u00e9e pour sauvegarder nos oc\u00e9ans\",\"datePublished\":\"2021-04-26T22:00:00+00:00\",\"dateModified\":\"2021-04-26T22:00:00+00:00\",\"mainEntityOfPage\":{\"@id\":\"https:\/\/alertdiver.eu\/fr_FR\/articles\/faites-la-rencontre-des-ambassadeurs-dan-europe-en-tournee-pour-sauvegarder-nos-oceans\/\"},\"wordCount\":1823,\"publisher\":{\"@id\":\"https:\/\/alertdiver.eu\/fr_FR\/#organization\"},\"image\":{\"@id\":\"https:\/\/alertdiver.eu\/fr_FR\/articles\/faites-la-rencontre-des-ambassadeurs-dan-europe-en-tournee-pour-sauvegarder-nos-oceans\/#primaryimage\"},\"thumbnailUrl\":\"https:\/\/alertdiver.eu\/wp-content\/uploads\/2023\/06\/meet-the-dan-europe-ambassadors-touring-to-save-our-oceans-bannerweb-2560x1120-1.jpg\",\"keywords\":[\"Profil des membres DAN\"],\"articleSection\":[\"Articles\"],\"inLanguage\":\"fr-FR\"},{\"@type\":\"WebPage\",\"@id\":\"https:\/\/alertdiver.eu\/fr_FR\/articles\/faites-la-rencontre-des-ambassadeurs-dan-europe-en-tournee-pour-sauvegarder-nos-oceans\/\",\"url\":\"https:\/\/alertdiver.eu\/fr_FR\/articles\/faites-la-rencontre-des-ambassadeurs-dan-europe-en-tournee-pour-sauvegarder-nos-oceans\/\",\"name\":\"Faites la rencontre des ambassadeurs DAN Europe en tourn\u00e9e pour sauvegarder nos oc\u00e9ans - Alert Diver\",\"isPartOf\":{\"@id\":\"https:\/\/alertdiver.eu\/fr_FR\/#website\"},\"primaryImageOfPage\":{\"@id\":\"https:\/\/alertdiver.eu\/fr_FR\/articles\/faites-la-rencontre-des-ambassadeurs-dan-europe-en-tournee-pour-sauvegarder-nos-oceans\/#primaryimage\"},\"image\":{\"@id\":\"https:\/\/alertdiver.eu\/fr_FR\/articles\/faites-la-rencontre-des-ambassadeurs-dan-europe-en-tournee-pour-sauvegarder-nos-oceans\/#primaryimage\"},\"thumbnailUrl\":\"https:\/\/alertdiver.eu\/wp-content\/uploads\/2023\/06\/meet-the-dan-europe-ambassadors-touring-to-save-our-oceans-bannerweb-2560x1120-1.jpg\",\"datePublished\":\"2021-04-26T22:00:00+00:00\",\"dateModified\":\"2021-04-26T22:00:00+00:00\",\"breadcrumb\":{\"@id\":\"https:\/\/alertdiver.eu\/fr_FR\/articles\/faites-la-rencontre-des-ambassadeurs-dan-europe-en-tournee-pour-sauvegarder-nos-oceans\/#breadcrumb\"},\"inLanguage\":\"fr-FR\",\"potentialAction\":[{\"@type\":\"ReadAction\",\"target\":[\"https:\/\/alertdiver.eu\/fr_FR\/articles\/faites-la-rencontre-des-ambassadeurs-dan-europe-en-tournee-pour-sauvegarder-nos-oceans\/\"]}]},{\"@type\":\"ImageObject\",\"inLanguage\":\"fr-FR\",\"@id\":\"https:\/\/alertdiver.eu\/fr_FR\/articles\/faites-la-rencontre-des-ambassadeurs-dan-europe-en-tournee-pour-sauvegarder-nos-oceans\/#primaryimage\",\"url\":\"https:\/\/alertdiver.eu\/wp-content\/uploads\/2023\/06\/meet-the-dan-europe-ambassadors-touring-to-save-our-oceans-bannerweb-2560x1120-1.jpg\",\"contentUrl\":\"https:\/\/alertdiver.eu\/wp-content\/uploads\/2023\/06\/meet-the-dan-europe-ambassadors-touring-to-save-our-oceans-bannerweb-2560x1120-1.jpg\",\"width\":2560,\"height\":1120},{\"@type\":\"BreadcrumbList\",\"@id\":\"https:\/\/alertdiver.eu\/fr_FR\/articles\/faites-la-rencontre-des-ambassadeurs-dan-europe-en-tournee-pour-sauvegarder-nos-oceans\/#breadcrumb\",\"itemListElement\":[{\"@type\":\"ListItem\",\"position\":1,\"name\":\"Home\",\"item\":\"https:\/\/alertdiver.eu\/fr_FR\/\"},{\"@type\":\"ListItem\",\"position\":2,\"name\":\"Faites la rencontre des ambassadeurs DAN Europe en tourn\u00e9e pour sauvegarder nos oc\u00e9ans\"}]},{\"@type\":\"WebSite\",\"@id\":\"https:\/\/alertdiver.eu\/fr_FR\/#website\",\"url\":\"https:\/\/alertdiver.eu\/fr_FR\/\",\"name\":\"Alert Diver Europe\",\"description\":\"Access, discover and share the latest diving safety content from DAN Europe.\",\"publisher\":{\"@id\":\"https:\/\/alertdiver.eu\/fr_FR\/#organization\"},\"potentialAction\":[{\"@type\":\"SearchAction\",\"target\":{\"@type\":\"EntryPoint\",\"urlTemplate\":\"https:\/\/alertdiver.eu\/fr_FR\/?s={search_term_string}\"},\"query-input\":{\"@type\":\"PropertyValueSpecification\",\"valueRequired\":true,\"valueName\":\"search_term_string\"}}],\"inLanguage\":\"fr-FR\"},{\"@type\":\"Organization\",\"@id\":\"https:\/\/alertdiver.eu\/fr_FR\/#organization\",\"name\":\"Alert Diver Europe\",\"url\":\"https:\/\/alertdiver.eu\/fr_FR\/\",\"logo\":{\"@type\":\"ImageObject\",\"inLanguage\":\"fr-FR\",\"@id\":\"https:\/\/alertdiver.eu\/fr_FR\/#\/schema\/logo\/image\/\",\"url\":\"https:\/\/alertdiver.eu\/wp-content\/uploads\/2023\/02\/cropped-favicon.png\",\"contentUrl\":\"https:\/\/alertdiver.eu\/wp-content\/uploads\/2023\/02\/cropped-favicon.png\",\"width\":512,\"height\":512,\"caption\":\"Alert Diver Europe\"},\"image\":{\"@id\":\"https:\/\/alertdiver.eu\/fr_FR\/#\/schema\/logo\/image\/\"}},{\"@type\":\"Person\",\"@id\":\"https:\/\/alertdiver.eu\/fr_FR\/#\/schema\/person\/9ba7cb3f05522d75bf215ab2cf40b01b\",\"name\":\"microfilla\",\"image\":{\"@type\":\"ImageObject\",\"inLanguage\":\"fr-FR\",\"@id\":\"https:\/\/alertdiver.eu\/fr_FR\/#\/schema\/person\/image\/\",\"url\":\"https:\/\/secure.gravatar.com\/avatar\/09f39449f14df8c3ad651888221bb907?s=96&d=mm&r=g\",\"contentUrl\":\"https:\/\/secure.gravatar.com\/avatar\/09f39449f14df8c3ad651888221bb907?s=96&d=mm&r=g\",\"caption\":\"microfilla\"},\"sameAs\":[\"https:\/\/microfilla.com\"],\"url\":\"https:\/\/alertdiver.eu\/fr_FR\/author\/microfilla\/\"}]}<\/script>\n<!-- \/ Yoast SEO plugin. -->","yoast_head_json":{"title":"Faites la rencontre des ambassadeurs DAN Europe en tourn\u00e9e pour sauvegarder nos oc\u00e9ans - Alert Diver","robots":{"index":"index","follow":"follow","max-snippet":"max-snippet:-1","max-image-preview":"max-image-preview:large","max-video-preview":"max-video-preview:-1"},"canonical":"https:\/\/alertdiver.eu\/fr_FR\/articles\/faites-la-rencontre-des-ambassadeurs-dan-europe-en-tournee-pour-sauvegarder-nos-oceans\/","og_locale":"fr_FR","og_type":"article","og_title":"Faites la rencontre des ambassadeurs DAN Europe en tourn\u00e9e pour sauvegarder nos oc\u00e9ans - Alert Diver","og_description":"La sant&eacute; de nos oc&eacute;ans, et de bien d&apos;autres &eacute;tendues d&apos;eau, est une des pr&eacute;occupations majeures de notre &eacute;poque. Le plastique, la surp&ecirc;che, les polluants...","og_url":"https:\/\/alertdiver.eu\/fr_FR\/articles\/faites-la-rencontre-des-ambassadeurs-dan-europe-en-tournee-pour-sauvegarder-nos-oceans\/","og_site_name":"Alert Diver","article_published_time":"2021-04-26T22:00:00+00:00","og_image":[{"width":2560,"height":1120,"url":"https:\/\/alertdiver.eu\/wp-content\/uploads\/2023\/06\/meet-the-dan-europe-ambassadors-touring-to-save-our-oceans-bannerweb-2560x1120-1.jpg","type":"image\/jpeg"}],"author":"microfilla","twitter_card":"summary_large_image","twitter_misc":{"\u00c9crit par":"microfilla","Dur\u00e9e de lecture estim\u00e9e":"9 minutes"},"schema":{"@context":"https:\/\/schema.org","@graph":[{"@type":"Article","@id":"https:\/\/alertdiver.eu\/fr_FR\/articles\/faites-la-rencontre-des-ambassadeurs-dan-europe-en-tournee-pour-sauvegarder-nos-oceans\/#article","isPartOf":{"@id":"https:\/\/alertdiver.eu\/fr_FR\/articles\/faites-la-rencontre-des-ambassadeurs-dan-europe-en-tournee-pour-sauvegarder-nos-oceans\/"},"author":{"name":"microfilla","@id":"https:\/\/alertdiver.eu\/fr_FR\/#\/schema\/person\/9ba7cb3f05522d75bf215ab2cf40b01b"},"headline":"Faites la rencontre des ambassadeurs DAN Europe en tourn\u00e9e pour sauvegarder nos oc\u00e9ans","datePublished":"2021-04-26T22:00:00+00:00","dateModified":"2021-04-26T22:00:00+00:00","mainEntityOfPage":{"@id":"https:\/\/alertdiver.eu\/fr_FR\/articles\/faites-la-rencontre-des-ambassadeurs-dan-europe-en-tournee-pour-sauvegarder-nos-oceans\/"},"wordCount":1823,"publisher":{"@id":"https:\/\/alertdiver.eu\/fr_FR\/#organization"},"image":{"@id":"https:\/\/alertdiver.eu\/fr_FR\/articles\/faites-la-rencontre-des-ambassadeurs-dan-europe-en-tournee-pour-sauvegarder-nos-oceans\/#primaryimage"},"thumbnailUrl":"https:\/\/alertdiver.eu\/wp-content\/uploads\/2023\/06\/meet-the-dan-europe-ambassadors-touring-to-save-our-oceans-bannerweb-2560x1120-1.jpg","keywords":["Profil des membres DAN"],"articleSection":["Articles"],"inLanguage":"fr-FR"},{"@type":"WebPage","@id":"https:\/\/alertdiver.eu\/fr_FR\/articles\/faites-la-rencontre-des-ambassadeurs-dan-europe-en-tournee-pour-sauvegarder-nos-oceans\/","url":"https:\/\/alertdiver.eu\/fr_FR\/articles\/faites-la-rencontre-des-ambassadeurs-dan-europe-en-tournee-pour-sauvegarder-nos-oceans\/","name":"Faites la rencontre des ambassadeurs DAN Europe en tourn\u00e9e pour sauvegarder nos oc\u00e9ans - Alert Diver","isPartOf":{"@id":"https:\/\/alertdiver.eu\/fr_FR\/#website"},"primaryImageOfPage":{"@id":"https:\/\/alertdiver.eu\/fr_FR\/articles\/faites-la-rencontre-des-ambassadeurs-dan-europe-en-tournee-pour-sauvegarder-nos-oceans\/#primaryimage"},"image":{"@id":"https:\/\/alertdiver.eu\/fr_FR\/articles\/faites-la-rencontre-des-ambassadeurs-dan-europe-en-tournee-pour-sauvegarder-nos-oceans\/#primaryimage"},"thumbnailUrl":"https:\/\/alertdiver.eu\/wp-content\/uploads\/2023\/06\/meet-the-dan-europe-ambassadors-touring-to-save-our-oceans-bannerweb-2560x1120-1.jpg","datePublished":"2021-04-26T22:00:00+00:00","dateModified":"2021-04-26T22:00:00+00:00","breadcrumb":{"@id":"https:\/\/alertdiver.eu\/fr_FR\/articles\/faites-la-rencontre-des-ambassadeurs-dan-europe-en-tournee-pour-sauvegarder-nos-oceans\/#breadcrumb"},"inLanguage":"fr-FR","potentialAction":[{"@type":"ReadAction","target":["https:\/\/alertdiver.eu\/fr_FR\/articles\/faites-la-rencontre-des-ambassadeurs-dan-europe-en-tournee-pour-sauvegarder-nos-oceans\/"]}]},{"@type":"ImageObject","inLanguage":"fr-FR","@id":"https:\/\/alertdiver.eu\/fr_FR\/articles\/faites-la-rencontre-des-ambassadeurs-dan-europe-en-tournee-pour-sauvegarder-nos-oceans\/#primaryimage","url":"https:\/\/alertdiver.eu\/wp-content\/uploads\/2023\/06\/meet-the-dan-europe-ambassadors-touring-to-save-our-oceans-bannerweb-2560x1120-1.jpg","contentUrl":"https:\/\/alertdiver.eu\/wp-content\/uploads\/2023\/06\/meet-the-dan-europe-ambassadors-touring-to-save-our-oceans-bannerweb-2560x1120-1.jpg","width":2560,"height":1120},{"@type":"BreadcrumbList","@id":"https:\/\/alertdiver.eu\/fr_FR\/articles\/faites-la-rencontre-des-ambassadeurs-dan-europe-en-tournee-pour-sauvegarder-nos-oceans\/#breadcrumb","itemListElement":[{"@type":"ListItem","position":1,"name":"Home","item":"https:\/\/alertdiver.eu\/fr_FR\/"},{"@type":"ListItem","position":2,"name":"Faites la rencontre des ambassadeurs DAN Europe en tourn\u00e9e pour sauvegarder nos oc\u00e9ans"}]},{"@type":"WebSite","@id":"https:\/\/alertdiver.eu\/fr_FR\/#website","url":"https:\/\/alertdiver.eu\/fr_FR\/","name":"Alert Diver Europe","description":"Access, discover and share the latest diving safety content from DAN Europe.","publisher":{"@id":"https:\/\/alertdiver.eu\/fr_FR\/#organization"},"potentialAction":[{"@type":"SearchAction","target":{"@type":"EntryPoint","urlTemplate":"https:\/\/alertdiver.eu\/fr_FR\/?s={search_term_string}"},"query-input":{"@type":"PropertyValueSpecification","valueRequired":true,"valueName":"search_term_string"}}],"inLanguage":"fr-FR"},{"@type":"Organization","@id":"https:\/\/alertdiver.eu\/fr_FR\/#organization","name":"Alert Diver Europe","url":"https:\/\/alertdiver.eu\/fr_FR\/","logo":{"@type":"ImageObject","inLanguage":"fr-FR","@id":"https:\/\/alertdiver.eu\/fr_FR\/#\/schema\/logo\/image\/","url":"https:\/\/alertdiver.eu\/wp-content\/uploads\/2023\/02\/cropped-favicon.png","contentUrl":"https:\/\/alertdiver.eu\/wp-content\/uploads\/2023\/02\/cropped-favicon.png","width":512,"height":512,"caption":"Alert Diver Europe"},"image":{"@id":"https:\/\/alertdiver.eu\/fr_FR\/#\/schema\/logo\/image\/"}},{"@type":"Person","@id":"https:\/\/alertdiver.eu\/fr_FR\/#\/schema\/person\/9ba7cb3f05522d75bf215ab2cf40b01b","name":"microfilla","image":{"@type":"ImageObject","inLanguage":"fr-FR","@id":"https:\/\/alertdiver.eu\/fr_FR\/#\/schema\/person\/image\/","url":"https:\/\/secure.gravatar.com\/avatar\/09f39449f14df8c3ad651888221bb907?s=96&d=mm&r=g","contentUrl":"https:\/\/secure.gravatar.com\/avatar\/09f39449f14df8c3ad651888221bb907?s=96&d=mm&r=g","caption":"microfilla"},"sameAs":["https:\/\/microfilla.com"],"url":"https:\/\/alertdiver.eu\/fr_FR\/author\/microfilla\/"}]}},"_links":{"self":[{"href":"https:\/\/alertdiver.eu\/fr_FR\/wp-json\/wp\/v2\/posts\/11383410","targetHints":{"allow":["GET"]}}],"collection":[{"href":"https:\/\/alertdiver.eu\/fr_FR\/wp-json\/wp\/v2\/posts"}],"about":[{"href":"https:\/\/alertdiver.eu\/fr_FR\/wp-json\/wp\/v2\/types\/post"}],"author":[{"embeddable":true,"href":"https:\/\/alertdiver.eu\/fr_FR\/wp-json\/wp\/v2\/users\/1"}],"replies":[{"embeddable":true,"href":"https:\/\/alertdiver.eu\/fr_FR\/wp-json\/wp\/v2\/comments?post=11383410"}],"version-history":[{"count":0,"href":"https:\/\/alertdiver.eu\/fr_FR\/wp-json\/wp\/v2\/posts\/11383410\/revisions"}],"wp:featuredmedia":[{"embeddable":true,"href":"https:\/\/alertdiver.eu\/fr_FR\/wp-json\/wp\/v2\/media\/11376528"}],"wp:attachment":[{"href":"https:\/\/alertdiver.eu\/fr_FR\/wp-json\/wp\/v2\/media?parent=11383410"}],"wp:term":[{"taxonomy":"category","embeddable":true,"href":"https:\/\/alertdiver.eu\/fr_FR\/wp-json\/wp\/v2\/categories?post=11383410"},{"taxonomy":"post_tag","embeddable":true,"href":"https:\/\/alertdiver.eu\/fr_FR\/wp-json\/wp\/v2\/tags?post=11383410"},{"taxonomy":"authors","embeddable":true,"href":"https:\/\/alertdiver.eu\/fr_FR\/wp-json\/wp\/v2\/authors?post=11383410"}],"curies":[{"name":"wp","href":"https:\/\/api.w.org\/{rel}","templated":true}]}}