{"id":11382350,"date":"2012-01-15T00:00:00","date_gmt":"2012-01-14T23:00:00","guid":{"rendered":"https:\/\/alertdiver.eu\/non-categorizzato\/a-formentera-regna-lapnea\/"},"modified":"2012-01-15T00:00:00","modified_gmt":"2012-01-14T23:00:00","slug":"a-formentera-regna-lapnea","status":"publish","type":"post","link":"https:\/\/alertdiver.eu\/it_IT\/articoli\/a-formentera-regna-lapnea\/","title":{"rendered":"A Formentera regna l&#8217;apnea!"},"content":{"rendered":"<p style=\"text-align: justify;\">Un workshop di apnea con Umberto Pelizzari: che eccellente opportunit\u00e0 per il nostro DSL (Diving Safety Laboratory) di raccogliere dati importanti per le nostre attivit\u00e0 di ricerca sull&rsquo;apnea! E un&rsquo;occasione per continuare a studiare un fenomeno che la comunit\u00e0 scientifica sta indagando da anni: il Taravana.<\/p>\n<p>Nell&rsquo;incantevole scenario delle Baleari, i nostri ricercatori hanno monitorato Umberto ed il suo staff, composto da istruttori Apnea Academy. Si sono concentrati nella ricerca di bolle silenti, per mezzo di esami ecocardiografici e doppler dopo ogni sessione di immersioni.<\/p>\n<p style=\"text-align: justify;\">Il dott. Danilo Cialoni ha sviluppato ed applicato un nuovo protocollo per la raccolta dati, specificamente elaborato per l&rsquo;apnea. Il monitoraggio iniziava sulle barche, continuava per alcuni minuti dopo ciascuna immersione, e fino a 90 minuti dopo l&rsquo;immersione.<\/p>\n<p style=\"text-align: justify;\">Il supporto logistico \u00e8 stato fornito dal centro immersioni Vellmari di Formentera. Gli istanti che precedono un&rsquo;immersione in apnea sono caratterizzati da un appassionante conto alla rovescia, un&rsquo;emozione che coinvolge anche il pubblico.<\/p>\n<p style=\"text-align: justify;\">Poi inizia la discesa. E&rsquo; un viaggio affascinante e silenzioso, durante il quale guardi dentro te stesso ed esplori le parti pi\u00f9 profonde della tua anima. &ldquo;In condizioni tanto particolari&rdquo; spiega il dott. Cialoni, &ldquo;il nostro corpo reagisce con una serie di modifiche nei sistemi cardiaco e polmonare. Opportunamente analizzate, queste modifiche ci permettono di approfondire la nostra comprensione di alcune patologie che possono colpire gli apneisti. Attualmente la nostra ricerca si concentra soprattutto sul Taravana (una specie di malattia da decompressione degli apneisti), le cui cause non sono ancora chiare. Inoltre, i dati raccolti in condizioni ambientali estreme, come sono quelle dell&rsquo;apnea, sono spesso utili per lo studio di patologie e disturbi comuni, come l&rsquo;edema polmonare, la sincope e l&rsquo;apnea del sonno&rdquo;.<\/p>\n<p style=\"text-align: justify;\">Con l&rsquo;analisi incrociata dei nostri dati e dei profili di immersione scaricati dai computer subacquei, i ricercatori stanno ottenendo preziose informazioni per lo studio del Taravana.<\/p>\n<p style=\"text-align: justify;\">La ricerca e l&rsquo;analisi dei dati continuer\u00e0 nelle prossime settimane, con i nostri ricercatori impegnati nello studio della squadra nazionale spagnola di pesca in apnea.<\/p>\n<p style=\"text-align: justify;\">Il nostro lavoro continua, e speriamo veramente di contribuire ad una migliore conoscenza del fenomeno.<\/p>\n<p style=\"text-align: justify;\">Auguriamo immersioni sicure a ciascuno di voi: trattenete il respiro, guardatevi dentro e scoprite il fantastico e silenzioso mondo interiore&hellip;<\/p>\n","protected":false},"excerpt":{"rendered":"<p>Un workshop di apnea con Umberto Pelizzari: che eccellente opportunit\u00e0 per il nostro DSL (Diving Safety Laboratory) di raccogliere dati importanti per le nostre attivit\u00e0&#8230;<\/p>\n","protected":false},"author":1,"featured_media":11373323,"comment_status":"closed","ping_status":"closed","sticky":false,"template":"","format":"standard","meta":{"_acf_changed":false,"footnotes":""},"categories":[382],"tags":[],"authors":[1457],"class_list":["post-11382350","post","type-post","status-publish","format-standard","has-post-thumbnail","hentry","category-articoli","authors-massimo-pieri-it_it"],"acf":[],"yoast_head":"<!-- This site is optimized with the Yoast SEO plugin v24.2 - https:\/\/yoast.com\/wordpress\/plugins\/seo\/ -->\n<title>A Formentera regna l&#039;apnea! - Alert Diver<\/title>\n<meta name=\"robots\" content=\"index, follow, max-snippet:-1, max-image-preview:large, max-video-preview:-1\" \/>\n<link rel=\"canonical\" href=\"https:\/\/alertdiver.eu\/it_IT\/articoli\/a-formentera-regna-lapnea\/\" \/>\n<meta property=\"og:locale\" content=\"it_IT\" \/>\n<meta property=\"og:type\" content=\"article\" \/>\n<meta property=\"og:title\" content=\"A Formentera regna l&#039;apnea! - Alert Diver\" \/>\n<meta property=\"og:description\" content=\"Un workshop di apnea con Umberto Pelizzari: che eccellente opportunit\u00e0 per il nostro DSL (Diving Safety Laboratory) di raccogliere dati importanti per le nostre attivit\u00e0...\" \/>\n<meta property=\"og:url\" content=\"https:\/\/alertdiver.eu\/it_IT\/articoli\/a-formentera-regna-lapnea\/\" \/>\n<meta property=\"og:site_name\" content=\"Alert Diver\" \/>\n<meta property=\"article:published_time\" content=\"2012-01-14T23:00:00+00:00\" \/>\n<meta property=\"og:image\" content=\"https:\/\/alertdiver.eu\/wp-content\/uploads\/2023\/06\/alert-diver-article-15.jpg\" \/>\n\t<meta property=\"og:image:width\" content=\"2000\" \/>\n\t<meta property=\"og:image:height\" content=\"1978\" \/>\n\t<meta property=\"og:image:type\" content=\"image\/jpeg\" \/>\n<meta name=\"author\" content=\"microfilla\" \/>\n<meta name=\"twitter:card\" content=\"summary_large_image\" \/>\n<meta name=\"twitter:label1\" content=\"Scritto da\" \/>\n\t<meta name=\"twitter:data1\" content=\"microfilla\" \/>\n\t<meta name=\"twitter:label2\" content=\"Tempo di lettura stimato\" \/>\n\t<meta name=\"twitter:data2\" content=\"2 minuti\" \/>\n<script type=\"application\/ld+json\" class=\"yoast-schema-graph\">{\"@context\":\"https:\/\/schema.org\",\"@graph\":[{\"@type\":\"Article\",\"@id\":\"https:\/\/alertdiver.eu\/it_IT\/articoli\/a-formentera-regna-lapnea\/#article\",\"isPartOf\":{\"@id\":\"https:\/\/alertdiver.eu\/it_IT\/articoli\/a-formentera-regna-lapnea\/\"},\"author\":{\"name\":\"microfilla\",\"@id\":\"https:\/\/alertdiver.eu\/it_IT\/#\/schema\/person\/9ba7cb3f05522d75bf215ab2cf40b01b\"},\"headline\":\"A Formentera regna l&#8217;apnea!\",\"datePublished\":\"2012-01-14T23:00:00+00:00\",\"dateModified\":\"2012-01-14T23:00:00+00:00\",\"mainEntityOfPage\":{\"@id\":\"https:\/\/alertdiver.eu\/it_IT\/articoli\/a-formentera-regna-lapnea\/\"},\"wordCount\":398,\"publisher\":{\"@id\":\"https:\/\/alertdiver.eu\/it_IT\/#organization\"},\"image\":{\"@id\":\"https:\/\/alertdiver.eu\/it_IT\/articoli\/a-formentera-regna-lapnea\/#primaryimage\"},\"thumbnailUrl\":\"https:\/\/alertdiver.eu\/wp-content\/uploads\/2023\/06\/alert-diver-article-15.jpg\",\"articleSection\":[\"Articoli\"],\"inLanguage\":\"it-IT\"},{\"@type\":\"WebPage\",\"@id\":\"https:\/\/alertdiver.eu\/it_IT\/articoli\/a-formentera-regna-lapnea\/\",\"url\":\"https:\/\/alertdiver.eu\/it_IT\/articoli\/a-formentera-regna-lapnea\/\",\"name\":\"A Formentera regna l'apnea! - Alert Diver\",\"isPartOf\":{\"@id\":\"https:\/\/alertdiver.eu\/it_IT\/#website\"},\"primaryImageOfPage\":{\"@id\":\"https:\/\/alertdiver.eu\/it_IT\/articoli\/a-formentera-regna-lapnea\/#primaryimage\"},\"image\":{\"@id\":\"https:\/\/alertdiver.eu\/it_IT\/articoli\/a-formentera-regna-lapnea\/#primaryimage\"},\"thumbnailUrl\":\"https:\/\/alertdiver.eu\/wp-content\/uploads\/2023\/06\/alert-diver-article-15.jpg\",\"datePublished\":\"2012-01-14T23:00:00+00:00\",\"dateModified\":\"2012-01-14T23:00:00+00:00\",\"breadcrumb\":{\"@id\":\"https:\/\/alertdiver.eu\/it_IT\/articoli\/a-formentera-regna-lapnea\/#breadcrumb\"},\"inLanguage\":\"it-IT\",\"potentialAction\":[{\"@type\":\"ReadAction\",\"target\":[\"https:\/\/alertdiver.eu\/it_IT\/articoli\/a-formentera-regna-lapnea\/\"]}]},{\"@type\":\"ImageObject\",\"inLanguage\":\"it-IT\",\"@id\":\"https:\/\/alertdiver.eu\/it_IT\/articoli\/a-formentera-regna-lapnea\/#primaryimage\",\"url\":\"https:\/\/alertdiver.eu\/wp-content\/uploads\/2023\/06\/alert-diver-article-15.jpg\",\"contentUrl\":\"https:\/\/alertdiver.eu\/wp-content\/uploads\/2023\/06\/alert-diver-article-15.jpg\",\"width\":2000,\"height\":1978},{\"@type\":\"BreadcrumbList\",\"@id\":\"https:\/\/alertdiver.eu\/it_IT\/articoli\/a-formentera-regna-lapnea\/#breadcrumb\",\"itemListElement\":[{\"@type\":\"ListItem\",\"position\":1,\"name\":\"Home\",\"item\":\"https:\/\/alertdiver.eu\/it_IT\/\"},{\"@type\":\"ListItem\",\"position\":2,\"name\":\"A Formentera regna l&#8217;apnea!\"}]},{\"@type\":\"WebSite\",\"@id\":\"https:\/\/alertdiver.eu\/it_IT\/#website\",\"url\":\"https:\/\/alertdiver.eu\/it_IT\/\",\"name\":\"Alert Diver Europe\",\"description\":\"Access, discover and share the latest diving safety content from DAN Europe.\",\"publisher\":{\"@id\":\"https:\/\/alertdiver.eu\/it_IT\/#organization\"},\"potentialAction\":[{\"@type\":\"SearchAction\",\"target\":{\"@type\":\"EntryPoint\",\"urlTemplate\":\"https:\/\/alertdiver.eu\/it_IT\/?s={search_term_string}\"},\"query-input\":{\"@type\":\"PropertyValueSpecification\",\"valueRequired\":true,\"valueName\":\"search_term_string\"}}],\"inLanguage\":\"it-IT\"},{\"@type\":\"Organization\",\"@id\":\"https:\/\/alertdiver.eu\/it_IT\/#organization\",\"name\":\"Alert Diver Europe\",\"url\":\"https:\/\/alertdiver.eu\/it_IT\/\",\"logo\":{\"@type\":\"ImageObject\",\"inLanguage\":\"it-IT\",\"@id\":\"https:\/\/alertdiver.eu\/it_IT\/#\/schema\/logo\/image\/\",\"url\":\"https:\/\/alertdiver.eu\/wp-content\/uploads\/2023\/02\/cropped-favicon.png\",\"contentUrl\":\"https:\/\/alertdiver.eu\/wp-content\/uploads\/2023\/02\/cropped-favicon.png\",\"width\":512,\"height\":512,\"caption\":\"Alert Diver Europe\"},\"image\":{\"@id\":\"https:\/\/alertdiver.eu\/it_IT\/#\/schema\/logo\/image\/\"}},{\"@type\":\"Person\",\"@id\":\"https:\/\/alertdiver.eu\/it_IT\/#\/schema\/person\/9ba7cb3f05522d75bf215ab2cf40b01b\",\"name\":\"microfilla\",\"image\":{\"@type\":\"ImageObject\",\"inLanguage\":\"it-IT\",\"@id\":\"https:\/\/alertdiver.eu\/it_IT\/#\/schema\/person\/image\/\",\"url\":\"https:\/\/secure.gravatar.com\/avatar\/09f39449f14df8c3ad651888221bb907?s=96&d=mm&r=g\",\"contentUrl\":\"https:\/\/secure.gravatar.com\/avatar\/09f39449f14df8c3ad651888221bb907?s=96&d=mm&r=g\",\"caption\":\"microfilla\"},\"sameAs\":[\"https:\/\/microfilla.com\"],\"url\":\"https:\/\/alertdiver.eu\/it_IT\/author\/microfilla\/\"}]}<\/script>\n<!-- \/ Yoast SEO plugin. -->","yoast_head_json":{"title":"A Formentera regna l'apnea! - Alert Diver","robots":{"index":"index","follow":"follow","max-snippet":"max-snippet:-1","max-image-preview":"max-image-preview:large","max-video-preview":"max-video-preview:-1"},"canonical":"https:\/\/alertdiver.eu\/it_IT\/articoli\/a-formentera-regna-lapnea\/","og_locale":"it_IT","og_type":"article","og_title":"A Formentera regna l'apnea! - Alert Diver","og_description":"Un workshop di apnea con Umberto Pelizzari: che eccellente opportunit\u00e0 per il nostro DSL (Diving Safety Laboratory) di raccogliere dati importanti per le nostre attivit\u00e0...","og_url":"https:\/\/alertdiver.eu\/it_IT\/articoli\/a-formentera-regna-lapnea\/","og_site_name":"Alert Diver","article_published_time":"2012-01-14T23:00:00+00:00","og_image":[{"width":2000,"height":1978,"url":"https:\/\/alertdiver.eu\/wp-content\/uploads\/2023\/06\/alert-diver-article-15.jpg","type":"image\/jpeg"}],"author":"microfilla","twitter_card":"summary_large_image","twitter_misc":{"Scritto da":"microfilla","Tempo di lettura stimato":"2 minuti"},"schema":{"@context":"https:\/\/schema.org","@graph":[{"@type":"Article","@id":"https:\/\/alertdiver.eu\/it_IT\/articoli\/a-formentera-regna-lapnea\/#article","isPartOf":{"@id":"https:\/\/alertdiver.eu\/it_IT\/articoli\/a-formentera-regna-lapnea\/"},"author":{"name":"microfilla","@id":"https:\/\/alertdiver.eu\/it_IT\/#\/schema\/person\/9ba7cb3f05522d75bf215ab2cf40b01b"},"headline":"A Formentera regna l&#8217;apnea!","datePublished":"2012-01-14T23:00:00+00:00","dateModified":"2012-01-14T23:00:00+00:00","mainEntityOfPage":{"@id":"https:\/\/alertdiver.eu\/it_IT\/articoli\/a-formentera-regna-lapnea\/"},"wordCount":398,"publisher":{"@id":"https:\/\/alertdiver.eu\/it_IT\/#organization"},"image":{"@id":"https:\/\/alertdiver.eu\/it_IT\/articoli\/a-formentera-regna-lapnea\/#primaryimage"},"thumbnailUrl":"https:\/\/alertdiver.eu\/wp-content\/uploads\/2023\/06\/alert-diver-article-15.jpg","articleSection":["Articoli"],"inLanguage":"it-IT"},{"@type":"WebPage","@id":"https:\/\/alertdiver.eu\/it_IT\/articoli\/a-formentera-regna-lapnea\/","url":"https:\/\/alertdiver.eu\/it_IT\/articoli\/a-formentera-regna-lapnea\/","name":"A Formentera regna l'apnea! - Alert Diver","isPartOf":{"@id":"https:\/\/alertdiver.eu\/it_IT\/#website"},"primaryImageOfPage":{"@id":"https:\/\/alertdiver.eu\/it_IT\/articoli\/a-formentera-regna-lapnea\/#primaryimage"},"image":{"@id":"https:\/\/alertdiver.eu\/it_IT\/articoli\/a-formentera-regna-lapnea\/#primaryimage"},"thumbnailUrl":"https:\/\/alertdiver.eu\/wp-content\/uploads\/2023\/06\/alert-diver-article-15.jpg","datePublished":"2012-01-14T23:00:00+00:00","dateModified":"2012-01-14T23:00:00+00:00","breadcrumb":{"@id":"https:\/\/alertdiver.eu\/it_IT\/articoli\/a-formentera-regna-lapnea\/#breadcrumb"},"inLanguage":"it-IT","potentialAction":[{"@type":"ReadAction","target":["https:\/\/alertdiver.eu\/it_IT\/articoli\/a-formentera-regna-lapnea\/"]}]},{"@type":"ImageObject","inLanguage":"it-IT","@id":"https:\/\/alertdiver.eu\/it_IT\/articoli\/a-formentera-regna-lapnea\/#primaryimage","url":"https:\/\/alertdiver.eu\/wp-content\/uploads\/2023\/06\/alert-diver-article-15.jpg","contentUrl":"https:\/\/alertdiver.eu\/wp-content\/uploads\/2023\/06\/alert-diver-article-15.jpg","width":2000,"height":1978},{"@type":"BreadcrumbList","@id":"https:\/\/alertdiver.eu\/it_IT\/articoli\/a-formentera-regna-lapnea\/#breadcrumb","itemListElement":[{"@type":"ListItem","position":1,"name":"Home","item":"https:\/\/alertdiver.eu\/it_IT\/"},{"@type":"ListItem","position":2,"name":"A Formentera regna l&#8217;apnea!"}]},{"@type":"WebSite","@id":"https:\/\/alertdiver.eu\/it_IT\/#website","url":"https:\/\/alertdiver.eu\/it_IT\/","name":"Alert Diver Europe","description":"Access, discover and share the latest diving safety content from DAN Europe.","publisher":{"@id":"https:\/\/alertdiver.eu\/it_IT\/#organization"},"potentialAction":[{"@type":"SearchAction","target":{"@type":"EntryPoint","urlTemplate":"https:\/\/alertdiver.eu\/it_IT\/?s={search_term_string}"},"query-input":{"@type":"PropertyValueSpecification","valueRequired":true,"valueName":"search_term_string"}}],"inLanguage":"it-IT"},{"@type":"Organization","@id":"https:\/\/alertdiver.eu\/it_IT\/#organization","name":"Alert Diver Europe","url":"https:\/\/alertdiver.eu\/it_IT\/","logo":{"@type":"ImageObject","inLanguage":"it-IT","@id":"https:\/\/alertdiver.eu\/it_IT\/#\/schema\/logo\/image\/","url":"https:\/\/alertdiver.eu\/wp-content\/uploads\/2023\/02\/cropped-favicon.png","contentUrl":"https:\/\/alertdiver.eu\/wp-content\/uploads\/2023\/02\/cropped-favicon.png","width":512,"height":512,"caption":"Alert Diver Europe"},"image":{"@id":"https:\/\/alertdiver.eu\/it_IT\/#\/schema\/logo\/image\/"}},{"@type":"Person","@id":"https:\/\/alertdiver.eu\/it_IT\/#\/schema\/person\/9ba7cb3f05522d75bf215ab2cf40b01b","name":"microfilla","image":{"@type":"ImageObject","inLanguage":"it-IT","@id":"https:\/\/alertdiver.eu\/it_IT\/#\/schema\/person\/image\/","url":"https:\/\/secure.gravatar.com\/avatar\/09f39449f14df8c3ad651888221bb907?s=96&d=mm&r=g","contentUrl":"https:\/\/secure.gravatar.com\/avatar\/09f39449f14df8c3ad651888221bb907?s=96&d=mm&r=g","caption":"microfilla"},"sameAs":["https:\/\/microfilla.com"],"url":"https:\/\/alertdiver.eu\/it_IT\/author\/microfilla\/"}]}},"_links":{"self":[{"href":"https:\/\/alertdiver.eu\/it_IT\/wp-json\/wp\/v2\/posts\/11382350","targetHints":{"allow":["GET"]}}],"collection":[{"href":"https:\/\/alertdiver.eu\/it_IT\/wp-json\/wp\/v2\/posts"}],"about":[{"href":"https:\/\/alertdiver.eu\/it_IT\/wp-json\/wp\/v2\/types\/post"}],"author":[{"embeddable":true,"href":"https:\/\/alertdiver.eu\/it_IT\/wp-json\/wp\/v2\/users\/1"}],"replies":[{"embeddable":true,"href":"https:\/\/alertdiver.eu\/it_IT\/wp-json\/wp\/v2\/comments?post=11382350"}],"version-history":[{"count":0,"href":"https:\/\/alertdiver.eu\/it_IT\/wp-json\/wp\/v2\/posts\/11382350\/revisions"}],"wp:featuredmedia":[{"embeddable":true,"href":"https:\/\/alertdiver.eu\/it_IT\/wp-json\/wp\/v2\/media\/11373323"}],"wp:attachment":[{"href":"https:\/\/alertdiver.eu\/it_IT\/wp-json\/wp\/v2\/media?parent=11382350"}],"wp:term":[{"taxonomy":"category","embeddable":true,"href":"https:\/\/alertdiver.eu\/it_IT\/wp-json\/wp\/v2\/categories?post=11382350"},{"taxonomy":"post_tag","embeddable":true,"href":"https:\/\/alertdiver.eu\/it_IT\/wp-json\/wp\/v2\/tags?post=11382350"},{"taxonomy":"authors","embeddable":true,"href":"https:\/\/alertdiver.eu\/it_IT\/wp-json\/wp\/v2\/authors?post=11382350"}],"curies":[{"name":"wp","href":"https:\/\/api.w.org\/{rel}","templated":true}]}}