{"id":11382376,"date":"2011-07-15T00:00:00","date_gmt":"2011-07-14T22:00:00","guid":{"rendered":"https:\/\/alertdiver.eu\/non-categorizzato\/in-memoriam-patrick-musimu\/"},"modified":"2011-07-15T00:00:00","modified_gmt":"2011-07-14T22:00:00","slug":"in-memoriam-patrick-musimu","status":"publish","type":"post","link":"https:\/\/alertdiver.eu\/it_IT\/articoli\/in-memoriam-patrick-musimu\/","title":{"rendered":"In memoriam Patrick Musimu"},"content":{"rendered":"<p>Il mondo dell&rsquo;apnea, e della subacquea in generale, piange la morte di Patrick Musimu. Uno sportivo eccezionale e fonte di ispirazione, il primo e unico essere umano a immergersi oltre la barriera dei 200 metri senza ausili di respirazione artificiale. Chi lo ha conosciuto ne ha apprezzato le grandi doti umane e professionali. Da parte nostra, siamo onorati di aver potuto collaborare con lui a diversi progetti di ricerca condotti dal DAN Research. Voleva aiutarci a rendere questo meraviglioso sport ancora pi\u00f9 sicuro.<br \/>Questo numero di Alert Diver \u00e8 dedicato a Patrick.<br \/><em>&ldquo;Citando sua moglie Isabel: &lsquo;Patrick era un diamante, un diamante cos\u00ec puro, cos\u00ec luminoso da non poter essere paragonato a nient&rsquo;altro&rsquo;. Sono stato testimone dello spirito luminoso, della mente dai pensieri profondi di Patrick, coperti e forse protetti da un atteggiamento riservato. <br \/>Abbiamo avuto lunghe discussioni sulla fisiologia dell&rsquo;apnea, all&rsquo;insegna di un sincero, reciproco rispetto. Il suo master in fisioterapia \u00e8 stato di grande interesse nella sua ricerca di comprensione. Abbiamo parlato molto spesso dei noti problemi di compensazione dell&rsquo;orecchio sperimentati dagli apneisti che vogliono scendere al di sotto dei 90 metri, come il &lsquo;riempimento della bocca&rsquo;, l&rsquo;allagamento delle narici e dell&rsquo;orecchio medio, e naturalmente finimmo per testarli attraverso la Risonanza Magnetica Tomografica (RMT) e una relazione scientifica. Patrick ha partecipato a diversi lavori scientifici del DAN Research come membro della Task Force Apnea del DAN Europe, sempre pronto, sempre entusiasta, sempre prendendo parte reale alla redazione dei lavori scientifici (1). <br \/>Si dice che un subacqueo si immerga in mare per guardarsi intorno&#8230; Al contrario, un apneista va sott&rsquo;acqua per guardarsi dentro&#8230;<br \/>Capisco perch\u00e9&#8230; Nel tuo caso la parte pi\u00f9 interessante era quella interiore, e questa parte era anche la pi\u00f9 profonda. Si pu\u00f2 misurare il valore di un uomo guardando quello che ha lasciato dietro di s\u00e9. Hai gi\u00e0 fatto molte cose per aiutare gli altri, ma per rispettare la tua discrezione ne citer\u00f2 soltanto una: il tuo sostegno a un&rsquo;organizzazione che si occupa dei ragazzi di strada e il centro giovanile a Kinshasa che hai aiutato a costruire, e che porter\u00e0 il tuo nome.<br \/>Posso dire con certezza che, nel tuo caso, il diamante \u00e8 andato via ma la luce del suo splendore rester\u00e0 per sempre, dando coraggio a Isabel e alla tua piccola Maeva di 6 anni.<br \/>Your friend &lsquo;Prof&rsquo;, Costantino Balestra&rdquo;<br \/><\/em>(Vice-President Research &amp; Education &#8211; Area Director DAN Europe Benelux &amp; France)<\/p>\n<p><em><br \/>&ldquo;La notizia della morte di Patrick mi ha scioccato e profondamente addolorato per vari motivi. L&rsquo;ho conosciuto inizialmente attraverso una semplice conversazione telefonica, a causa di questioni amministrative del DAN. Avevo subito avuto l&rsquo;impressione di una persona genuina; sapevo che per le sue incredibili prodezze subacquee era stato catapultato a una fama mondiale, ma dopo averci parlato sono rimasto alquanto sorpreso dalla sua semplice, concreta umilt\u00e0: un tratto del suo carattere che ho molto ammirato. E&rsquo; morto come \u00e8 vissuto!<br \/>Patrick, posso solo augurarti di continuare a inseguire i tuoi sogni ed estendere i tuoi limiti, trovando te stesso nella prossima fase.<br \/><\/em>(Michael, Membership Dept.)<\/p>\n<p><em><br \/>&ldquo;Il primo incontro con Patrick \u00e8 stato a Milano nel 2007, presentati da un amico comune, il Professor Balestra del DAN Research. Ero cos\u00ec emozionata di avere finalmente l&rsquo;occasione di conoscere il famoso apneista&#8230; Si \u00e8 rivelata una delle persone pi\u00f9 gentili, amichevoli e belle che abbia mai conosciuto. Voglio solo abbracciare tutta la sua famiglia e dire loro di essere forti in un momento tanto difficile.<br \/>Addio amico mio&#8230;&rdquo;<br \/><\/em>(Francesca, Research Division)<\/p>\n<p><em><br \/>&ldquo;Caro Patrick,<br \/>custodiremo sempre dentro di noi il tuo esempio, la tua passione, la tua personalit\u00e0&#8230; Addio campione!&rdquo;<br \/><\/em>(Massimo Pieri, Danilo Cialoni, Research Division)<\/p>\n<p><em>&ldquo;Non ho avuto l&rsquo;occasione di incontrare Patrick di persona, ma abbiamo avuto uno scambio di e-mail, generato dalla mia curiosit\u00e0 per il suo particolare modo di compensare. Riposa in pace. Custodir\u00f2 la sua memoria e le sue parole:<br \/>&#8211; &lsquo;Niente \u00e8 assoluto. Ridefinisci le idee, ridefinisci te stesso. Le barriere si trovano nella tua mente. Non accettare limiti!&rsquo; &rdquo;<\/em><br \/>(Ramon Verdaguer, DAN Trainer and Research Technician)<\/p>\n","protected":false},"excerpt":{"rendered":"<p>Il mondo dell&rsquo;apnea, e della subacquea in generale, piange la morte di Patrick Musimu. Uno sportivo eccezionale e fonte di ispirazione, il primo e unico&#8230;<\/p>\n","protected":false},"author":1,"featured_media":0,"comment_status":"closed","ping_status":"closed","sticky":false,"template":"","format":"standard","meta":{"_acf_changed":false,"footnotes":""},"categories":[382],"tags":[],"authors":[859],"class_list":["post-11382376","post","type-post","status-publish","format-standard","hentry","category-articoli","authors-dan-europe-staff-it_it"],"acf":[],"yoast_head":"<!-- This site is optimized with the Yoast SEO plugin v24.2 - https:\/\/yoast.com\/wordpress\/plugins\/seo\/ -->\n<title>In memoriam Patrick Musimu - Alert Diver<\/title>\n<meta name=\"robots\" content=\"index, follow, max-snippet:-1, max-image-preview:large, max-video-preview:-1\" \/>\n<link rel=\"canonical\" href=\"https:\/\/alertdiver.eu\/it_IT\/articoli\/in-memoriam-patrick-musimu\/\" \/>\n<meta property=\"og:locale\" content=\"it_IT\" \/>\n<meta property=\"og:type\" content=\"article\" \/>\n<meta property=\"og:title\" content=\"In memoriam Patrick Musimu - Alert Diver\" \/>\n<meta property=\"og:description\" content=\"Il mondo dell&rsquo;apnea, e della subacquea in generale, piange la morte di Patrick Musimu. Uno sportivo eccezionale e fonte di ispirazione, il primo e unico...\" \/>\n<meta property=\"og:url\" content=\"https:\/\/alertdiver.eu\/it_IT\/articoli\/in-memoriam-patrick-musimu\/\" \/>\n<meta property=\"og:site_name\" content=\"Alert Diver\" \/>\n<meta property=\"article:published_time\" content=\"2011-07-14T22:00:00+00:00\" \/>\n<meta name=\"author\" content=\"microfilla\" \/>\n<meta name=\"twitter:card\" content=\"summary_large_image\" \/>\n<meta name=\"twitter:label1\" content=\"Scritto da\" \/>\n\t<meta name=\"twitter:data1\" content=\"microfilla\" \/>\n\t<meta name=\"twitter:label2\" content=\"Tempo di lettura stimato\" \/>\n\t<meta name=\"twitter:data2\" content=\"3 minuti\" \/>\n<script type=\"application\/ld+json\" class=\"yoast-schema-graph\">{\"@context\":\"https:\/\/schema.org\",\"@graph\":[{\"@type\":\"Article\",\"@id\":\"https:\/\/alertdiver.eu\/it_IT\/articoli\/in-memoriam-patrick-musimu\/#article\",\"isPartOf\":{\"@id\":\"https:\/\/alertdiver.eu\/it_IT\/articoli\/in-memoriam-patrick-musimu\/\"},\"author\":{\"name\":\"microfilla\",\"@id\":\"https:\/\/alertdiver.eu\/it_IT\/#\/schema\/person\/9ba7cb3f05522d75bf215ab2cf40b01b\"},\"headline\":\"In memoriam Patrick Musimu\",\"datePublished\":\"2011-07-14T22:00:00+00:00\",\"dateModified\":\"2011-07-14T22:00:00+00:00\",\"mainEntityOfPage\":{\"@id\":\"https:\/\/alertdiver.eu\/it_IT\/articoli\/in-memoriam-patrick-musimu\/\"},\"wordCount\":702,\"publisher\":{\"@id\":\"https:\/\/alertdiver.eu\/it_IT\/#organization\"},\"articleSection\":[\"Articoli\"],\"inLanguage\":\"it-IT\"},{\"@type\":\"WebPage\",\"@id\":\"https:\/\/alertdiver.eu\/it_IT\/articoli\/in-memoriam-patrick-musimu\/\",\"url\":\"https:\/\/alertdiver.eu\/it_IT\/articoli\/in-memoriam-patrick-musimu\/\",\"name\":\"In memoriam Patrick Musimu - Alert Diver\",\"isPartOf\":{\"@id\":\"https:\/\/alertdiver.eu\/it_IT\/#website\"},\"datePublished\":\"2011-07-14T22:00:00+00:00\",\"dateModified\":\"2011-07-14T22:00:00+00:00\",\"breadcrumb\":{\"@id\":\"https:\/\/alertdiver.eu\/it_IT\/articoli\/in-memoriam-patrick-musimu\/#breadcrumb\"},\"inLanguage\":\"it-IT\",\"potentialAction\":[{\"@type\":\"ReadAction\",\"target\":[\"https:\/\/alertdiver.eu\/it_IT\/articoli\/in-memoriam-patrick-musimu\/\"]}]},{\"@type\":\"BreadcrumbList\",\"@id\":\"https:\/\/alertdiver.eu\/it_IT\/articoli\/in-memoriam-patrick-musimu\/#breadcrumb\",\"itemListElement\":[{\"@type\":\"ListItem\",\"position\":1,\"name\":\"Home\",\"item\":\"https:\/\/alertdiver.eu\/it_IT\/\"},{\"@type\":\"ListItem\",\"position\":2,\"name\":\"In memoriam Patrick Musimu\"}]},{\"@type\":\"WebSite\",\"@id\":\"https:\/\/alertdiver.eu\/it_IT\/#website\",\"url\":\"https:\/\/alertdiver.eu\/it_IT\/\",\"name\":\"Alert Diver Europe\",\"description\":\"Access, discover and share the latest diving safety content from DAN Europe.\",\"publisher\":{\"@id\":\"https:\/\/alertdiver.eu\/it_IT\/#organization\"},\"potentialAction\":[{\"@type\":\"SearchAction\",\"target\":{\"@type\":\"EntryPoint\",\"urlTemplate\":\"https:\/\/alertdiver.eu\/it_IT\/?s={search_term_string}\"},\"query-input\":{\"@type\":\"PropertyValueSpecification\",\"valueRequired\":true,\"valueName\":\"search_term_string\"}}],\"inLanguage\":\"it-IT\"},{\"@type\":\"Organization\",\"@id\":\"https:\/\/alertdiver.eu\/it_IT\/#organization\",\"name\":\"Alert Diver Europe\",\"url\":\"https:\/\/alertdiver.eu\/it_IT\/\",\"logo\":{\"@type\":\"ImageObject\",\"inLanguage\":\"it-IT\",\"@id\":\"https:\/\/alertdiver.eu\/it_IT\/#\/schema\/logo\/image\/\",\"url\":\"https:\/\/alertdiver.eu\/wp-content\/uploads\/2023\/02\/cropped-favicon.png\",\"contentUrl\":\"https:\/\/alertdiver.eu\/wp-content\/uploads\/2023\/02\/cropped-favicon.png\",\"width\":512,\"height\":512,\"caption\":\"Alert Diver Europe\"},\"image\":{\"@id\":\"https:\/\/alertdiver.eu\/it_IT\/#\/schema\/logo\/image\/\"}},{\"@type\":\"Person\",\"@id\":\"https:\/\/alertdiver.eu\/it_IT\/#\/schema\/person\/9ba7cb3f05522d75bf215ab2cf40b01b\",\"name\":\"microfilla\",\"image\":{\"@type\":\"ImageObject\",\"inLanguage\":\"it-IT\",\"@id\":\"https:\/\/alertdiver.eu\/it_IT\/#\/schema\/person\/image\/\",\"url\":\"https:\/\/secure.gravatar.com\/avatar\/09f39449f14df8c3ad651888221bb907?s=96&d=mm&r=g\",\"contentUrl\":\"https:\/\/secure.gravatar.com\/avatar\/09f39449f14df8c3ad651888221bb907?s=96&d=mm&r=g\",\"caption\":\"microfilla\"},\"sameAs\":[\"https:\/\/microfilla.com\"],\"url\":\"https:\/\/alertdiver.eu\/it_IT\/author\/microfilla\/\"}]}<\/script>\n<!-- \/ Yoast SEO plugin. -->","yoast_head_json":{"title":"In memoriam Patrick Musimu - Alert Diver","robots":{"index":"index","follow":"follow","max-snippet":"max-snippet:-1","max-image-preview":"max-image-preview:large","max-video-preview":"max-video-preview:-1"},"canonical":"https:\/\/alertdiver.eu\/it_IT\/articoli\/in-memoriam-patrick-musimu\/","og_locale":"it_IT","og_type":"article","og_title":"In memoriam Patrick Musimu - Alert Diver","og_description":"Il mondo dell&rsquo;apnea, e della subacquea in generale, piange la morte di Patrick Musimu. Uno sportivo eccezionale e fonte di ispirazione, il primo e unico...","og_url":"https:\/\/alertdiver.eu\/it_IT\/articoli\/in-memoriam-patrick-musimu\/","og_site_name":"Alert Diver","article_published_time":"2011-07-14T22:00:00+00:00","author":"microfilla","twitter_card":"summary_large_image","twitter_misc":{"Scritto da":"microfilla","Tempo di lettura stimato":"3 minuti"},"schema":{"@context":"https:\/\/schema.org","@graph":[{"@type":"Article","@id":"https:\/\/alertdiver.eu\/it_IT\/articoli\/in-memoriam-patrick-musimu\/#article","isPartOf":{"@id":"https:\/\/alertdiver.eu\/it_IT\/articoli\/in-memoriam-patrick-musimu\/"},"author":{"name":"microfilla","@id":"https:\/\/alertdiver.eu\/it_IT\/#\/schema\/person\/9ba7cb3f05522d75bf215ab2cf40b01b"},"headline":"In memoriam Patrick Musimu","datePublished":"2011-07-14T22:00:00+00:00","dateModified":"2011-07-14T22:00:00+00:00","mainEntityOfPage":{"@id":"https:\/\/alertdiver.eu\/it_IT\/articoli\/in-memoriam-patrick-musimu\/"},"wordCount":702,"publisher":{"@id":"https:\/\/alertdiver.eu\/it_IT\/#organization"},"articleSection":["Articoli"],"inLanguage":"it-IT"},{"@type":"WebPage","@id":"https:\/\/alertdiver.eu\/it_IT\/articoli\/in-memoriam-patrick-musimu\/","url":"https:\/\/alertdiver.eu\/it_IT\/articoli\/in-memoriam-patrick-musimu\/","name":"In memoriam Patrick Musimu - Alert Diver","isPartOf":{"@id":"https:\/\/alertdiver.eu\/it_IT\/#website"},"datePublished":"2011-07-14T22:00:00+00:00","dateModified":"2011-07-14T22:00:00+00:00","breadcrumb":{"@id":"https:\/\/alertdiver.eu\/it_IT\/articoli\/in-memoriam-patrick-musimu\/#breadcrumb"},"inLanguage":"it-IT","potentialAction":[{"@type":"ReadAction","target":["https:\/\/alertdiver.eu\/it_IT\/articoli\/in-memoriam-patrick-musimu\/"]}]},{"@type":"BreadcrumbList","@id":"https:\/\/alertdiver.eu\/it_IT\/articoli\/in-memoriam-patrick-musimu\/#breadcrumb","itemListElement":[{"@type":"ListItem","position":1,"name":"Home","item":"https:\/\/alertdiver.eu\/it_IT\/"},{"@type":"ListItem","position":2,"name":"In memoriam Patrick Musimu"}]},{"@type":"WebSite","@id":"https:\/\/alertdiver.eu\/it_IT\/#website","url":"https:\/\/alertdiver.eu\/it_IT\/","name":"Alert Diver Europe","description":"Access, discover and share the latest diving safety content from DAN Europe.","publisher":{"@id":"https:\/\/alertdiver.eu\/it_IT\/#organization"},"potentialAction":[{"@type":"SearchAction","target":{"@type":"EntryPoint","urlTemplate":"https:\/\/alertdiver.eu\/it_IT\/?s={search_term_string}"},"query-input":{"@type":"PropertyValueSpecification","valueRequired":true,"valueName":"search_term_string"}}],"inLanguage":"it-IT"},{"@type":"Organization","@id":"https:\/\/alertdiver.eu\/it_IT\/#organization","name":"Alert Diver Europe","url":"https:\/\/alertdiver.eu\/it_IT\/","logo":{"@type":"ImageObject","inLanguage":"it-IT","@id":"https:\/\/alertdiver.eu\/it_IT\/#\/schema\/logo\/image\/","url":"https:\/\/alertdiver.eu\/wp-content\/uploads\/2023\/02\/cropped-favicon.png","contentUrl":"https:\/\/alertdiver.eu\/wp-content\/uploads\/2023\/02\/cropped-favicon.png","width":512,"height":512,"caption":"Alert Diver Europe"},"image":{"@id":"https:\/\/alertdiver.eu\/it_IT\/#\/schema\/logo\/image\/"}},{"@type":"Person","@id":"https:\/\/alertdiver.eu\/it_IT\/#\/schema\/person\/9ba7cb3f05522d75bf215ab2cf40b01b","name":"microfilla","image":{"@type":"ImageObject","inLanguage":"it-IT","@id":"https:\/\/alertdiver.eu\/it_IT\/#\/schema\/person\/image\/","url":"https:\/\/secure.gravatar.com\/avatar\/09f39449f14df8c3ad651888221bb907?s=96&d=mm&r=g","contentUrl":"https:\/\/secure.gravatar.com\/avatar\/09f39449f14df8c3ad651888221bb907?s=96&d=mm&r=g","caption":"microfilla"},"sameAs":["https:\/\/microfilla.com"],"url":"https:\/\/alertdiver.eu\/it_IT\/author\/microfilla\/"}]}},"_links":{"self":[{"href":"https:\/\/alertdiver.eu\/it_IT\/wp-json\/wp\/v2\/posts\/11382376","targetHints":{"allow":["GET"]}}],"collection":[{"href":"https:\/\/alertdiver.eu\/it_IT\/wp-json\/wp\/v2\/posts"}],"about":[{"href":"https:\/\/alertdiver.eu\/it_IT\/wp-json\/wp\/v2\/types\/post"}],"author":[{"embeddable":true,"href":"https:\/\/alertdiver.eu\/it_IT\/wp-json\/wp\/v2\/users\/1"}],"replies":[{"embeddable":true,"href":"https:\/\/alertdiver.eu\/it_IT\/wp-json\/wp\/v2\/comments?post=11382376"}],"version-history":[{"count":0,"href":"https:\/\/alertdiver.eu\/it_IT\/wp-json\/wp\/v2\/posts\/11382376\/revisions"}],"wp:attachment":[{"href":"https:\/\/alertdiver.eu\/it_IT\/wp-json\/wp\/v2\/media?parent=11382376"}],"wp:term":[{"taxonomy":"category","embeddable":true,"href":"https:\/\/alertdiver.eu\/it_IT\/wp-json\/wp\/v2\/categories?post=11382376"},{"taxonomy":"post_tag","embeddable":true,"href":"https:\/\/alertdiver.eu\/it_IT\/wp-json\/wp\/v2\/tags?post=11382376"},{"taxonomy":"authors","embeddable":true,"href":"https:\/\/alertdiver.eu\/it_IT\/wp-json\/wp\/v2\/authors?post=11382376"}],"curies":[{"name":"wp","href":"https:\/\/api.w.org\/{rel}","templated":true}]}}