{"id":11382620,"date":"2017-06-13T00:00:00","date_gmt":"2017-06-12T22:00:00","guid":{"rendered":"https:\/\/alertdiver.eu\/non-categorizzato\/arte-in-profondita-intervista-a-jason-decaires-taylor\/"},"modified":"2023-12-12T11:53:29","modified_gmt":"2023-12-12T10:53:29","slug":"arte-in-profondita-intervista-a-jason-decaires-taylor","status":"publish","type":"post","link":"https:\/\/alertdiver.eu\/it_IT\/articoli\/arte-in-profondita-intervista-a-jason-decaires-taylor\/","title":{"rendered":"Arte in profondit\u00e0: intervista a Jason deCaires Taylor"},"content":{"rendered":"<p style=\"text-align: justify;\">Jason deCaires Taylor \u00e8 scultore, ambientalista e fotografo subacqueo professionista. Tra i suoi progetti\u00a0recenti\u00a0pi\u00f9 noti c&#8217;\u00e9 il\u00a0<a href=\"http:\/\/www.cactlanzarote.com\/en\/cact\/the-underwater-museum-lanzarote-museo-atlantico\/\" target=\"_blank\" rel=\"noopener\">Museo Atl\u00e1ntico<\/a>, una collezione di oltre 300 sculture sommerse a Lanzarote (Spagna), il primo del suo genere nelle acque europee. Alcune opere di Taylor sono esposte alla\u00a0<a href=\"http:\/\/www.labiennale.org\/it\/arte\/submission\/\" target=\"_blank\" rel=\"noopener\">Biennale di Venezia<\/a>\u00a0(57. Esposizione Internazionale d&#8217;Arte) fino al 26 novembre 2017. Come parte della campagna DAN\u00a0<a href=\"http:\/\/wwdi.daneurope.org\/\" target=\"_blank\" rel=\"noopener\"><strong>#WhyWeDoIt<\/strong><\/a>,\u00a0Alert Diver si \u00e8 immersa in questo magico mondo subacqueo.<\/p>\n<p style=\"text-align: justify;\"><span class=\"fr-video fr-dvb fr-draggable\" contenteditable=\"false\" draggable=\"true\"><iframe loading=\"lazy\" src=\"https:\/\/www.youtube.com\/embed\/52m5L1UxRAw\" width=\"100%\" height=\"360\" frameborder=\"0\" allowfullscreen=\"allowfullscreen\"><\/iframe><\/span><\/p>\n<h3>Come sei diventato uno scultore subacqueo?<\/h3>\n<p style=\"text-align: justify;\">Ho iniziato la mia formazione come scultore 20 anni fa a Londra, quando ero gi\u00e0 subacqueo. Dopo aver lasciato la scuola d&#8217;arte, ho fatto molti lavori diversi, incluso quello d&#8217;istruttore sub. Nel corso degli anni, ho iniziato a pensare di pi\u00f9 al mare come uno straordinario spazio creativo, e su come delle opere d&#8217;arte potevano diventare dei reef artificiali.<\/p>\n<p style=\"text-align: justify;\">Con questo in mente, dieci anni fa ho deciso di costruire un complesso scultoreo sommerso nei Caraibi. Sono partito con un piccolo progetto, in un&#8217;area che era stata piagata da un uragano. Con quel parco sommerso, ho voluto portare qualcosa di nuovo e attirare l&#8217;attenzione della gente sulle aree naturali pi\u00f9 fragili. Da allora ho realizzato circa 800 sculture subacquee.<\/p>\n<p style=\"text-align: justify;\"><img decoding=\"async\" class=\"fr-dib fr-draggable aligncenter\" style=\"width: auto;\" src=\"\/wp-content\/uploads\/imgimport\/918\/dsc6215-1500x.jpg\" \/><\/p>\n<h3>Come nasce la tua attrazione per l&#8217;oceano, e cosa significa per te?<\/h3>\n<p style=\"text-align: justify;\">Ho sempre vissuto vicino alla barriera corallina. Quando ero piccolo, i miei genitori spesso affittavano una barca nel weekend, cos\u00ec potevamo esplorare le isole incontaminate della Thailandia e della Malesia. Sono stato molto fortunato a poter vivere esperienze cos\u00ec speciali, che hanno lasciato un&#8217;impronta duratura nella mia mente e mi hanno spinto ad esplorare confini artistici e geografici.<\/p>\n<p style=\"text-align: justify;\">L&#8217;oceano \u00e8 questo incredibile spazio dove posso scollegarmi, un mondo silenzioso dove sono completamente solo nei miei pensieri. \u00c8 come attraversare una linea, migrare verso un altro mondo, un&#8217;altra realt\u00e0. Un posto davvero speciale.<\/p>\n<p style=\"text-align: justify;\"><img decoding=\"async\" class=\"fr-dib fr-draggable aligncenter\" style=\"width: auto;\" src=\"\/wp-content\/uploads\/imgimport\/918\/dan-jc-ka17-112-1500x.jpg\" \/><\/p>\n<h3>Qual \u00e8 il tuo obiettivo come artista?<\/h3>\n<p style=\"text-align: justify;\">Le mie opere non si limitano all&#8217;aspetto artistico e creativo, ma riguardano la protezione dell&#8217;ambiente marino. A livello pratico, creano dei veri e propri reef artificiali, offrendo a coralli e ad altri organismi marini una superficie alternativa dove vivere, ed habitat dove poter rifugiarsi.<\/p>\n<p style=\"text-align: justify;\">Ad un livello pi\u00f9 ampio, l&#8217;obiettivo \u00e8 quello di sensibilizzare le persone agli habitat pi\u00f9 fragili ed avvicinarle all&#8217;ambiente marino. \u00c8 un mondo nascosto, spesso dimenticato. Attraverso il mio lavoro, voglio attirare l&#8217;attenzione sulle molte questioni che riguardano i nostri oceani, evidenziando la loro incredibile bellezza e fragilit\u00e0.<\/p>\n<p><img decoding=\"async\" class=\"fr-dib fr-draggable aligncenter\" style=\"width: auto;\" src=\"\/wp-content\/uploads\/imgimport\/918\/dan-jc-ka17-106-1500x.jpg\" \/><\/p>\n<h4 style=\"text-align: center;\">\n<em>&#8220;L&#8217;oceano \u00e8 questo incredibile spazio dove posso scollegarmi, un mondo silenzioso dove sono completamente solo nei miei pensieri.&#8221;<\/em><\/h4>\n<p>&nbsp;<\/p>\n<p><em><img decoding=\"async\" class=\"fr-dib fr-draggable aligncenter\" style=\"width: auto;\" src=\"\/wp-content\/uploads\/imgimport\/918\/dan-jc-ka17-097-1500x.jpg\" \/><\/em><\/p>\n<h3>Perch\u00e9 \u00e8 importante lanciare l&#8217;allarme su come l&#8217;ambiente marino \u00e8 trascurato dall&#8217;uomo?<\/h3>\n<p style=\"text-align: justify;\">M&#8217;immergo da oltre 20 anni. Ho visto aree che erano un tempo incontaminate, barriere coralline magnifiche, piene di ogni sorta di vita. Spesso, quando ritorno in alcuni di questi stessi siti, li trovo completamente rovinati. Oggi le previsioni scientifiche sul futuro degli oceani sono estremamente pessimistiche. Sono molto preoccupato per questo. Vorrei tanto che i miei figli possano vivere quello che ho avuto modo di vivere io quando avevo la loro et\u00e0.<\/p>\n<p style=\"text-align: justify;\"><img decoding=\"async\" class=\"fr-dib fr-draggable aligncenter\" style=\"width: auto;\" src=\"\/wp-content\/uploads\/imgimport\/918\/dsc6059-1500x.jpg\" \/><\/p>\n<h3>L&#8217;arte ha un ruolo nel sensibilizzare al rispetto per il mare?<\/h3>\n<p style=\"text-align: justify;\">Penso che l&#8217;arte sia uno strumento chiave. Gli scienziati possono trasmettere fatti e informazioni ma, come tutti sappiamo, gli esseri umani sono creature molto impulsive ed emotive. Sento che l&#8217;arte ha la capacit\u00e0 di arrivare veramente alle persone, alla loro sensibilit\u00e0. Spero che attraverso questo tipo di connessione, le persone trovino le ragioni profonde per proteggere i nostri mari.<\/p>\n<h3 style=\"text-align: left;\">Raccontaci del tuo progetto a Lanzarote.<\/h3>\n<p style=\"text-align: justify;\">Il Museo Atl\u00e1ntico si trova a 400 metri dalla costa di Las Coloradas, a 12-14 metri di profondit\u00e0. Si compone di 12 installazioni, con 300 opere sparse all&#8217;interno delle diverse zone. I visitatori scendono nel museo con una guida addestrata e vengono accompagnati in un tour sequenziale di ogni esposizione, prima di uscire e tornare in barca.<\/p>\n<p style=\"text-align: justify;\">Avevo gi\u00e0 realizzato numerosi progetti in acque tropicali, soprattutto nei Caraibi, quindi stavolta ero interessato a lavorare in un ambiente diverso. Lanzarote \u00e8 speciale, perch\u00e9 ha una lunga storia di arte legata all&#8217;ambiente, con diverse installazioni terrestri che si relazionano strettamente con l&#8217;ambiente. Insomma, un luogo ideale per realizzare il mio nuovo progetto.<\/p>\n<p style=\"text-align: justify;\"><img decoding=\"async\" class=\"fr-dib fr-draggable aligncenter\" style=\"width: auto;\" src=\"\/wp-content\/uploads\/imgimport\/918\/dan-jc-ka17-145-1500x.jpg\" \/><\/p>\n<h3>Cosa hai provato quando il museo \u00e8 stato completato e le persone hanno iniziato a visitarlo?<\/h3>\n<p style=\"text-align: justify;\">E&#8217; stata un&#8217;impresa enorme: i permessi, le indagini, la raccolta fondi, la politica&#8230; Cos\u00ec tanti elementi per pianificare il progetto e lanciarlo, senza contare la realizzazione effettiva delle opere. Ora che \u00e8 finito, mi sento sollevato. Son contento di vedere sempre pi\u00f9 subacquei che vengono a visitarlo, e noto il loro continuo apprezzamento. Ma quello che ho amato di pi\u00f9 \u00e8 stato vedere il sito colonizzato dai pesci e dagli organismi marini, la sua naturale integrazione con l&#8217;ambiente.<\/p>\n<p style=\"text-align: justify;\"><img decoding=\"async\" class=\"fr-dib fr-draggable aligncenter\" style=\"width: auto;\" src=\"\/wp-content\/uploads\/imgimport\/918\/dan-jc-ka17-123-1500x.jpg\" \/><\/p>\n<p><img decoding=\"async\" class=\"fr-dib fr-draggable aligncenter\" style=\"width: auto;\" src=\"\/wp-content\/uploads\/imgimport\/918\/dan-jc-ka17-119-1500x.jpg\" \/><\/p>\n<h3>Sappiamo che stai lavorando ad altri progetti. Cosa ti spinge a continuare quest&#8217;opera?<\/h3>\n<p style=\"text-align: justify;\">Cerco sempre nuovi ambienti, nuovi concetti e modi diversi di parlare delle minacce che oggi\u00a0riguardano i nostri oceani. Questa \u00e8 la mia principale forza motrice, insieme alla voglia innata di affrontare le sfide e superarle.<\/p>\n<p><img decoding=\"async\" class=\"fr-dib fr-draggable aligncenter\" style=\"width: auto;\" src=\"\/wp-content\/uploads\/imgimport\/918\/dan-jc-ka17-117-1500x.jpg\" \/><\/p>\n<h3>Cosa vorresti trasmettere alle persone con le tue opere?<\/h3>\n<p style=\"text-align: justify;\">Tendiamo a dimenticare che noi stessi siamo parte naturale dell&#8217;ambiente. C&#8217;\u00e8 qualcosa di primordiale nell&#8217;essere ricoperti dalla vita marina e venire &#8220;riassorbiti&#8221; dal pianeta. Spero che le persone capiscano che siamo tanto dipendenti dall&#8217;ambiente, quanto l&#8217;ambiente dipende da noi. Purtroppo, questo rapporto non \u00e8 sempre cos\u00ec equilibrato.<\/p>\n<p style=\"text-align: justify;\">La mia opera mira a proiettare una visione diversa della nostra vita. Penso che incorporare concetti moderni in un ambiente cos\u00ec dinamico, come quello subacqueo, ci permetta di ritrarci per un momento dalla nostra vita, e di guardare noi stessi in un contesto diverso.<\/p>\n<div style=\"position: relative; height: 0px; padding-bottom: 56.25%;\"><iframe loading=\"lazy\" style=\"position: absolute; left: 0; top: 0; width: 100%; height: 100%;\" src=\"https:\/\/embed.ted.com\/talks\/jason_decaires_taylor_an_underwater_art_museum_teeming_with_life\" width=\"640\" height=\"360\" frameborder=\"0\" scrolling=\"no\" allowfullscreen=\"allowfullscreen\"><\/iframe><\/div>\n<h3>Nella tua conferenza al TED hai detto che dovremmo trattare l&#8217;oceano come un museo. Perch\u00e9?<\/h3>\n<p style=\"text-align: justify;\">Ho chiamato questi progetti &#8220;musei&#8221;, perch\u00e9 un museo ha un valore molto preciso. Quando mettiamo oggetti in un museo, tendiamo a considerarli preziosi, meritevoli di essere protetti ed apprezzati. Vorrei che la gente avesse lo stesso rapporto con il mare, un ambiente sommerso di incredibile ricchezza e bellezza, spesso dimenticato. Attribuendogli un valore simile a quello di un museo, spero che la relazione tra le persone ed il mare cambi, in modo che l&#8217;oceano non sia pi\u00f9 qualcosa che la gente teme, ma qualcosa da amare e rispettare.<\/p>\n<p style=\"text-align: justify;\"><img decoding=\"async\" class=\"fr-dib fr-draggable aligncenter\" style=\"width: auto;\" src=\"\/wp-content\/uploads\/imgimport\/918\/dan-jc-ka17-142-1500x.jpg\" \/><\/p>\n<h3>Quanto \u00e8 importante la sicurezza nell&#8217;esplorazione del mondo subacqueo?<\/h3>\n<p style=\"text-align: justify;\">E&#8217; una considerazione vitale in tutti i miei progetti. Sono molto fortunato a poter decidere dove voglio installare le mie opere, cosi scelgo luoghi molto sicuri, di facile accesso e situati ad una profondit\u00e0 ragionevole. Questo mi permette di incoraggiare sempre pi\u00f9 persone e nuovi subacquei ad esplorare il mondo sommerso, e a farlo in un ambiente molto controllato.<\/p>\n<p style=\"text-align: justify;\">In molti dei miei musei subacquei ci sono boe di discesa e di risalita, guardiani che controllano il sito e guide sub appositamente formate per godere del tour in tutta sicurezza.<\/p>\n<p style=\"text-align: justify;\"><img decoding=\"async\" class=\"fr-dib fr-draggable aligncenter\" style=\"width: auto;\" src=\"\/wp-content\/uploads\/imgimport\/918\/dsc6083-1500x.jpg\" \/><\/p>\n<h3>Che supporto ricevi dal DAN, sia come artista che come subacqueo?<\/h3>\n<p style=\"text-align: justify;\">Lavorare in un ambiente marino ha sempre i suoi pericoli, e la mia insolita carriera di scultore subacqueo non fa eccezione. DAN mi garantisce sicurezza in ogni momento: poter contare su qualcuno in caso di emergenza \u00e8 di inestimabile valore.<\/p>\n","protected":false},"excerpt":{"rendered":"<p>Jason deCaires Taylor \u00e8 scultore, ambientalista e fotografo subacqueo professionista. Tra i suoi progetti\u00a0recenti\u00a0pi\u00f9 noti c&#8217;\u00e9 il\u00a0Museo Atl\u00e1ntico, una collezione di oltre 300 sculture sommerse&#8230;<\/p>\n","protected":false},"author":1,"featured_media":11375989,"comment_status":"closed","ping_status":"closed","sticky":false,"template":"","format":"standard","meta":{"_acf_changed":false,"footnotes":""},"categories":[382],"tags":[1823],"authors":[573],"class_list":["post-11382620","post","type-post","status-publish","format-standard","has-post-thumbnail","hentry","category-articoli","tag-iscritti-dan-deccezione","authors-dan-staff-it_it"],"acf":[],"yoast_head":"<!-- This site is optimized with the Yoast SEO plugin v24.2 - https:\/\/yoast.com\/wordpress\/plugins\/seo\/ -->\n<title>Arte in profondit\u00e0: intervista a Jason deCaires Taylor - Alert Diver<\/title>\n<meta name=\"robots\" content=\"index, follow, max-snippet:-1, max-image-preview:large, max-video-preview:-1\" \/>\n<link rel=\"canonical\" href=\"https:\/\/alertdiver.eu\/it_IT\/articoli\/arte-in-profondita-intervista-a-jason-decaires-taylor\/\" \/>\n<meta property=\"og:locale\" content=\"it_IT\" \/>\n<meta property=\"og:type\" content=\"article\" \/>\n<meta property=\"og:title\" content=\"Arte in profondit\u00e0: intervista a Jason deCaires Taylor - Alert Diver\" \/>\n<meta property=\"og:description\" content=\"Jason deCaires Taylor \u00e8 scultore, ambientalista e fotografo subacqueo professionista. Tra i suoi progetti\u00a0recenti\u00a0pi\u00f9 noti c&#8217;\u00e9 il\u00a0Museo Atl\u00e1ntico, una collezione di oltre 300 sculture sommerse...\" \/>\n<meta property=\"og:url\" content=\"https:\/\/alertdiver.eu\/it_IT\/articoli\/arte-in-profondita-intervista-a-jason-decaires-taylor\/\" \/>\n<meta property=\"og:site_name\" content=\"Alert Diver\" \/>\n<meta property=\"article:published_time\" content=\"2017-06-12T22:00:00+00:00\" \/>\n<meta property=\"article:modified_time\" content=\"2023-12-12T10:53:29+00:00\" \/>\n<meta property=\"og:image\" content=\"https:\/\/alertdiver.eu\/wp-content\/uploads\/2023\/06\/jason-decaires-taylor-bannerweb-250x1120-spec.jpg\" \/>\n\t<meta property=\"og:image:width\" content=\"2560\" \/>\n\t<meta property=\"og:image:height\" content=\"1120\" \/>\n\t<meta property=\"og:image:type\" content=\"image\/jpeg\" \/>\n<meta name=\"author\" content=\"microfilla\" \/>\n<meta name=\"twitter:card\" content=\"summary_large_image\" \/>\n<meta name=\"twitter:label1\" content=\"Scritto da\" \/>\n\t<meta name=\"twitter:data1\" content=\"microfilla\" \/>\n\t<meta name=\"twitter:label2\" content=\"Tempo di lettura stimato\" \/>\n\t<meta name=\"twitter:data2\" content=\"8 minuti\" \/>\n<script type=\"application\/ld+json\" class=\"yoast-schema-graph\">{\"@context\":\"https:\/\/schema.org\",\"@graph\":[{\"@type\":\"Article\",\"@id\":\"https:\/\/alertdiver.eu\/it_IT\/articoli\/arte-in-profondita-intervista-a-jason-decaires-taylor\/#article\",\"isPartOf\":{\"@id\":\"https:\/\/alertdiver.eu\/it_IT\/articoli\/arte-in-profondita-intervista-a-jason-decaires-taylor\/\"},\"author\":{\"name\":\"microfilla\",\"@id\":\"https:\/\/alertdiver.eu\/it_IT\/#\/schema\/person\/9ba7cb3f05522d75bf215ab2cf40b01b\"},\"headline\":\"Arte in profondit\u00e0: intervista a Jason deCaires Taylor\",\"datePublished\":\"2017-06-12T22:00:00+00:00\",\"dateModified\":\"2023-12-12T10:53:29+00:00\",\"mainEntityOfPage\":{\"@id\":\"https:\/\/alertdiver.eu\/it_IT\/articoli\/arte-in-profondita-intervista-a-jason-decaires-taylor\/\"},\"wordCount\":1205,\"publisher\":{\"@id\":\"https:\/\/alertdiver.eu\/it_IT\/#organization\"},\"image\":{\"@id\":\"https:\/\/alertdiver.eu\/it_IT\/articoli\/arte-in-profondita-intervista-a-jason-decaires-taylor\/#primaryimage\"},\"thumbnailUrl\":\"https:\/\/alertdiver.eu\/wp-content\/uploads\/2023\/06\/jason-decaires-taylor-bannerweb-250x1120-spec.jpg\",\"keywords\":[\"Iscritti DAN d&#039;eccezione\"],\"articleSection\":[\"Articoli\"],\"inLanguage\":\"it-IT\"},{\"@type\":\"WebPage\",\"@id\":\"https:\/\/alertdiver.eu\/it_IT\/articoli\/arte-in-profondita-intervista-a-jason-decaires-taylor\/\",\"url\":\"https:\/\/alertdiver.eu\/it_IT\/articoli\/arte-in-profondita-intervista-a-jason-decaires-taylor\/\",\"name\":\"Arte in profondit\u00e0: intervista a Jason deCaires Taylor - Alert Diver\",\"isPartOf\":{\"@id\":\"https:\/\/alertdiver.eu\/it_IT\/#website\"},\"primaryImageOfPage\":{\"@id\":\"https:\/\/alertdiver.eu\/it_IT\/articoli\/arte-in-profondita-intervista-a-jason-decaires-taylor\/#primaryimage\"},\"image\":{\"@id\":\"https:\/\/alertdiver.eu\/it_IT\/articoli\/arte-in-profondita-intervista-a-jason-decaires-taylor\/#primaryimage\"},\"thumbnailUrl\":\"https:\/\/alertdiver.eu\/wp-content\/uploads\/2023\/06\/jason-decaires-taylor-bannerweb-250x1120-spec.jpg\",\"datePublished\":\"2017-06-12T22:00:00+00:00\",\"dateModified\":\"2023-12-12T10:53:29+00:00\",\"breadcrumb\":{\"@id\":\"https:\/\/alertdiver.eu\/it_IT\/articoli\/arte-in-profondita-intervista-a-jason-decaires-taylor\/#breadcrumb\"},\"inLanguage\":\"it-IT\",\"potentialAction\":[{\"@type\":\"ReadAction\",\"target\":[\"https:\/\/alertdiver.eu\/it_IT\/articoli\/arte-in-profondita-intervista-a-jason-decaires-taylor\/\"]}]},{\"@type\":\"ImageObject\",\"inLanguage\":\"it-IT\",\"@id\":\"https:\/\/alertdiver.eu\/it_IT\/articoli\/arte-in-profondita-intervista-a-jason-decaires-taylor\/#primaryimage\",\"url\":\"https:\/\/alertdiver.eu\/wp-content\/uploads\/2023\/06\/jason-decaires-taylor-bannerweb-250x1120-spec.jpg\",\"contentUrl\":\"https:\/\/alertdiver.eu\/wp-content\/uploads\/2023\/06\/jason-decaires-taylor-bannerweb-250x1120-spec.jpg\",\"width\":2560,\"height\":1120},{\"@type\":\"BreadcrumbList\",\"@id\":\"https:\/\/alertdiver.eu\/it_IT\/articoli\/arte-in-profondita-intervista-a-jason-decaires-taylor\/#breadcrumb\",\"itemListElement\":[{\"@type\":\"ListItem\",\"position\":1,\"name\":\"Home\",\"item\":\"https:\/\/alertdiver.eu\/it_IT\/\"},{\"@type\":\"ListItem\",\"position\":2,\"name\":\"Arte in profondit\u00e0: intervista a Jason deCaires Taylor\"}]},{\"@type\":\"WebSite\",\"@id\":\"https:\/\/alertdiver.eu\/it_IT\/#website\",\"url\":\"https:\/\/alertdiver.eu\/it_IT\/\",\"name\":\"Alert Diver Europe\",\"description\":\"Access, discover and share the latest diving safety content from DAN Europe.\",\"publisher\":{\"@id\":\"https:\/\/alertdiver.eu\/it_IT\/#organization\"},\"potentialAction\":[{\"@type\":\"SearchAction\",\"target\":{\"@type\":\"EntryPoint\",\"urlTemplate\":\"https:\/\/alertdiver.eu\/it_IT\/?s={search_term_string}\"},\"query-input\":{\"@type\":\"PropertyValueSpecification\",\"valueRequired\":true,\"valueName\":\"search_term_string\"}}],\"inLanguage\":\"it-IT\"},{\"@type\":\"Organization\",\"@id\":\"https:\/\/alertdiver.eu\/it_IT\/#organization\",\"name\":\"Alert Diver Europe\",\"url\":\"https:\/\/alertdiver.eu\/it_IT\/\",\"logo\":{\"@type\":\"ImageObject\",\"inLanguage\":\"it-IT\",\"@id\":\"https:\/\/alertdiver.eu\/it_IT\/#\/schema\/logo\/image\/\",\"url\":\"https:\/\/alertdiver.eu\/wp-content\/uploads\/2023\/02\/cropped-favicon.png\",\"contentUrl\":\"https:\/\/alertdiver.eu\/wp-content\/uploads\/2023\/02\/cropped-favicon.png\",\"width\":512,\"height\":512,\"caption\":\"Alert Diver Europe\"},\"image\":{\"@id\":\"https:\/\/alertdiver.eu\/it_IT\/#\/schema\/logo\/image\/\"}},{\"@type\":\"Person\",\"@id\":\"https:\/\/alertdiver.eu\/it_IT\/#\/schema\/person\/9ba7cb3f05522d75bf215ab2cf40b01b\",\"name\":\"microfilla\",\"image\":{\"@type\":\"ImageObject\",\"inLanguage\":\"it-IT\",\"@id\":\"https:\/\/alertdiver.eu\/it_IT\/#\/schema\/person\/image\/\",\"url\":\"https:\/\/secure.gravatar.com\/avatar\/09f39449f14df8c3ad651888221bb907?s=96&d=mm&r=g\",\"contentUrl\":\"https:\/\/secure.gravatar.com\/avatar\/09f39449f14df8c3ad651888221bb907?s=96&d=mm&r=g\",\"caption\":\"microfilla\"},\"sameAs\":[\"https:\/\/microfilla.com\"],\"url\":\"https:\/\/alertdiver.eu\/it_IT\/author\/microfilla\/\"}]}<\/script>\n<!-- \/ Yoast SEO plugin. -->","yoast_head_json":{"title":"Arte in profondit\u00e0: intervista a Jason deCaires Taylor - Alert Diver","robots":{"index":"index","follow":"follow","max-snippet":"max-snippet:-1","max-image-preview":"max-image-preview:large","max-video-preview":"max-video-preview:-1"},"canonical":"https:\/\/alertdiver.eu\/it_IT\/articoli\/arte-in-profondita-intervista-a-jason-decaires-taylor\/","og_locale":"it_IT","og_type":"article","og_title":"Arte in profondit\u00e0: intervista a Jason deCaires Taylor - Alert Diver","og_description":"Jason deCaires Taylor \u00e8 scultore, ambientalista e fotografo subacqueo professionista. Tra i suoi progetti\u00a0recenti\u00a0pi\u00f9 noti c&#8217;\u00e9 il\u00a0Museo Atl\u00e1ntico, una collezione di oltre 300 sculture sommerse...","og_url":"https:\/\/alertdiver.eu\/it_IT\/articoli\/arte-in-profondita-intervista-a-jason-decaires-taylor\/","og_site_name":"Alert Diver","article_published_time":"2017-06-12T22:00:00+00:00","article_modified_time":"2023-12-12T10:53:29+00:00","og_image":[{"width":2560,"height":1120,"url":"https:\/\/alertdiver.eu\/wp-content\/uploads\/2023\/06\/jason-decaires-taylor-bannerweb-250x1120-spec.jpg","type":"image\/jpeg"}],"author":"microfilla","twitter_card":"summary_large_image","twitter_misc":{"Scritto da":"microfilla","Tempo di lettura stimato":"8 minuti"},"schema":{"@context":"https:\/\/schema.org","@graph":[{"@type":"Article","@id":"https:\/\/alertdiver.eu\/it_IT\/articoli\/arte-in-profondita-intervista-a-jason-decaires-taylor\/#article","isPartOf":{"@id":"https:\/\/alertdiver.eu\/it_IT\/articoli\/arte-in-profondita-intervista-a-jason-decaires-taylor\/"},"author":{"name":"microfilla","@id":"https:\/\/alertdiver.eu\/it_IT\/#\/schema\/person\/9ba7cb3f05522d75bf215ab2cf40b01b"},"headline":"Arte in profondit\u00e0: intervista a Jason deCaires Taylor","datePublished":"2017-06-12T22:00:00+00:00","dateModified":"2023-12-12T10:53:29+00:00","mainEntityOfPage":{"@id":"https:\/\/alertdiver.eu\/it_IT\/articoli\/arte-in-profondita-intervista-a-jason-decaires-taylor\/"},"wordCount":1205,"publisher":{"@id":"https:\/\/alertdiver.eu\/it_IT\/#organization"},"image":{"@id":"https:\/\/alertdiver.eu\/it_IT\/articoli\/arte-in-profondita-intervista-a-jason-decaires-taylor\/#primaryimage"},"thumbnailUrl":"https:\/\/alertdiver.eu\/wp-content\/uploads\/2023\/06\/jason-decaires-taylor-bannerweb-250x1120-spec.jpg","keywords":["Iscritti DAN d&#039;eccezione"],"articleSection":["Articoli"],"inLanguage":"it-IT"},{"@type":"WebPage","@id":"https:\/\/alertdiver.eu\/it_IT\/articoli\/arte-in-profondita-intervista-a-jason-decaires-taylor\/","url":"https:\/\/alertdiver.eu\/it_IT\/articoli\/arte-in-profondita-intervista-a-jason-decaires-taylor\/","name":"Arte in profondit\u00e0: intervista a Jason deCaires Taylor - Alert Diver","isPartOf":{"@id":"https:\/\/alertdiver.eu\/it_IT\/#website"},"primaryImageOfPage":{"@id":"https:\/\/alertdiver.eu\/it_IT\/articoli\/arte-in-profondita-intervista-a-jason-decaires-taylor\/#primaryimage"},"image":{"@id":"https:\/\/alertdiver.eu\/it_IT\/articoli\/arte-in-profondita-intervista-a-jason-decaires-taylor\/#primaryimage"},"thumbnailUrl":"https:\/\/alertdiver.eu\/wp-content\/uploads\/2023\/06\/jason-decaires-taylor-bannerweb-250x1120-spec.jpg","datePublished":"2017-06-12T22:00:00+00:00","dateModified":"2023-12-12T10:53:29+00:00","breadcrumb":{"@id":"https:\/\/alertdiver.eu\/it_IT\/articoli\/arte-in-profondita-intervista-a-jason-decaires-taylor\/#breadcrumb"},"inLanguage":"it-IT","potentialAction":[{"@type":"ReadAction","target":["https:\/\/alertdiver.eu\/it_IT\/articoli\/arte-in-profondita-intervista-a-jason-decaires-taylor\/"]}]},{"@type":"ImageObject","inLanguage":"it-IT","@id":"https:\/\/alertdiver.eu\/it_IT\/articoli\/arte-in-profondita-intervista-a-jason-decaires-taylor\/#primaryimage","url":"https:\/\/alertdiver.eu\/wp-content\/uploads\/2023\/06\/jason-decaires-taylor-bannerweb-250x1120-spec.jpg","contentUrl":"https:\/\/alertdiver.eu\/wp-content\/uploads\/2023\/06\/jason-decaires-taylor-bannerweb-250x1120-spec.jpg","width":2560,"height":1120},{"@type":"BreadcrumbList","@id":"https:\/\/alertdiver.eu\/it_IT\/articoli\/arte-in-profondita-intervista-a-jason-decaires-taylor\/#breadcrumb","itemListElement":[{"@type":"ListItem","position":1,"name":"Home","item":"https:\/\/alertdiver.eu\/it_IT\/"},{"@type":"ListItem","position":2,"name":"Arte in profondit\u00e0: intervista a Jason deCaires Taylor"}]},{"@type":"WebSite","@id":"https:\/\/alertdiver.eu\/it_IT\/#website","url":"https:\/\/alertdiver.eu\/it_IT\/","name":"Alert Diver Europe","description":"Access, discover and share the latest diving safety content from DAN Europe.","publisher":{"@id":"https:\/\/alertdiver.eu\/it_IT\/#organization"},"potentialAction":[{"@type":"SearchAction","target":{"@type":"EntryPoint","urlTemplate":"https:\/\/alertdiver.eu\/it_IT\/?s={search_term_string}"},"query-input":{"@type":"PropertyValueSpecification","valueRequired":true,"valueName":"search_term_string"}}],"inLanguage":"it-IT"},{"@type":"Organization","@id":"https:\/\/alertdiver.eu\/it_IT\/#organization","name":"Alert Diver Europe","url":"https:\/\/alertdiver.eu\/it_IT\/","logo":{"@type":"ImageObject","inLanguage":"it-IT","@id":"https:\/\/alertdiver.eu\/it_IT\/#\/schema\/logo\/image\/","url":"https:\/\/alertdiver.eu\/wp-content\/uploads\/2023\/02\/cropped-favicon.png","contentUrl":"https:\/\/alertdiver.eu\/wp-content\/uploads\/2023\/02\/cropped-favicon.png","width":512,"height":512,"caption":"Alert Diver Europe"},"image":{"@id":"https:\/\/alertdiver.eu\/it_IT\/#\/schema\/logo\/image\/"}},{"@type":"Person","@id":"https:\/\/alertdiver.eu\/it_IT\/#\/schema\/person\/9ba7cb3f05522d75bf215ab2cf40b01b","name":"microfilla","image":{"@type":"ImageObject","inLanguage":"it-IT","@id":"https:\/\/alertdiver.eu\/it_IT\/#\/schema\/person\/image\/","url":"https:\/\/secure.gravatar.com\/avatar\/09f39449f14df8c3ad651888221bb907?s=96&d=mm&r=g","contentUrl":"https:\/\/secure.gravatar.com\/avatar\/09f39449f14df8c3ad651888221bb907?s=96&d=mm&r=g","caption":"microfilla"},"sameAs":["https:\/\/microfilla.com"],"url":"https:\/\/alertdiver.eu\/it_IT\/author\/microfilla\/"}]}},"_links":{"self":[{"href":"https:\/\/alertdiver.eu\/it_IT\/wp-json\/wp\/v2\/posts\/11382620","targetHints":{"allow":["GET"]}}],"collection":[{"href":"https:\/\/alertdiver.eu\/it_IT\/wp-json\/wp\/v2\/posts"}],"about":[{"href":"https:\/\/alertdiver.eu\/it_IT\/wp-json\/wp\/v2\/types\/post"}],"author":[{"embeddable":true,"href":"https:\/\/alertdiver.eu\/it_IT\/wp-json\/wp\/v2\/users\/1"}],"replies":[{"embeddable":true,"href":"https:\/\/alertdiver.eu\/it_IT\/wp-json\/wp\/v2\/comments?post=11382620"}],"version-history":[{"count":1,"href":"https:\/\/alertdiver.eu\/it_IT\/wp-json\/wp\/v2\/posts\/11382620\/revisions"}],"predecessor-version":[{"id":11388765,"href":"https:\/\/alertdiver.eu\/it_IT\/wp-json\/wp\/v2\/posts\/11382620\/revisions\/11388765"}],"wp:featuredmedia":[{"embeddable":true,"href":"https:\/\/alertdiver.eu\/it_IT\/wp-json\/wp\/v2\/media\/11375989"}],"wp:attachment":[{"href":"https:\/\/alertdiver.eu\/it_IT\/wp-json\/wp\/v2\/media?parent=11382620"}],"wp:term":[{"taxonomy":"category","embeddable":true,"href":"https:\/\/alertdiver.eu\/it_IT\/wp-json\/wp\/v2\/categories?post=11382620"},{"taxonomy":"post_tag","embeddable":true,"href":"https:\/\/alertdiver.eu\/it_IT\/wp-json\/wp\/v2\/tags?post=11382620"},{"taxonomy":"authors","embeddable":true,"href":"https:\/\/alertdiver.eu\/it_IT\/wp-json\/wp\/v2\/authors?post=11382620"}],"curies":[{"name":"wp","href":"https:\/\/api.w.org\/{rel}","templated":true}]}}